{"id":3586,"date":"2011-12-15T13:37:05","date_gmt":"2011-12-15T12:37:05","guid":{"rendered":"http:\/\/www.susannavaris.com\/blogg\/?p=3586"},"modified":"2011-12-15T13:37:05","modified_gmt":"2011-12-15T12:37:05","slug":"intolerans-i-indonesien","status":"publish","type":"post","link":"http:\/\/www.susannavaris.com\/blogg\/2011\/12\/intolerans-i-indonesien\/","title":{"rendered":"Intolerans i Indonesien"},"content":{"rendered":"<p>I dagens Metro p\u00e5 n\u00e4tet \u00e5terfinns f\u00f6ljande artikel:<\/p>\n<p><em>&#8221;Indonesisk polis har gripit 64 punkare som h\u00f6ll en v\u00e4lg\u00f6renhetskonsert i provinsen Aceh den g\u00e5ngna helgen. Deras enda brott ska vara att de \u00e4r just punkare. Polisen s\u00e4ger att de ska l\u00e4ra dem en l\u00e4xa. Polischefen Iskandar Hasan s\u00e4ger att datumet f\u00f6r deras frisl\u00e4ppande &#8221;beror p\u00e5 provinsens budget&#8221;.<\/em><\/p>\n<p><em>\u2013 Vi arbetar h\u00e5rt med att f\u00e5 dem frigivna eftersom de inte har brutit mot n\u00e5gon lag, s\u00e4ger Hospinovizal Sabri fr\u00e5n en lokal m\u00e4nniskor\u00e4ttsorganisation till tidningen Jakarta Globe.<\/em><\/p>\n<p><em>F\u00f6rst rakades punkarnas h\u00e5r av, sedan sl\u00e4ngdes de i vattnet.<\/em><br \/>\n<em>\u2013 Vi kommer att byta deras \u00e4ckliga kl\u00e4der. Vi kommer att ers\u00e4tta dem med fina kl\u00e4der. Vi kommer att ge dem tandborstar, tandkr\u00e4m, schampo, sandaler och b\u00f6neutrustning, s\u00e4ger polischefen Iskandar Hasan till The Jakarta Globe.&#8221;<\/em><\/p>\n<p><a href=\"http:\/\/www.susannavaris.com\/blogg\/wp-content\/uploads\/2011\/12\/indopunk-01.jpeg\"><img loading=\"lazy\" decoding=\"async\" class=\"aligncenter size-full wp-image-3587\" title=\"indopunk-01\" src=\"http:\/\/www.susannavaris.com\/blogg\/wp-content\/uploads\/2011\/12\/indopunk-01.jpeg\" alt=\"\" width=\"567\" height=\"384\" srcset=\"http:\/\/www.susannavaris.com\/blogg\/wp-content\/uploads\/2011\/12\/indopunk-01.jpeg 567w, http:\/\/www.susannavaris.com\/blogg\/wp-content\/uploads\/2011\/12\/indopunk-01-300x203.jpg 300w\" sizes=\"auto, (max-width: 567px) 100vw, 567px\" \/><\/a><\/p>\n<p><a href=\"http:\/\/www.susannavaris.com\/blogg\/wp-content\/uploads\/2011\/12\/indopunk-03.jpeg\"><img loading=\"lazy\" decoding=\"async\" class=\"aligncenter size-full wp-image-3588\" title=\"indopunk-03\" src=\"http:\/\/www.susannavaris.com\/blogg\/wp-content\/uploads\/2011\/12\/indopunk-03.jpeg\" alt=\"\" width=\"567\" height=\"358\" srcset=\"http:\/\/www.susannavaris.com\/blogg\/wp-content\/uploads\/2011\/12\/indopunk-03.jpeg 567w, http:\/\/www.susannavaris.com\/blogg\/wp-content\/uploads\/2011\/12\/indopunk-03-300x189.jpg 300w\" sizes=\"auto, (max-width: 567px) 100vw, 567px\" \/><\/a><\/p>\n<p><a href=\"http:\/\/www.susannavaris.com\/blogg\/wp-content\/uploads\/2011\/12\/indopunk-04.jpeg\"><img loading=\"lazy\" decoding=\"async\" class=\"aligncenter size-full wp-image-3589\" title=\"indopunk-04\" src=\"http:\/\/www.susannavaris.com\/blogg\/wp-content\/uploads\/2011\/12\/indopunk-04.jpeg\" alt=\"\" width=\"567\" height=\"751\" srcset=\"http:\/\/www.susannavaris.com\/blogg\/wp-content\/uploads\/2011\/12\/indopunk-04.jpeg 567w, http:\/\/www.susannavaris.com\/blogg\/wp-content\/uploads\/2011\/12\/indopunk-04-226x300.jpg 226w\" sizes=\"auto, (max-width: 567px) 100vw, 567px\" \/><\/a><\/p>\n<p><a href=\"http:\/\/www.susannavaris.com\/blogg\/wp-content\/uploads\/2011\/12\/indopunk-05.jpeg\"><img loading=\"lazy\" decoding=\"async\" class=\"aligncenter size-full wp-image-3590\" title=\"indopunk-05\" src=\"http:\/\/www.susannavaris.com\/blogg\/wp-content\/uploads\/2011\/12\/indopunk-05.jpeg\" alt=\"\" width=\"567\" height=\"378\" srcset=\"http:\/\/www.susannavaris.com\/blogg\/wp-content\/uploads\/2011\/12\/indopunk-05.jpeg 567w, http:\/\/www.susannavaris.com\/blogg\/wp-content\/uploads\/2011\/12\/indopunk-05-300x200.jpg 300w\" sizes=\"auto, (max-width: 567px) 100vw, 567px\" \/><\/a><\/p>\n<p style=\"text-align: center;\"><a href=\"http:\/\/www.susannavaris.com\/blogg\/wp-content\/uploads\/2011\/12\/indopunk-06.jpeg\"><img loading=\"lazy\" decoding=\"async\" class=\"aligncenter size-full wp-image-3591\" title=\"indopunk-06\" src=\"http:\/\/www.susannavaris.com\/blogg\/wp-content\/uploads\/2011\/12\/indopunk-06.jpeg\" alt=\"\" width=\"567\" height=\"328\" srcset=\"http:\/\/www.susannavaris.com\/blogg\/wp-content\/uploads\/2011\/12\/indopunk-06.jpeg 567w, http:\/\/www.susannavaris.com\/blogg\/wp-content\/uploads\/2011\/12\/indopunk-06-300x173.jpg 300w\" sizes=\"auto, (max-width: 567px) 100vw, 567px\" \/><\/a>\u00a0<em>Foton: Scanpix<\/em><\/p>\n<p style=\"text-align: left;\">Intoleransen firar nya triumfer varje dag. Ofta \u00e4r det just f\u00f6retr\u00e4dare f\u00f6r de olika k\u00e4rleksbudskapen, religionerna, som g\u00e5r i spetsen f\u00f6r intoleransen och h\u00e4r i Indonesien-fallet delar man mycket riktigt ut b\u00f6neutrustning till de &#8221;renade&#8221; punkarna. R\u00e4ttigheter och friheter som vi i v\u00e5r del av v\u00e4rlden tar f\u00f6r givna \u00e4r p\u00e5 andra h\u00e5ll enbart en utopi. Och jo tack, jag vet att det finns v\u00e4rre brott mot de m\u00e4nskliga r\u00e4ttigheterna, men att inte ens f\u00e5 kl\u00e4 sig som man vill eller lyssna p\u00e5 den musik man vill \u00e4r en sorts mental f\u00e4ngelse och \u00e4ven \u00e5siktsf\u00f6rtryck. Bilderna p\u00e5 tv\u00e5ngsrakning f\u00f6r dessutom tankarna till andra, mycket v\u00e4rre, tillf\u00e4llen i historien. Men det b\u00f6rjar h\u00e4r, med intolerans mot olikhet och olikt\u00e4nkande och en maktdemonstration med en rituell avidentifiering\/dehumanisering.<\/p>\n<p style=\"text-align: left;\">Jag kommer att t\u00e4nka p\u00e5 ett tillf\u00e4lle fr\u00e5n 80-talet. Min b\u00e4stis Pia och jag hade varit p\u00e5 \u00d6verskottsbolaget i Solna f\u00f6r att inhandla kl\u00e4der som skulle passa v\u00e5r punkiga stil. Vi hade b\u00e5da h\u00f6ga tuppkammar p\u00e5 den tiden och satt p\u00e5 pendelt\u00e5get i godan ro. Fram kommer ett g\u00e4ng medel\u00e5lders personer med frireligi\u00f6st utseende. De s\u00e4tter sig bredvid oss och b\u00f6rjar l\u00e4gga ut texten om att &#8221;Ni beh\u00f6ver inte se ut p\u00e5 det h\u00e4r s\u00e4ttet, Jesus kan tv\u00e4tta ert h\u00e5r&#8230;&#8221; Jag sade n\u00e5got om att &#8221;Nej tack, vi har schampo hemma&#8230;&#8221; Envetet predikade damen p\u00e5 om att vi stackars flickor inte alls beh\u00f6vde uts\u00e4tta oss f\u00f6r detta l\u00e4ngre, Jesus var r\u00e4ddningen. Jag vill minnas att jag mumlade n\u00e5got om att Jesus inte beh\u00f6vde g\u00f6ra sig besv\u00e4ret, jag klarade nog av att tv\u00e4tta mitt h\u00e5r sj\u00e4lv.<\/p>\n<p style=\"text-align: left;\">Att vara punkare blev i f\u00f6rbifarten ett socialt experiment. Pia och jag gjorde till v\u00e5r viktigaste uppgift att sk\u00f6ta skolan (vi gick p\u00e5 4-\u00e5rig teknisk linje), vi var aldrig ute och drack eller hittade p\u00e5 andra galenskaper. Vi gick p\u00e5 konserter, \u00e5kte till Ultra-huset, umgicks med andra likasinnade, men vi var riktigt sk\u00f6tsamma. Vi kl\u00e4dde oss dock som f\u00e5gelskr\u00e4mmor och det var alltid lika fascinerande att uppleva att fullkomliga fr\u00e4mlingar tog sig r\u00e4tten att kommentera oss, ber\u00e4tta f\u00f6r oss hur hemska\/f\u00f6rskr\u00e4ckliga vi var och vad vi borde g\u00f6ra, hur vi borde vara och hur vi borde se ut. &#8221;Ni som \u00e4r s\u00e5 s\u00f6ta, varf\u00f6r sp\u00f6kar ni ut er s\u00e5 d\u00e4r?&#8221; Jag ville inte vara s\u00f6t, reduceras till n\u00e5gon som \u00e4r sn\u00e4ll (vilket jag ju i och f\u00f6r sig var) och s\u00f6t. Harml\u00f6s och ofarlig. M\u00e4nniskor hade sin historia klar om oss s\u00e5 fort de s\u00e5g oss. Det var en mycket nyttig erfarenhet i den m\u00e4nskliga intoleransen.<\/p>\n<p style=\"text-align: left;\">Inte j\u00e4mf\u00f6rbart p\u00e5 n\u00e5got vis, eftersom punkarna i Indonesien uts\u00e4tts f\u00f6r ett \u00f6vergrepp, men en liten parallell h\u00e4ndelse p\u00e5 olika religioners representanters iver att f\u00f6sa in m\u00e4nniskor i sitt eget h\u00e4gn.<\/p>\n<p style=\"text-align: left;\">\n","protected":false},"excerpt":{"rendered":"<p>I dagens Metro p\u00e5 n\u00e4tet \u00e5terfinns f\u00f6ljande artikel: &#8221;Indonesisk polis har gripit 64 punkare som h\u00f6ll en v\u00e4lg\u00f6renhetskonsert i provinsen Aceh den g\u00e5ngna helgen. Deras enda brott ska vara att de \u00e4r just punkare. Polisen s\u00e4ger att de ska l\u00e4ra &hellip; <a href=\"http:\/\/www.susannavaris.com\/blogg\/2011\/12\/intolerans-i-indonesien\/\">Forts\u00e4tt l\u00e4sa <span class=\"meta-nav\">&rarr;<\/span><\/a><\/p>\n","protected":false},"author":1,"featured_media":0,"comment_status":"open","ping_status":"open","sticky":false,"template":"","format":"standard","meta":{"footnotes":""},"categories":[994,1,590,303],"tags":[1049,1051,1050,171,4904],"class_list":["post-3586","post","type-post","status-publish","format-standard","hentry","category-musik","category-okategoriserade","category-politik","category-religion","tag-indonesien","tag-intolerans","tag-metro","tag-punk","tag-religion"],"_links":{"self":[{"href":"http:\/\/www.susannavaris.com\/blogg\/wp-json\/wp\/v2\/posts\/3586","targetHints":{"allow":["GET"]}}],"collection":[{"href":"http:\/\/www.susannavaris.com\/blogg\/wp-json\/wp\/v2\/posts"}],"about":[{"href":"http:\/\/www.susannavaris.com\/blogg\/wp-json\/wp\/v2\/types\/post"}],"author":[{"embeddable":true,"href":"http:\/\/www.susannavaris.com\/blogg\/wp-json\/wp\/v2\/users\/1"}],"replies":[{"embeddable":true,"href":"http:\/\/www.susannavaris.com\/blogg\/wp-json\/wp\/v2\/comments?post=3586"}],"version-history":[{"count":3,"href":"http:\/\/www.susannavaris.com\/blogg\/wp-json\/wp\/v2\/posts\/3586\/revisions"}],"predecessor-version":[{"id":3594,"href":"http:\/\/www.susannavaris.com\/blogg\/wp-json\/wp\/v2\/posts\/3586\/revisions\/3594"}],"wp:attachment":[{"href":"http:\/\/www.susannavaris.com\/blogg\/wp-json\/wp\/v2\/media?parent=3586"}],"wp:term":[{"taxonomy":"category","embeddable":true,"href":"http:\/\/www.susannavaris.com\/blogg\/wp-json\/wp\/v2\/categories?post=3586"},{"taxonomy":"post_tag","embeddable":true,"href":"http:\/\/www.susannavaris.com\/blogg\/wp-json\/wp\/v2\/tags?post=3586"}],"curies":[{"name":"wp","href":"https:\/\/api.w.org\/{rel}","templated":true}]}}