{"id":3603,"date":"2011-12-18T22:13:57","date_gmt":"2011-12-18T21:13:57","guid":{"rendered":"http:\/\/www.susannavaris.com\/blogg\/?p=3603"},"modified":"2011-12-18T22:13:57","modified_gmt":"2011-12-18T21:13:57","slug":"no-comments","status":"publish","type":"post","link":"http:\/\/www.susannavaris.com\/blogg\/2011\/12\/no-comments\/","title":{"rendered":"No comments"},"content":{"rendered":"<p><a href=\"http:\/\/www.susannavaris.com\/blogg\/wp-content\/uploads\/2011\/12\/Not-in-my-backyard.jpg\"><img loading=\"lazy\" decoding=\"async\" class=\"aligncenter size-full wp-image-3604\" title=\"Not in my backyard\" src=\"http:\/\/www.susannavaris.com\/blogg\/wp-content\/uploads\/2011\/12\/Not-in-my-backyard.jpg\" alt=\"\" width=\"320\" height=\"282\" srcset=\"http:\/\/www.susannavaris.com\/blogg\/wp-content\/uploads\/2011\/12\/Not-in-my-backyard.jpg 320w, http:\/\/www.susannavaris.com\/blogg\/wp-content\/uploads\/2011\/12\/Not-in-my-backyard-300x264.jpg 300w\" sizes=\"auto, (max-width: 320px) 100vw, 320px\" \/><\/a><\/p>\n<p style=\"text-align: center;\"><em>Patterson\/Barnes<\/em><\/p>\n<p>Julen n\u00e4rmar sig och allt \u00e4r n\u00e4stan under kontroll fortfarande, trots att jag har tillbringat hela helgen p\u00e5 l\u00f6nearbetet. Nu har jag ju inte s\u00e5 m\u00e5nga betungande saker att fixa heller, i avsaknad av barn och v\u00e5ldsg\u00e4stande sl\u00e4kt som jag \u00e4r. Ulla Winbladh fick ta hand om sl\u00e4ktumg\u00e4nget och det gjorde hon alldeles makal\u00f6st v\u00e4l, hyacinten pushar p\u00e5 och \u00e4r snart klar med f\u00f6rsta blomman, sedan kommer en till. Amaryllisen knoppas s\u00e5 att det ser ut att g\u00f6ra ont. Sn\u00f6blask har rasat ner p\u00e5 oss, en julkonsert \u00e4r upplevd, imorgon blir det julgran.<\/p>\n<p>Men det var inte det jag skulle skriva om. Jag skulle beklaga mig f\u00f6r att det \u00e4r ensamt p\u00e5 bloggen&#8230;enbart billiga mediciner fr\u00e5n fj\u00e4rran som orkar kommentera. \u00c4r alla inne i sista stadiet av julfixensis hysteresis? Jag kanske borde sl\u00e4nga in n\u00e5gon brandfackla om genus, upphovsr\u00e4tt eller cyklister? (De teman som genererat i s\u00e4rklass mest kommentarer hittills.) Eller vad? Just nu k\u00e4nns ingenting s\u00e5 intressant att skriva om. Slussen. Det borde jag ha en hel del att skriva om och har det ocks\u00e5, men det skulle bli alldeles f\u00f6r mycket. Bloggen skulle \u00f6versv\u00e4mmas. Jag n\u00f6jer mig med att konstatera att redan n\u00e4r jag b\u00f6rjade l\u00e4sa p\u00e5 KTH, i slutet av 80-talet, var Slussen p\u00e5 tapeten. Redan d\u00e5 sas det att det var br\u00e5ttom. Slussen sjunker, l\u00e4cker, vittrar s\u00f6nder. Vi har haft \u00e5tminstone tv\u00e5 st\u00f6rre arkitektt\u00e4vlingar sedan dess och inget har kunnat beslutas om. Inte p\u00e5 min bakg\u00e5rd och Konservera Stockholm i Formalin regerar. Givetvis m\u00e5ste l\u00f6sningen vi beslutar oss f\u00f6r vara optimal, eller \u00e5tminstone bra, ur s\u00e5 m\u00e5nga kriterier som m\u00f6jligt, men 20 \u00e5r av st\u00f6tande och bl\u00f6tande \u00e4r redan alldeles f\u00f6r l\u00e4nge. Jerker S\u00f6derlind skrev ett roligt och mycket tr\u00e4ffande debattinl\u00e4gg i g\u00e5rdagens DN om det hela och om tr\u00f6gheten i de svenska byggprocesserna:\u00a0<a href=\"http:\/\/www.dn.se\/debatt\/stockholmsdebatt\/stockholm-ar-i-akut-behov-av-en-okanslig-politiker\">http:\/\/www.dn.se\/debatt\/stockholmsdebatt\/stockholm-ar-i-akut-behov-av-en-okanslig-politiker<\/a><\/p>\n<p>Jag t\u00e4nkte l\u00e4gga upp n\u00e5gra nu- och sedan-bilder p\u00e5 Slussen, men efter en halvtimmes malande med min sega dator ger jag upp (jag m\u00e5ste se \u00f6ver min datorsituation&#8230;). Det f\u00e5r bli en annan dag, jag m\u00e5ste hinna sova ocks\u00e5. Ist\u00e4llet blir det julkatter.<\/p>\n<p><a href=\"http:\/\/www.susannavaris.com\/blogg\/wp-content\/uploads\/2011\/12\/christmasfunny-pictures-little-kitten-has-christmas-spirit.jpg\"><img loading=\"lazy\" decoding=\"async\" class=\"aligncenter size-full wp-image-3609\" title=\"christmasfunny-pictures-little-kitten-has-christmas-spirit\" src=\"http:\/\/www.susannavaris.com\/blogg\/wp-content\/uploads\/2011\/12\/christmasfunny-pictures-little-kitten-has-christmas-spirit.jpg\" alt=\"\" width=\"400\" height=\"300\" srcset=\"http:\/\/www.susannavaris.com\/blogg\/wp-content\/uploads\/2011\/12\/christmasfunny-pictures-little-kitten-has-christmas-spirit.jpg 400w, http:\/\/www.susannavaris.com\/blogg\/wp-content\/uploads\/2011\/12\/christmasfunny-pictures-little-kitten-has-christmas-spirit-300x225.jpg 300w\" sizes=\"auto, (max-width: 400px) 100vw, 400px\" \/><\/a><\/p>\n<p><a href=\"http:\/\/www.susannavaris.com\/blogg\/wp-content\/uploads\/2011\/12\/christmasfunny-pictures-my-happy-christmas-face.jpg\"><img loading=\"lazy\" decoding=\"async\" class=\"aligncenter size-full wp-image-3610\" title=\"christmasfunny-pictures-my-happy-christmas-face\" src=\"http:\/\/www.susannavaris.com\/blogg\/wp-content\/uploads\/2011\/12\/christmasfunny-pictures-my-happy-christmas-face.jpg\" alt=\"\" width=\"500\" height=\"375\" srcset=\"http:\/\/www.susannavaris.com\/blogg\/wp-content\/uploads\/2011\/12\/christmasfunny-pictures-my-happy-christmas-face.jpg 500w, http:\/\/www.susannavaris.com\/blogg\/wp-content\/uploads\/2011\/12\/christmasfunny-pictures-my-happy-christmas-face-300x225.jpg 300w\" sizes=\"auto, (max-width: 500px) 100vw, 500px\" \/><\/a><\/p>\n<p><a href=\"http:\/\/www.susannavaris.com\/blogg\/wp-content\/uploads\/2011\/12\/Christmas-Cat-3-shiriny-17380808-800-533.jpeg\"><img loading=\"lazy\" decoding=\"async\" class=\"aligncenter size-full wp-image-3611\" title=\"Christmas-Cat-3-shiriny-17380808-800-533\" src=\"http:\/\/www.susannavaris.com\/blogg\/wp-content\/uploads\/2011\/12\/Christmas-Cat-3-shiriny-17380808-800-533.jpeg\" alt=\"\" width=\"580\" height=\"386\" srcset=\"http:\/\/www.susannavaris.com\/blogg\/wp-content\/uploads\/2011\/12\/Christmas-Cat-3-shiriny-17380808-800-533.jpeg 580w, http:\/\/www.susannavaris.com\/blogg\/wp-content\/uploads\/2011\/12\/Christmas-Cat-3-shiriny-17380808-800-533-300x199.jpg 300w\" sizes=\"auto, (max-width: 580px) 100vw, 580px\" \/><\/a><\/p>\n","protected":false},"excerpt":{"rendered":"<p>Patterson\/Barnes Julen n\u00e4rmar sig och allt \u00e4r n\u00e4stan under kontroll fortfarande, trots att jag har tillbringat hela helgen p\u00e5 l\u00f6nearbetet. Nu har jag ju inte s\u00e5 m\u00e5nga betungande saker att fixa heller, i avsaknad av barn och v\u00e5ldsg\u00e4stande sl\u00e4kt som &hellip; <a href=\"http:\/\/www.susannavaris.com\/blogg\/2011\/12\/no-comments\/\">Forts\u00e4tt l\u00e4sa <span class=\"meta-nav\">&rarr;<\/span><\/a><\/p>\n","protected":false},"author":1,"featured_media":0,"comment_status":"open","ping_status":"open","sticky":false,"template":"","format":"standard","meta":{"footnotes":""},"categories":[341,589,1,590,1060,889,117],"tags":[1061,175,1062,1006],"class_list":["post-3603","post","type-post","status-publish","format-standard","hentry","category-cyberspace-oddities","category-medier","category-okategoriserade","category-politik","category-samhallsplanering","category-teknik","category-vetenskap","tag-bloggkommentarer","tag-dn","tag-jerker-soderlind","tag-slussen"],"_links":{"self":[{"href":"http:\/\/www.susannavaris.com\/blogg\/wp-json\/wp\/v2\/posts\/3603","targetHints":{"allow":["GET"]}}],"collection":[{"href":"http:\/\/www.susannavaris.com\/blogg\/wp-json\/wp\/v2\/posts"}],"about":[{"href":"http:\/\/www.susannavaris.com\/blogg\/wp-json\/wp\/v2\/types\/post"}],"author":[{"embeddable":true,"href":"http:\/\/www.susannavaris.com\/blogg\/wp-json\/wp\/v2\/users\/1"}],"replies":[{"embeddable":true,"href":"http:\/\/www.susannavaris.com\/blogg\/wp-json\/wp\/v2\/comments?post=3603"}],"version-history":[{"count":2,"href":"http:\/\/www.susannavaris.com\/blogg\/wp-json\/wp\/v2\/posts\/3603\/revisions"}],"predecessor-version":[{"id":3613,"href":"http:\/\/www.susannavaris.com\/blogg\/wp-json\/wp\/v2\/posts\/3603\/revisions\/3613"}],"wp:attachment":[{"href":"http:\/\/www.susannavaris.com\/blogg\/wp-json\/wp\/v2\/media?parent=3603"}],"wp:term":[{"taxonomy":"category","embeddable":true,"href":"http:\/\/www.susannavaris.com\/blogg\/wp-json\/wp\/v2\/categories?post=3603"},{"taxonomy":"post_tag","embeddable":true,"href":"http:\/\/www.susannavaris.com\/blogg\/wp-json\/wp\/v2\/tags?post=3603"}],"curies":[{"name":"wp","href":"https:\/\/api.w.org\/{rel}","templated":true}]}}