{"id":3615,"date":"2011-12-19T23:39:29","date_gmt":"2011-12-19T22:39:29","guid":{"rendered":"http:\/\/www.susannavaris.com\/blogg\/?p=3615"},"modified":"2011-12-19T23:39:29","modified_gmt":"2011-12-19T22:39:29","slug":"dagens-patriarkala-fortryck","status":"publish","type":"post","link":"http:\/\/www.susannavaris.com\/blogg\/2011\/12\/dagens-patriarkala-fortryck\/","title":{"rendered":"Dagens patriarkala f\u00f6rtryck"},"content":{"rendered":"<p><a href=\"http:\/\/www.susannavaris.com\/blogg\/wp-content\/uploads\/2011\/12\/740ff27e48792b721b5b7942fadc1ec7.jpg\"><img loading=\"lazy\" decoding=\"async\" class=\"aligncenter size-large wp-image-3616\" title=\"Wacken Open Air 2006\" src=\"http:\/\/www.susannavaris.com\/blogg\/wp-content\/uploads\/2011\/12\/740ff27e48792b721b5b7942fadc1ec7-682x1024.jpg\" alt=\"\" width=\"640\" height=\"960\" srcset=\"http:\/\/www.susannavaris.com\/blogg\/wp-content\/uploads\/2011\/12\/740ff27e48792b721b5b7942fadc1ec7-682x1024.jpg 682w, http:\/\/www.susannavaris.com\/blogg\/wp-content\/uploads\/2011\/12\/740ff27e48792b721b5b7942fadc1ec7-200x300.jpg 200w, http:\/\/www.susannavaris.com\/blogg\/wp-content\/uploads\/2011\/12\/740ff27e48792b721b5b7942fadc1ec7.jpg 800w\" sizes=\"auto, (max-width: 640px) 100vw, 640px\" \/><\/a><\/p>\n<p style=\"text-align: center;\"><em>Angela i Arch Enemy, inte den typiska vokalissan&#8230; Foto fr\u00e5n: emobucket<\/em><\/p>\n<p>I DN kan man l\u00e4sa om de ack s\u00e5 oj\u00e4mst\u00e4llda musikfestivalerna och dessa ondsinta m\u00e4n som bara bokar m\u00e4n (<a href=\"http:\/\/www.dn.se\/kultur-noje\/mest-man-som-bokar-artister-till-festivalerna\">http:\/\/www.dn.se\/kultur-noje\/mest-man-som-bokar-artister-till-festivalerna<\/a> .) Ty j\u00e4mst\u00e4lldhet och r\u00e4ttvisa kr\u00e4ver 50\/50- f\u00f6rdelning enligt de genusmedvetna, oavsett hur underlaget ser ut.<\/p>\n<p>Jag har en k\u00e4nsla, p\u00e5 intet s\u00e4tt vetenskapligt f\u00f6rankrad, att det inte finns lika m\u00e5nga kvinnliga akter som det finns manliga. Skillnaden kan tom vara ganska stor. \u00c4r min k\u00e4nsla fel, dvs att det verkligen finns exakt lika m\u00e5nga akter av b\u00e4gge slagen, \u00e4r ju situationen en annan. I det l\u00e4get vore fr\u00e5gest\u00e4llningen relevant.<\/p>\n<p>Min \u00e4nnu mindre vetenskapliga teori f\u00f6r varf\u00f6r det ligger till p\u00e5 det s\u00e4ttet g\u00e5r inte ut p\u00e5 att &#8221;flickor inte uppmuntras att h\u00e5lla p\u00e5 med musik&#8230;&#8221; (som artikeln vill h\u00e4vda), utan det faktumet att killarna ser en m\u00f6jlighet att ut\u00f6ka sin attraktionskraft p\u00e5 det motsatta k\u00f6net genom att bli musiker\/rockstj\u00e4rnor. En mycket stark drivkraft under ton\u00e5rsperioden. F\u00f6r flickor g\u00e4ller inte detta enkla samband lika sj\u00e4lvklart. Nog existerar det en och annan kille som s\u00e4kert skulle bli f\u00f6rtjust i en tjej p\u00e5 grund av att hon spelar i ett band, men f\u00f6r det stora flertalet skulle det nog inte vara n\u00e5gonting som \u00f6kar hennes attraktionskraft.<\/p>\n<p>Sj\u00e4lvklart vill individer bli musiker av \u00e4ven andra anledningar, men jag kan t\u00e4nka mig att den stora snedf\u00f6rdelningen har sin grund i ett banalt faktum som detta. Hur m\u00e5nga musiker har inte beskrivit att de b\u00f6rjat med musiken f\u00f6r att f\u00e5 tjejer?<\/p>\n<p>F\u00f6r tjejer brukar inte s\u00e5dana attribut ha n\u00e5gon betydelse n\u00e4r det g\u00e4ller attraktionskraften, d\u00e4r \u00e4r det snarare det gamla klassiska, utseendet, som ligger p\u00e5 placeringarna 1 &#8211; 35 p\u00e5 listan \u00f6ver attraktionsfaktorer. Jag tror inte en sekund p\u00e5 att mera inriktad uppmuntran fr\u00e5n genustr\u00e4nade pedagoger kan \u00e4ndra p\u00e5 snedf\u00f6rdelningen mer \u00e4n marginellt, f\u00f6r vad man \u00e4n inbillar sig i de kretsarna, s\u00e5 \u00e4r en m\u00e4nniskas k\u00f6n inte enbart en social konstruktion.<\/p>\n","protected":false},"excerpt":{"rendered":"<p>Angela i Arch Enemy, inte den typiska vokalissan&#8230; Foto fr\u00e5n: emobucket I DN kan man l\u00e4sa om de ack s\u00e5 oj\u00e4mst\u00e4llda musikfestivalerna och dessa ondsinta m\u00e4n som bara bokar m\u00e4n (http:\/\/www.dn.se\/kultur-noje\/mest-man-som-bokar-artister-till-festivalerna .) Ty j\u00e4mst\u00e4lldhet och r\u00e4ttvisa kr\u00e4ver 50\/50- f\u00f6rdelning enligt &hellip; <a href=\"http:\/\/www.susannavaris.com\/blogg\/2011\/12\/dagens-patriarkala-fortryck\/\">Forts\u00e4tt l\u00e4sa <span class=\"meta-nav\">&rarr;<\/span><\/a><\/p>\n","protected":false},"author":1,"featured_media":0,"comment_status":"open","ping_status":"open","sticky":false,"template":"","format":"standard","meta":{"footnotes":""},"categories":[181,259,994,1,590],"tags":[],"class_list":["post-3615","post","type-post","status-publish","format-standard","hentry","category-feminism","category-genusvetenskap","category-musik","category-okategoriserade","category-politik"],"_links":{"self":[{"href":"http:\/\/www.susannavaris.com\/blogg\/wp-json\/wp\/v2\/posts\/3615","targetHints":{"allow":["GET"]}}],"collection":[{"href":"http:\/\/www.susannavaris.com\/blogg\/wp-json\/wp\/v2\/posts"}],"about":[{"href":"http:\/\/www.susannavaris.com\/blogg\/wp-json\/wp\/v2\/types\/post"}],"author":[{"embeddable":true,"href":"http:\/\/www.susannavaris.com\/blogg\/wp-json\/wp\/v2\/users\/1"}],"replies":[{"embeddable":true,"href":"http:\/\/www.susannavaris.com\/blogg\/wp-json\/wp\/v2\/comments?post=3615"}],"version-history":[{"count":1,"href":"http:\/\/www.susannavaris.com\/blogg\/wp-json\/wp\/v2\/posts\/3615\/revisions"}],"predecessor-version":[{"id":3617,"href":"http:\/\/www.susannavaris.com\/blogg\/wp-json\/wp\/v2\/posts\/3615\/revisions\/3617"}],"wp:attachment":[{"href":"http:\/\/www.susannavaris.com\/blogg\/wp-json\/wp\/v2\/media?parent=3615"}],"wp:term":[{"taxonomy":"category","embeddable":true,"href":"http:\/\/www.susannavaris.com\/blogg\/wp-json\/wp\/v2\/categories?post=3615"},{"taxonomy":"post_tag","embeddable":true,"href":"http:\/\/www.susannavaris.com\/blogg\/wp-json\/wp\/v2\/tags?post=3615"}],"curies":[{"name":"wp","href":"https:\/\/api.w.org\/{rel}","templated":true}]}}