{"id":3618,"date":"2011-12-20T18:15:54","date_gmt":"2011-12-20T17:15:54","guid":{"rendered":"http:\/\/www.susannavaris.com\/blogg\/?p=3618"},"modified":"2011-12-20T18:15:54","modified_gmt":"2011-12-20T17:15:54","slug":"riktig-julgran","status":"publish","type":"post","link":"http:\/\/www.susannavaris.com\/blogg\/2011\/12\/riktig-julgran\/","title":{"rendered":"Riktig julgran!"},"content":{"rendered":"<p><a href=\"http:\/\/www.susannavaris.com\/blogg\/wp-content\/uploads\/2011\/12\/DSC_0553-crop-50.jpg\"><img loading=\"lazy\" decoding=\"async\" class=\"aligncenter size-large wp-image-3619\" title=\"DSC_0553-crop-50\" src=\"http:\/\/www.susannavaris.com\/blogg\/wp-content\/uploads\/2011\/12\/DSC_0553-crop-50-818x1024.jpg\" alt=\"\" width=\"640\" height=\"801\" srcset=\"http:\/\/www.susannavaris.com\/blogg\/wp-content\/uploads\/2011\/12\/DSC_0553-crop-50-818x1024.jpg 818w, http:\/\/www.susannavaris.com\/blogg\/wp-content\/uploads\/2011\/12\/DSC_0553-crop-50-239x300.jpg 239w, http:\/\/www.susannavaris.com\/blogg\/wp-content\/uploads\/2011\/12\/DSC_0553-crop-50.jpg 1517w\" sizes=\"auto, (max-width: 640px) 100vw, 640px\" \/><\/a><\/p>\n<p style=\"text-align: center;\"><em>Granen uppenbarades ig\u00e5r&#8230;<\/em><\/p>\n<p>Min f\u00f6rsta riktiga julgran p\u00e5 jag vet inte hur l\u00e4nge inf\u00f6rskaffades ig\u00e5r och vi kl\u00e4dde den tillsammans. Moderskan hade en ljusslinga \u00f6ver och nu \u00e4r det riktigt juligt i vardagsrummet. Det \u00e4r en kungsgran och ska allts\u00e5 inte barra s\u00e5 mycket, men doftar inte heller m\u00e4rkbart. Men man kan \u00e4nd\u00e5 k\u00e4nna grandoften om man g\u00e5r intill den och luktar. Jag f\u00f6rs\u00f6ker ta in all ro i de sm\u00e5 gliporna mellan arbete och annat och bara njuta av en vacker och lugn jul. Det h\u00e4r \u00e5ret blir julen extra l\u00e5ng f\u00f6r mig. Fr\u00e5n ca 9 p\u00e5 fredag morgon till m\u00e5ndag eftermiddag. F\u00f6rra julen var jag ledig juldagen, ca 14 \u00e5r f\u00f6re det jobbade jag samtliga jular utom n\u00e5gon som jag var hemma sjuk. Som skiftarbetare har jag ingen nytta av n\u00e5gra kl\u00e4mdagar och helgdagar mitt i veckorna, jag \u00e4r ledig varannan helg. Punkt. Visserligen f\u00e5r vi kompensation i form av en extra ledig dag om vi arbetar en helgdag, vilket kan vara anv\u00e4ndbart.<\/p>\n<p><a href=\"http:\/\/www.susannavaris.com\/blogg\/wp-content\/uploads\/2011\/12\/DSC_0556-crop-50.jpg\"><img loading=\"lazy\" decoding=\"async\" class=\"aligncenter size-large wp-image-3620\" title=\"DSC_0556-crop-50\" src=\"http:\/\/www.susannavaris.com\/blogg\/wp-content\/uploads\/2011\/12\/DSC_0556-crop-50-748x1024.jpg\" alt=\"\" width=\"640\" height=\"876\" srcset=\"http:\/\/www.susannavaris.com\/blogg\/wp-content\/uploads\/2011\/12\/DSC_0556-crop-50-748x1024.jpg 748w, http:\/\/www.susannavaris.com\/blogg\/wp-content\/uploads\/2011\/12\/DSC_0556-crop-50-219x300.jpg 219w, http:\/\/www.susannavaris.com\/blogg\/wp-content\/uploads\/2011\/12\/DSC_0556-crop-50.jpg 1469w\" sizes=\"auto, (max-width: 640px) 100vw, 640px\" \/><\/a><\/p>\n<p style=\"text-align: center;\"><em>En liten chokladdam som jag f\u00e5tt av min v\u00e4n fr\u00e5n Wien, Kat Starchild. Hon ska nu flytta till Berlin, s\u00e5 vi blir tvungna att sj\u00e4lva \u00e5ka till Wien och Leschantz chokladbutik. Minst en g\u00e5ng om \u00e5ret.<\/em><\/p>\n<p>Idag har jag varit ledig och tagit en promenad i det lilla solljuset som fanns under n\u00e5gon timma. Det var riktigt sk\u00f6nt och inte alltf\u00f6r hoppl\u00f6st halt. sedan rensade jag kylen p\u00e5 gamla sill- och hovm\u00e4stars\u00e5sburkar bl a , lagade i ordning en k\u00f6ttf\u00e4rss\u00e5s, \u00e5t och tog en liten tupplur. Nu sitter jag och beundrar v\u00e5r fina bling bling-gran.<\/p>\n<p><a href=\"http:\/\/www.susannavaris.com\/blogg\/wp-content\/uploads\/2011\/12\/DSC_0558-50.jpg\"><img loading=\"lazy\" decoding=\"async\" class=\"aligncenter size-large wp-image-3621\" title=\"DSC_0558-50\" src=\"http:\/\/www.susannavaris.com\/blogg\/wp-content\/uploads\/2011\/12\/DSC_0558-50-1024x682.jpg\" alt=\"\" width=\"640\" height=\"426\" srcset=\"http:\/\/www.susannavaris.com\/blogg\/wp-content\/uploads\/2011\/12\/DSC_0558-50-1024x682.jpg 1024w, http:\/\/www.susannavaris.com\/blogg\/wp-content\/uploads\/2011\/12\/DSC_0558-50-300x200.jpg 300w\" sizes=\"auto, (max-width: 640px) 100vw, 640px\" \/><\/a><\/p>\n<p style=\"text-align: center;\"><em>Mera chokladprydnader&#8230;n\u00e4stan som jag var liten och firade jul hos morfar och mormor. Vi fick chokladkottar i bl\u00e5 och r\u00f6d folie. De h\u00e4r godbitarna hade f\u00f6rmodligen gjort oss fullkomligt tokiga&#8230;<\/em><\/p>\n<p>Jag skulle vilja skapa och m\u00e5la n\u00e5got, n\u00e4r ska jag hinna med alla mina planer? Samtidigt k\u00e4nner jag mig ganska tr\u00f6tt&#8230;<\/p>\n<p>Ska nog \u00e4nd\u00e5 s\u00e4tta mig en stund, det ger ju s\u00e5 mycket tillbaka.<\/p>\n<p>Orkar jag&#8230;? \u00a0 \u00a0 \u00a0 \u00a0 \u00a0 \u00a0 \u00a0 \u00a0 \u00a0 \u00a0 \u00a0 En liten stund d\u00e5.<\/p>\n","protected":false},"excerpt":{"rendered":"<p>Granen uppenbarades ig\u00e5r&#8230; Min f\u00f6rsta riktiga julgran p\u00e5 jag vet inte hur l\u00e4nge inf\u00f6rskaffades ig\u00e5r och vi kl\u00e4dde den tillsammans. Moderskan hade en ljusslinga \u00f6ver och nu \u00e4r det riktigt juligt i vardagsrummet. Det \u00e4r en kungsgran och ska allts\u00e5 &hellip; <a href=\"http:\/\/www.susannavaris.com\/blogg\/2011\/12\/riktig-julgran\/\">Forts\u00e4tt l\u00e4sa <span class=\"meta-nav\">&rarr;<\/span><\/a><\/p>\n","protected":false},"author":1,"featured_media":0,"comment_status":"open","ping_status":"open","sticky":false,"template":"","format":"standard","meta":{"footnotes":""},"categories":[1],"tags":[949,1063,1064,76,1065,67],"class_list":["post-3618","post","type-post","status-publish","format-standard","hentry","category-okategoriserade","tag-jul","tag-julgran","tag-julgransprydnad","tag-kat-starchild","tag-leschantz","tag-wien"],"_links":{"self":[{"href":"http:\/\/www.susannavaris.com\/blogg\/wp-json\/wp\/v2\/posts\/3618","targetHints":{"allow":["GET"]}}],"collection":[{"href":"http:\/\/www.susannavaris.com\/blogg\/wp-json\/wp\/v2\/posts"}],"about":[{"href":"http:\/\/www.susannavaris.com\/blogg\/wp-json\/wp\/v2\/types\/post"}],"author":[{"embeddable":true,"href":"http:\/\/www.susannavaris.com\/blogg\/wp-json\/wp\/v2\/users\/1"}],"replies":[{"embeddable":true,"href":"http:\/\/www.susannavaris.com\/blogg\/wp-json\/wp\/v2\/comments?post=3618"}],"version-history":[{"count":2,"href":"http:\/\/www.susannavaris.com\/blogg\/wp-json\/wp\/v2\/posts\/3618\/revisions"}],"predecessor-version":[{"id":3623,"href":"http:\/\/www.susannavaris.com\/blogg\/wp-json\/wp\/v2\/posts\/3618\/revisions\/3623"}],"wp:attachment":[{"href":"http:\/\/www.susannavaris.com\/blogg\/wp-json\/wp\/v2\/media?parent=3618"}],"wp:term":[{"taxonomy":"category","embeddable":true,"href":"http:\/\/www.susannavaris.com\/blogg\/wp-json\/wp\/v2\/categories?post=3618"},{"taxonomy":"post_tag","embeddable":true,"href":"http:\/\/www.susannavaris.com\/blogg\/wp-json\/wp\/v2\/tags?post=3618"}],"curies":[{"name":"wp","href":"https:\/\/api.w.org\/{rel}","templated":true}]}}