{"id":3741,"date":"2011-12-27T21:10:20","date_gmt":"2011-12-27T20:10:20","guid":{"rendered":"http:\/\/www.susannavaris.com\/blogg\/?p=3741"},"modified":"2011-12-27T21:10:20","modified_gmt":"2011-12-27T20:10:20","slug":"bossor-och-bossor","status":"publish","type":"post","link":"http:\/\/www.susannavaris.com\/blogg\/2011\/12\/bossor-och-bossor\/","title":{"rendered":"B\u00f6ssor och b\u00f6ssor"},"content":{"rendered":"<p>Asch d\u00e5! Jag som precis hade t\u00e4nkt att skicka en slant till de trevliga killarna fr\u00e5n Al-Aqsa-f\u00f6reningen och Mojahdins v\u00e4nner&#8230;vilken tur att jag s\u00e5g detta i Svenska Dagbladet idag!<\/p>\n<p><a href=\"http:\/\/www.susannavaris.com\/blogg\/wp-content\/uploads\/2011\/12\/DSC_0563-crop-60.jpg\"><img loading=\"lazy\" decoding=\"async\" class=\"aligncenter size-full wp-image-3742\" title=\"DSC_0563-crop-60\" src=\"http:\/\/www.susannavaris.com\/blogg\/wp-content\/uploads\/2011\/12\/DSC_0563-crop-60.jpg\" alt=\"\" width=\"777\" height=\"912\" srcset=\"http:\/\/www.susannavaris.com\/blogg\/wp-content\/uploads\/2011\/12\/DSC_0563-crop-60.jpg 777w, http:\/\/www.susannavaris.com\/blogg\/wp-content\/uploads\/2011\/12\/DSC_0563-crop-60-255x300.jpg 255w\" sizes=\"auto, (max-width: 777px) 100vw, 777px\" \/><\/a><\/p>\n","protected":false},"excerpt":{"rendered":"<p>Asch d\u00e5! Jag som precis hade t\u00e4nkt att skicka en slant till de trevliga killarna fr\u00e5n Al-Aqsa-f\u00f6reningen och Mojahdins v\u00e4nner&#8230;vilken tur att jag s\u00e5g detta i Svenska Dagbladet idag!<\/p>\n","protected":false},"author":1,"featured_media":0,"comment_status":"open","ping_status":"open","sticky":false,"template":"","format":"standard","meta":{"footnotes":""},"categories":[589,1,590,303],"tags":[1089,943,1088,1086,1087,504,446,449],"class_list":["post-3741","post","type-post","status-publish","format-standard","hentry","category-medier","category-okategoriserade","category-politik","category-religion","tag-bedrageri","tag-bluff","tag-bluff-insamling","tag-insamling","tag-oseriosa-insamlingar","tag-svd","tag-terror","tag-terrorism"],"_links":{"self":[{"href":"http:\/\/www.susannavaris.com\/blogg\/wp-json\/wp\/v2\/posts\/3741","targetHints":{"allow":["GET"]}}],"collection":[{"href":"http:\/\/www.susannavaris.com\/blogg\/wp-json\/wp\/v2\/posts"}],"about":[{"href":"http:\/\/www.susannavaris.com\/blogg\/wp-json\/wp\/v2\/types\/post"}],"author":[{"embeddable":true,"href":"http:\/\/www.susannavaris.com\/blogg\/wp-json\/wp\/v2\/users\/1"}],"replies":[{"embeddable":true,"href":"http:\/\/www.susannavaris.com\/blogg\/wp-json\/wp\/v2\/comments?post=3741"}],"version-history":[{"count":2,"href":"http:\/\/www.susannavaris.com\/blogg\/wp-json\/wp\/v2\/posts\/3741\/revisions"}],"predecessor-version":[{"id":3744,"href":"http:\/\/www.susannavaris.com\/blogg\/wp-json\/wp\/v2\/posts\/3741\/revisions\/3744"}],"wp:attachment":[{"href":"http:\/\/www.susannavaris.com\/blogg\/wp-json\/wp\/v2\/media?parent=3741"}],"wp:term":[{"taxonomy":"category","embeddable":true,"href":"http:\/\/www.susannavaris.com\/blogg\/wp-json\/wp\/v2\/categories?post=3741"},{"taxonomy":"post_tag","embeddable":true,"href":"http:\/\/www.susannavaris.com\/blogg\/wp-json\/wp\/v2\/tags?post=3741"}],"curies":[{"name":"wp","href":"https:\/\/api.w.org\/{rel}","templated":true}]}}