{"id":3747,"date":"2011-12-28T23:34:16","date_gmt":"2011-12-28T22:34:16","guid":{"rendered":"http:\/\/www.susannavaris.com\/blogg\/?p=3747"},"modified":"2011-12-28T23:34:16","modified_gmt":"2011-12-28T22:34:16","slug":"nyarsloften","status":"publish","type":"post","link":"http:\/\/www.susannavaris.com\/blogg\/2011\/12\/nyarsloften\/","title":{"rendered":"Ny\u00e5rsl\u00f6ften?"},"content":{"rendered":"<p><a href=\"http:\/\/www.susannavaris.com\/blogg\/wp-content\/uploads\/2011\/12\/doc1.jpg\"><img loading=\"lazy\" decoding=\"async\" class=\"aligncenter size-full wp-image-3749\" title=\"doc1\" src=\"http:\/\/www.susannavaris.com\/blogg\/wp-content\/uploads\/2011\/12\/doc1.jpg\" alt=\"\" width=\"416\" height=\"537\" srcset=\"http:\/\/www.susannavaris.com\/blogg\/wp-content\/uploads\/2011\/12\/doc1.jpg 416w, http:\/\/www.susannavaris.com\/blogg\/wp-content\/uploads\/2011\/12\/doc1-232x300.jpg 232w\" sizes=\"auto, (max-width: 416px) 100vw, 416px\" \/><\/a><\/p>\n<p>\u00c5ret \u00e4r snart slut, \u00c5rets B\u00e4sta- och \u00c5rets S\u00e4msta-listor, nyheternas -, sportens -, kungligheternas -, skvallerblaskornas -, bloggarnas -, kritikers -&#8230;ja, kort sagt alla m\u00f6jligas och om\u00f6jligas \u00e5rskr\u00f6nikor och allehanda sammanfattningar fyller sidorna. \u00c4ven Crowbar h\u00e5ller p\u00e5 att sammanst\u00e4lla en lista \u00f6ver \u00c5rets topph\u00e4ndelser.<\/p>\n<p>Buken rund och god av skinka, sillar, finska l\u00e5dor, rosolli, lax, julgodis och must wobblar jag runt p\u00e5 jobbet i dagarna i en slags mellanhelgst\u00e4mning. Jag lever fortfarande p\u00e5 julhelgen, vars v\u00e4rme och gemyt h\u00e5ller i sig. Julgranen kommer att st\u00e5 s\u00e5 l\u00e4nge den orkar, kanske fram till tjugondedag Knut (n\u00e4r \u00e4r det f\u00f6rresten&#8230;?) Den \u00e4r s\u00e5 vacker och jag har inte haft en riktig gran p\u00e5 s\u00e5 l\u00e4nge. Traditionen med julgran \u00e4r ju som bekant h\u00e4mtad fr\u00e5n Tyskland, men att kyrkan har varit en motst\u00e5ndare till den var en nyhet f\u00f6r mig. (Desto mera anledning att h\u00e5lla fast vid den&#8230;inte nog med att kyrkan inympat en kristen fest i det gamla julfirandet, ska man inte ens f\u00e5 ha en gran ifred?) Julgranen har visst n\u00e5gon form av hednisk bakgrund, men \u00e4r ju numera prydd med Betlehems stj\u00e4rna i toppen och kanske n\u00e5gra jul\u00e4nglar.<\/p>\n<p>Ett nytt \u00e5r. 365 dagar, som p\u00e5 ett ungef\u00e4r motsvarar tiden som det tar f\u00f6r jorden att f\u00e4rdas hela str\u00e4ckan runt solen i sin omloppsbana. Vad betyder det? Vi l\u00e4gger till ett \u00e5r i tider\u00e4kningen med \u00e5r 0 vid tiden f\u00f6r n\u00e4r Jesus var 4 &#8211; 7 \u00e5r.<\/p>\n<p>Vi v\u00e4ljer en dag som f\u00e5r markera \u00f6verg\u00e5ngen till ett nytt \u00e5r. Alltings cykliskhet ger en naturlig anledning att dela upp \u00e4ven sitt egna liv i dessa cykliska avsnitt, titta tillbaka p\u00e5 \u00e5ret som har g\u00e5tt, summera och notera, kanske avge l\u00f6ften inf\u00f6r det kommande \u00e5ret. &#8221;N\u00e4sta \u00e5r ska jag sluta r\u00f6ka, b\u00f6rja tr\u00e4na, sluta springa p\u00e5 krogen, sluta shoppa, sluta \u00e4ta godis&#8230;&#8221; etc etc. Det \u00e4r fascinerande hur m\u00e5nga g\u00e5nger man kan lura sig sj\u00e4lv till att tro p\u00e5 sina egna f\u00f6rest\u00e4llningar. Varf\u00f6r skulle en ny siffra i almanackan \u00e4ndra p\u00e5 n\u00e5gonting? M\u00e4nniskan \u00e4r en tr\u00f6gr\u00f6rlig koloss allt som oftast. Men hoppl\u00f6st \u00e4r det ju inte. F\u00f6rst\u00e5s. Ibland lyckas man (och tom jag) att g\u00f6ra vissa f\u00f6rb\u00e4ttringar, allt handlar om att ha viljan.<\/p>\n<p>Jag har inte best\u00e4mt mig f\u00f6r om jag ska avge n\u00e5gra ny\u00e5rsl\u00f6ften. Jag skulle ju kunna g\u00f6ra det och spr\u00e4cka de sedan offentligt h\u00e4r p\u00e5 bloggen. Vad skulle det i s\u00e5 fall kunna vara?<\/p>\n<p>Sluta r\u00f6ka? Har slutat.<\/p>\n<p>B\u00f6rja banta? Man ska inte banta.<\/p>\n<p>Sluta \u00e4ta godis? G\u00e5r inte.<\/p>\n<p>Bli sn\u00e4llare? Hmmm&#8230;<\/p>\n<p>Bli elakare? M\u00f6jligt.<\/p>\n<p>Sluta shoppa p\u00e5 Tradera? Jag shoppar v\u00e4l inte f\u00f6r mycket&#8230;eller?<\/p>\n<p>Sluta dricka alkohol? Jag dricker inte ofta.<\/p>\n<p>Sluta kl\u00e4mma p\u00e5 pormaskar? Det borde jag g\u00f6ra.<\/p>\n<p>Hmmm&#8230;ska mitt ny\u00e5rsl\u00f6fte verkligen bli att sluta kl\u00e4mma p\u00e5 pormaskar? S\u00e5 storslaget. Det kanske inte blir n\u00e5got ny\u00e5rsl\u00f6fte. F\u00f6rslag emottages (d\u00e4rmed inte sagt att jag kommer att g\u00e5 med p\u00e5 dem automatiskt).<\/p>\n<p><a href=\"http:\/\/www.susannavaris.com\/blogg\/wp-content\/uploads\/2011\/12\/nyar_180357379.jpg\"><img loading=\"lazy\" decoding=\"async\" class=\"aligncenter size-full wp-image-3750\" title=\"nyar_180357379\" src=\"http:\/\/www.susannavaris.com\/blogg\/wp-content\/uploads\/2011\/12\/nyar_180357379.jpg\" alt=\"\" width=\"389\" height=\"295\" srcset=\"http:\/\/www.susannavaris.com\/blogg\/wp-content\/uploads\/2011\/12\/nyar_180357379.jpg 389w, http:\/\/www.susannavaris.com\/blogg\/wp-content\/uploads\/2011\/12\/nyar_180357379-300x227.jpg 300w\" sizes=\"auto, (max-width: 389px) 100vw, 389px\" \/><\/a><\/p>\n","protected":false},"excerpt":{"rendered":"<p>\u00c5ret \u00e4r snart slut, \u00c5rets B\u00e4sta- och \u00c5rets S\u00e4msta-listor, nyheternas -, sportens -, kungligheternas -, skvallerblaskornas -, bloggarnas -, kritikers -&#8230;ja, kort sagt alla m\u00f6jligas och om\u00f6jligas \u00e5rskr\u00f6nikor och allehanda sammanfattningar fyller sidorna. \u00c4ven Crowbar h\u00e5ller p\u00e5 att sammanst\u00e4lla en &hellip; <a href=\"http:\/\/www.susannavaris.com\/blogg\/2011\/12\/nyarsloften\/\">Forts\u00e4tt l\u00e4sa <span class=\"meta-nav\">&rarr;<\/span><\/a><\/p>\n","protected":false},"author":1,"featured_media":0,"comment_status":"open","ping_status":"open","sticky":false,"template":"","format":"standard","meta":{"footnotes":""},"categories":[341,10,589,1,303],"tags":[1094,1093,1090,1092,1091],"class_list":["post-3747","post","type-post","status-publish","format-standard","hentry","category-cyberspace-oddities","category-kuriosakabinettet","category-medier","category-okategoriserade","category-religion","tag-kalle-och-hobbe","tag-new-years-resolutions","tag-nyar","tag-nyarslofte","tag-nyarsloften"],"_links":{"self":[{"href":"http:\/\/www.susannavaris.com\/blogg\/wp-json\/wp\/v2\/posts\/3747","targetHints":{"allow":["GET"]}}],"collection":[{"href":"http:\/\/www.susannavaris.com\/blogg\/wp-json\/wp\/v2\/posts"}],"about":[{"href":"http:\/\/www.susannavaris.com\/blogg\/wp-json\/wp\/v2\/types\/post"}],"author":[{"embeddable":true,"href":"http:\/\/www.susannavaris.com\/blogg\/wp-json\/wp\/v2\/users\/1"}],"replies":[{"embeddable":true,"href":"http:\/\/www.susannavaris.com\/blogg\/wp-json\/wp\/v2\/comments?post=3747"}],"version-history":[{"count":2,"href":"http:\/\/www.susannavaris.com\/blogg\/wp-json\/wp\/v2\/posts\/3747\/revisions"}],"predecessor-version":[{"id":3752,"href":"http:\/\/www.susannavaris.com\/blogg\/wp-json\/wp\/v2\/posts\/3747\/revisions\/3752"}],"wp:attachment":[{"href":"http:\/\/www.susannavaris.com\/blogg\/wp-json\/wp\/v2\/media?parent=3747"}],"wp:term":[{"taxonomy":"category","embeddable":true,"href":"http:\/\/www.susannavaris.com\/blogg\/wp-json\/wp\/v2\/categories?post=3747"},{"taxonomy":"post_tag","embeddable":true,"href":"http:\/\/www.susannavaris.com\/blogg\/wp-json\/wp\/v2\/tags?post=3747"}],"curies":[{"name":"wp","href":"https:\/\/api.w.org\/{rel}","templated":true}]}}