{"id":3753,"date":"2011-12-29T19:28:21","date_gmt":"2011-12-29T18:28:21","guid":{"rendered":"http:\/\/www.susannavaris.com\/blogg\/?p=3753"},"modified":"2011-12-29T19:43:58","modified_gmt":"2011-12-29T18:43:58","slug":"helig-julilska","status":"publish","type":"post","link":"http:\/\/www.susannavaris.com\/blogg\/2011\/12\/helig-julilska\/","title":{"rendered":"Helig julilska"},"content":{"rendered":"<p><a href=\"http:\/\/www.susannavaris.com\/blogg\/wp-content\/uploads\/2011\/12\/fodelsekyrkanbernatarmanguelAPrasopikyrkan.jpeg\"><img loading=\"lazy\" decoding=\"async\" class=\"aligncenter size-full wp-image-3754\" title=\"fodelsekyrkanbernatarmanguelAPrasopikyrkan\" src=\"http:\/\/www.susannavaris.com\/blogg\/wp-content\/uploads\/2011\/12\/fodelsekyrkanbernatarmanguelAPrasopikyrkan.jpeg\" alt=\"\" width=\"567\" height=\"377\" srcset=\"http:\/\/www.susannavaris.com\/blogg\/wp-content\/uploads\/2011\/12\/fodelsekyrkanbernatarmanguelAPrasopikyrkan.jpeg 567w, http:\/\/www.susannavaris.com\/blogg\/wp-content\/uploads\/2011\/12\/fodelsekyrkanbernatarmanguelAPrasopikyrkan-300x199.jpg 300w\" sizes=\"auto, (max-width: 567px) 100vw, 567px\" \/><\/a><\/p>\n<p style=\"text-align: center;\"><em>Foton: Bernat Armanguel\/AP<\/em><\/p>\n<p style=\"text-align: center;\"><a href=\"http:\/\/www.susannavaris.com\/blogg\/wp-content\/uploads\/2011\/12\/fodelsesy9c1b6a.jpg\"><img loading=\"lazy\" decoding=\"async\" class=\"aligncenter size-full wp-image-3755\" title=\"fodelsesy9c1b6a\" src=\"http:\/\/www.susannavaris.com\/blogg\/wp-content\/uploads\/2011\/12\/fodelsesy9c1b6a.jpg\" alt=\"\" width=\"702\" height=\"477\" srcset=\"http:\/\/www.susannavaris.com\/blogg\/wp-content\/uploads\/2011\/12\/fodelsesy9c1b6a.jpg 702w, http:\/\/www.susannavaris.com\/blogg\/wp-content\/uploads\/2011\/12\/fodelsesy9c1b6a-300x203.jpg 300w\" sizes=\"auto, (max-width: 702px) 100vw, 702px\" \/><\/a><\/p>\n<p>Fr\u00e5n Betlehem n\u00e5s vi av nyheten att grekisk-ortodoxa och armeniska pr\u00e4ster rykt ihop i Jesu f\u00f6delsekyrka. 50 &#8211; 60 heliga m\u00e4n var inblandade i slagsm\u00e5let som fick avbrytas av tillkallad polis. Dispyten startade enligt uppgift efter att en stege placerats p\u00e5 fel plats och d\u00e4rmed inkr\u00e4ktat p\u00e5 en annan trossamfunds omr\u00e5de i kyrkan. Man har tydligen delat upp sk\u00f6tseln av Jesu f\u00f6delsekyrka mellan ett antal olika trossamfund och var, n\u00e4r slagsm\u00e5let utbr\u00f6t, involverade i en slags rituell sopning av kyrkan. F\u00f6ljdaktligen anv\u00e4ndes sopkvastar som tillhyggen.<\/p>\n<p>Det \u00e4r inte f\u00f6rsta g\u00e5ngen pr\u00e4sterna ryker ihop. 2007 fick sju personer f\u00f6ras till sjukhus efter ett st\u00e4dbr\u00e5k i samma kyrka. Det v\u00e4rsta med samarbetssv\u00e5righeterna \u00e4r nog \u00e4nd\u00e5 att de hotar de ov\u00e4rderliga konstskatterna i Jesu f\u00f6delsekyrka. Bland annat l\u00e4cker taket in vatten, men man kan inte komma \u00f6verens om hur kostnaderna ska f\u00f6rdelas mellan samfunden och reparationer av kyrkan har helt g\u00e5tt i st\u00e5.<\/p>\n<p>Om v\u00e5r fr\u00e4lsare nu sitter p\u00e5 ett moln och besk\u00e5dar detta undrar jag om han k\u00e4nner att allt var v\u00e4rt besv\u00e4ret? K\u00e4nns det som att Homo Sapiens var, eller ens \u00e4r, moget ett avancerat moraliskt budskap&#8230;?<\/p>\n<p><a href=\"http:\/\/www.svd.se\/nyheter\/utrikes\/praster-i-julbrak-i-betlehem_6737793.svd\">http:\/\/www.svd.se\/nyheter\/utrikes\/praster-i-julbrak-i-betlehem_6737793.svd<\/a><\/p>\n<p>&nbsp;<\/p>\n","protected":false},"excerpt":{"rendered":"<p>Foton: Bernat Armanguel\/AP Fr\u00e5n Betlehem n\u00e5s vi av nyheten att grekisk-ortodoxa och armeniska pr\u00e4ster rykt ihop i Jesu f\u00f6delsekyrka. 50 &#8211; 60 heliga m\u00e4n var inblandade i slagsm\u00e5let som fick avbrytas av tillkallad polis. Dispyten startade enligt uppgift efter att &hellip; <a href=\"http:\/\/www.susannavaris.com\/blogg\/2011\/12\/helig-julilska\/\">Forts\u00e4tt l\u00e4sa <span class=\"meta-nav\">&rarr;<\/span><\/a><\/p>\n","protected":false},"author":1,"featured_media":0,"comment_status":"open","ping_status":"open","sticky":false,"template":"","format":"standard","meta":{"footnotes":""},"categories":[674,3,10,1,590,303],"tags":[1096,1095,1097,1098],"class_list":["post-3753","post","type-post","status-publish","format-standard","hentry","category-historia","category-konst","category-kuriosakabinettet","category-okategoriserade","category-politik","category-religion","tag-betlehem","tag-jesu-fodelsekyrka","tag-praster","tag-slagsmal"],"_links":{"self":[{"href":"http:\/\/www.susannavaris.com\/blogg\/wp-json\/wp\/v2\/posts\/3753","targetHints":{"allow":["GET"]}}],"collection":[{"href":"http:\/\/www.susannavaris.com\/blogg\/wp-json\/wp\/v2\/posts"}],"about":[{"href":"http:\/\/www.susannavaris.com\/blogg\/wp-json\/wp\/v2\/types\/post"}],"author":[{"embeddable":true,"href":"http:\/\/www.susannavaris.com\/blogg\/wp-json\/wp\/v2\/users\/1"}],"replies":[{"embeddable":true,"href":"http:\/\/www.susannavaris.com\/blogg\/wp-json\/wp\/v2\/comments?post=3753"}],"version-history":[{"count":5,"href":"http:\/\/www.susannavaris.com\/blogg\/wp-json\/wp\/v2\/posts\/3753\/revisions"}],"predecessor-version":[{"id":3760,"href":"http:\/\/www.susannavaris.com\/blogg\/wp-json\/wp\/v2\/posts\/3753\/revisions\/3760"}],"wp:attachment":[{"href":"http:\/\/www.susannavaris.com\/blogg\/wp-json\/wp\/v2\/media?parent=3753"}],"wp:term":[{"taxonomy":"category","embeddable":true,"href":"http:\/\/www.susannavaris.com\/blogg\/wp-json\/wp\/v2\/categories?post=3753"},{"taxonomy":"post_tag","embeddable":true,"href":"http:\/\/www.susannavaris.com\/blogg\/wp-json\/wp\/v2\/tags?post=3753"}],"curies":[{"name":"wp","href":"https:\/\/api.w.org\/{rel}","templated":true}]}}