{"id":3810,"date":"2012-01-01T11:57:34","date_gmt":"2012-01-01T10:57:34","guid":{"rendered":"http:\/\/www.susannavaris.com\/blogg\/?p=3810"},"modified":"2012-01-02T17:28:27","modified_gmt":"2012-01-02T16:28:27","slug":"blondinskamt","status":"publish","type":"post","link":"http:\/\/www.susannavaris.com\/blogg\/2012\/01\/blondinskamt\/","title":{"rendered":"Blondinsk\u00e4mt"},"content":{"rendered":"<p style=\"text-align: center;\"><a href=\"http:\/\/www.susannavaris.com\/blogg\/wp-content\/uploads\/2012\/01\/gentlemen-prefer-blondes-w1280.jpg\"><img loading=\"lazy\" decoding=\"async\" class=\"aligncenter size-large wp-image-3811\" title=\"gentlemen-prefer-blondes-w1280\" src=\"http:\/\/www.susannavaris.com\/blogg\/wp-content\/uploads\/2012\/01\/gentlemen-prefer-blondes-w1280-1024x576.jpg\" alt=\"\" width=\"640\" height=\"360\" srcset=\"http:\/\/www.susannavaris.com\/blogg\/wp-content\/uploads\/2012\/01\/gentlemen-prefer-blondes-w1280-1024x576.jpg 1024w, http:\/\/www.susannavaris.com\/blogg\/wp-content\/uploads\/2012\/01\/gentlemen-prefer-blondes-w1280-300x168.jpg 300w, http:\/\/www.susannavaris.com\/blogg\/wp-content\/uploads\/2012\/01\/gentlemen-prefer-blondes-w1280.jpg 1280w\" sizes=\"auto, (max-width: 640px) 100vw, 640px\" \/><\/a>\u00a0<em>Marilyn Monroe i Gentlemen Prefer Blondes<\/em><\/p>\n<p>Jag l\u00e4ste n\u00e5gonstans att \u00d6sterrike nu ska f\u00f6rbjuda blondinvitsar. Jag \u00e4r absolut ingen anh\u00e4ngare av f\u00f6rbud, men nog kan de sk roliga historierna ibland vara l\u00e4tt enerverande. I dessa l\u00e4ttkr\u00e4nkthetens tider har blondinerna totalt gl\u00f6mts bort som en grupp utsatt f\u00f6r allehanda trakasserier.<\/p>\n<p>Nog har jag skrattat \u00e5t en och annan blondinhistoria, men man kan ju undra varf\u00f6r just blonda kvinnor har blivit hopbuntade till en homogen grupp med antagna, specifika egenskaper som oftast g\u00e5r ut p\u00e5 en grav avsaknad av hj\u00e4rnceller kombinerat med f\u00f6rh\u00f6jt sexintresse. Stora tuttar tycks ocks\u00e5 vara ett utm\u00e4rkande drag f\u00f6r den h\u00e4r imagin\u00e4ra gruppen.<\/p>\n<p>Genom historian har blondhet f\u00f6rknippats med sk\u00f6nhet, exklusivitet, ungdomlighet och d\u00e4rmed ansetts som \u00e5tr\u00e5v\u00e4rt. Jag tror att det \u00e4r d\u00e4r skon kl\u00e4mmer. Om man ska anv\u00e4nda en motsvarande, kategoriserande analysmetod (observera att detta \u00e4r skrivet med glimten i \u00f6gat och ska inte tas p\u00e5 blodigt allvar): m\u00e4nnen (grovt generaliserat) g\u00e5r ig\u00e5ng p\u00e5 blondhet (och desto mera om det kommer i kombination med det volumin\u00f6sa bystpartiet) och blir upphetsade, tankeverksamheten sjunker till en vertikalt l\u00e4gre niv\u00e5&#8230;mannen k\u00e4nner sig korkad, v\u00e4nder p\u00e5 steken och projicerar dumheten p\u00e5 objektet. Alternativt handlar det om \u00f6nsket\u00e4nkande om en &#8221;l\u00e4tt&#8221; (= lite dum) blondin.<\/p>\n<p>En tredje m\u00f6jlig f\u00f6rklaring \u00e4r att sexuell attraktionskraft ger en viss makt som m\u00e5ste neutraliseras genom att sk\u00e4mta ner objektet.<\/p>\n<p>Myten om den korkade blondinen fick sin glansperiod i 50-talets Hollywood, med Marilyn Monroe som den sj\u00e4lvklara galjonsfiguren. En ren\u00e4ssans har under 90- och 00-talen uppkommit i form av alla dessa bystiga utvikningsbrudar i systrarna Graafs, Victoria Silvstedts och Anna Nicole Smiths sl\u00e4pt\u00e5g. M\u00e5nga k\u00e4nda blondiner \u00e4r p\u00e5 intet vis korkade, snarare tv\u00e4rtom. En del har byggt sin karri\u00e4r p\u00e5 myten om den dumma blondinen och utnyttjat den till max; Jayne Mansfield hade en fruktad IQ p\u00e5 Mensa-niv\u00e5, n\u00e4mnda Marilyn Monroe var inte alls n\u00e5gon dumbom, Victoria Silvstedt spelar friskt p\u00e5 imagen om den sm\u00e5korkade, promisku\u00f6sa blondinen fr\u00e5n Sverige, Dolly Parton \u00e4r en slipad aff\u00e4rskvinna som medvetet anv\u00e4nder sig av sin blonda och bystiga uppenbarelse. Redan Mae West p\u00e5 sin tid visste att utnyttja just den blonda imagen till sin f\u00f6rdel.<\/p>\n<p>Som vilken som helst normalbeg\u00e5vad individ kan inse s\u00e5 finns det inget korrelerande samband mellan h\u00e5rf\u00e4rg och IQ, men varf\u00f6r spr\u00e4cka en rolig myt? Dumma blondiner, roliga norrm\u00e4n, humorbefriade tyskar, sn\u00e5la sm\u00e5l\u00e4nningar, eldf\u00e4ngda r\u00f6dh\u00e4ttor, dryga amerikaner, temperamentsfulla latinos&#8230;skojiga och l\u00e4ttsamma generaliseringar, eller? &#8230;. muslimer? &#8230; judar? (Fyll i adjektiv)<\/p>\n<p>Att bunta ihop m\u00e4nniskor i kollektiv och s\u00e4tta etiketter och egenskaper p\u00e5 dem \u00e4r s\u00e4llan en god id\u00e9 i min v\u00e4rld. Sedan g\u00e5r ju skalan fr\u00e5n mer mera harml\u00f6st generaliserande till de skr\u00e4ckexempel vi alla k\u00e4nner till.<\/p>\n<p>&nbsp;<\/p>\n<p>&#8221;Varf\u00f6r har blondinen bl\u00e5m\u00e4rken kring naveln?<\/p>\n<p>Blonda m\u00e4n \u00e4r inte heller s\u00e5 smarta&#8230;&#8221;<\/p>\n<p>&#8211;<\/p>\n<p>&nbsp;<\/p>\n","protected":false},"excerpt":{"rendered":"<p>\u00a0Marilyn Monroe i Gentlemen Prefer Blondes Jag l\u00e4ste n\u00e5gonstans att \u00d6sterrike nu ska f\u00f6rbjuda blondinvitsar. Jag \u00e4r absolut ingen anh\u00e4ngare av f\u00f6rbud, men nog kan de sk roliga historierna ibland vara l\u00e4tt enerverande. I dessa l\u00e4ttkr\u00e4nkthetens tider har blondinerna totalt &hellip; <a href=\"http:\/\/www.susannavaris.com\/blogg\/2012\/01\/blondinskamt\/\">Forts\u00e4tt l\u00e4sa <span class=\"meta-nav\">&rarr;<\/span><\/a><\/p>\n","protected":false},"author":1,"featured_media":0,"comment_status":"open","ping_status":"open","sticky":false,"template":"","format":"standard","meta":{"footnotes":""},"categories":[181,9,259,674,285,1],"tags":[1123,1116,1118,724,1117,1122,1120,1121,240,286,1119,1124,279],"class_list":["post-3810","post","type-post","status-publish","format-standard","hentry","category-feminism","category-film","category-genusvetenskap","category-historia","category-marilyn-monroe","category-okategoriserade","tag-anna-nicole-smith","tag-blondiner","tag-blondinhistorier","tag-blondinskamt","tag-blondinvitsar","tag-dolly-parton","tag-gentlemen-prefer-blondes","tag-herrar-foredrar-blondiner","tag-mae-west","tag-marilyn-monroe-2","tag-osterrike","tag-systrarna-graaf","tag-victoria-silvstedt"],"_links":{"self":[{"href":"http:\/\/www.susannavaris.com\/blogg\/wp-json\/wp\/v2\/posts\/3810","targetHints":{"allow":["GET"]}}],"collection":[{"href":"http:\/\/www.susannavaris.com\/blogg\/wp-json\/wp\/v2\/posts"}],"about":[{"href":"http:\/\/www.susannavaris.com\/blogg\/wp-json\/wp\/v2\/types\/post"}],"author":[{"embeddable":true,"href":"http:\/\/www.susannavaris.com\/blogg\/wp-json\/wp\/v2\/users\/1"}],"replies":[{"embeddable":true,"href":"http:\/\/www.susannavaris.com\/blogg\/wp-json\/wp\/v2\/comments?post=3810"}],"version-history":[{"count":11,"href":"http:\/\/www.susannavaris.com\/blogg\/wp-json\/wp\/v2\/posts\/3810\/revisions"}],"predecessor-version":[{"id":3831,"href":"http:\/\/www.susannavaris.com\/blogg\/wp-json\/wp\/v2\/posts\/3810\/revisions\/3831"}],"wp:attachment":[{"href":"http:\/\/www.susannavaris.com\/blogg\/wp-json\/wp\/v2\/media?parent=3810"}],"wp:term":[{"taxonomy":"category","embeddable":true,"href":"http:\/\/www.susannavaris.com\/blogg\/wp-json\/wp\/v2\/categories?post=3810"},{"taxonomy":"post_tag","embeddable":true,"href":"http:\/\/www.susannavaris.com\/blogg\/wp-json\/wp\/v2\/tags?post=3810"}],"curies":[{"name":"wp","href":"https:\/\/api.w.org\/{rel}","templated":true}]}}