{"id":3820,"date":"2012-01-01T12:32:31","date_gmt":"2012-01-01T11:32:31","guid":{"rendered":"http:\/\/www.susannavaris.com\/blogg\/?p=3820"},"modified":"2012-01-01T12:32:31","modified_gmt":"2012-01-01T11:32:31","slug":"all-heder-at-statsministern","status":"publish","type":"post","link":"http:\/\/www.susannavaris.com\/blogg\/2012\/01\/all-heder-at-statsministern\/","title":{"rendered":"All heder \u00e5t statsministern"},"content":{"rendered":"<p style=\"text-align: center;\"><a href=\"http:\/\/www.susannavaris.com\/blogg\/wp-content\/uploads\/2012\/01\/reinfeldt655_733459c.jpg\"><img loading=\"lazy\" decoding=\"async\" class=\"aligncenter size-full wp-image-3821\" title=\"reinfeldt655_733459c\" src=\"http:\/\/www.susannavaris.com\/blogg\/wp-content\/uploads\/2012\/01\/reinfeldt655_733459c.jpg\" alt=\"\" width=\"485\" height=\"322\" srcset=\"http:\/\/www.susannavaris.com\/blogg\/wp-content\/uploads\/2012\/01\/reinfeldt655_733459c.jpg 485w, http:\/\/www.susannavaris.com\/blogg\/wp-content\/uploads\/2012\/01\/reinfeldt655_733459c-300x199.jpg 300w\" sizes=\"auto, (max-width: 485px) 100vw, 485px\" \/><\/a><em>\u00a0Foto: svd<\/em><\/p>\n<p>Statsminister Reinfeldt har i h\u00f6stas och senast ig\u00e5r utm\u00e4rkt sig genom artiklar d\u00e4r han engagerar sig i problematiken kring v\u00e5ld i n\u00e4ra relationer. All heder till honom f\u00f6r detta. Det \u00e4r dock m\u00e4rkligt tyst fr\u00e5n det vanliga kopplet kvinnliga skribenter och kr\u00f6nik\u00f6rer i v\u00e4nster-\/feministh\u00f6rnan. Kan det bero p\u00e5 att initiativet kommer fr\u00e5n fel politiskt h\u00e5ll?<\/p>\n<p>Jag v\u00e4lkomnar alla initiativ som kan underl\u00e4tta situationen f\u00f6r m\u00e4nniskor som drabbas av v\u00e5ld i n\u00e4ra relationer. Av egen erfarenhet vet jag vilket helvete det kan vara och hur (faktiskt) om\u00f6jligt det kan vara att bryta sig ur ett s\u00e5dant f\u00f6rh\u00e5llande med livet i beh\u00e5ll. Jag hade beh\u00f6vt mera st\u00f6d, men jag klarade mig. De poliser som jag kom i kontakt med behandlade mig alla p\u00e5 ett fantastiskt bra s\u00e4tt, jag s\u00e5g ingenting av &#8221;att inte bli tagen p\u00e5 allvar&#8221;, men problematiken \u00e4r mycket komplex. En anm\u00e4lan leder oundvikligen till mera terror och mera v\u00e5ld, i en situation d\u00e4r man redan \u00e4r s\u00e5 dr\u00e4nerad psykiskt och fysiskt att man knappt fungerar i en vardag.<\/p>\n<p>&#8221;Varf\u00f6r sticker du inte bara?&#8221; Javisst! Vart d\u00e5? Vart skulle du sj\u00e4lv sticka, kanske med dina barn, fr\u00e5n ditt hem? D\u00e4r du kan forts\u00e4tta att g\u00e5 till arbetet n\u00e4sta dag? Kanske utan n\u00e5gra tillh\u00f6righeter som helst? Kvinnojourer finns och det \u00e4r bra. De m\u00e5ste bli fler.<\/p>\n<p>N\u00e4sta dag n\u00e4r du g\u00e5r till jobbet s\u00e5 finns hoppar han fram n\u00e5gonstans l\u00e4ngs v\u00e4gen. Han ringer dig konstant, med \u00f6msom b\u00f6ner, \u00f6msom hot, \u00f6msom utsk\u00e4llningar. Han f\u00f6rst\u00f6r din egendom, sliter ifr\u00e5n dig saker som du har&#8230; kanske hemnycklar, eller annat som du m\u00e5ste ha. Han trakasserar dig tills du inte har kraft att g\u00f6ra n\u00e5gonting annat \u00e4n g\u00e5 tillbaka f\u00f6r att kunna forts\u00e4tta leva. Ofta \u00e4r det inte ens n\u00e5gra grava g\u00e4rningar, du blir inte nerslagen varje g\u00e5ng, men en konstant str\u00f6m av i sig icke straffbara g\u00e4rningar (eller med l\u00e5gt straffv\u00e4rde), som sammantaget blir en mardr\u00f6m. I v\u00e4rsta fall sl\u00e5r han ihj\u00e4l dig om du inte g\u00e5r tillbaka. Jag hade \u00f6nskat en kontaktperson (eller grupp) hos polisen som jag n\u00e4r som helst kunde f\u00e5 tag p\u00e5 och f\u00e5 hj\u00e4lp av om det beh\u00f6vdes. Man kanske kunde ha speciella grupper i varje kommun, som enbart har till uppgift att ha hand om relationsv\u00e5ldet.<\/p>\n<p>Jag f\u00f6rst\u00e5r myndigheterna och polisen i det att det \u00e4r s\u00e4kerligen deprimerande att se kvinnor g\u00e5 tillbaka till s\u00e5dana h\u00e4r m\u00e4n, g\u00e5ng p\u00e5 g\u00e5ng och ta tillbaka sina anm\u00e4lningar (jag f\u00f6rmodar att det kan vara liknande f\u00f6rh\u00e5llanden f\u00f6r m\u00e4n som \u00e4r misshandlade). De h\u00e4r situationerna \u00e4r mycket sv\u00e5ra och komplexa att hantera.<\/p>\n<p>Det var l\u00e4nge sedan en statsminister tog upp fr\u00e5gan p\u00e5 det h\u00e4r s\u00e4ttet och inte som en pliktskyldig upprabbling i f\u00f6rbifarten.<\/p>\n<p><a href=\"http:\/\/www.aftonbladet.se\/debatt\/debattamnen\/jamstalldhet\/article14146551.ab\">http:\/\/www.aftonbladet.se\/debatt\/debattamnen\/jamstalldhet\/article14146551.ab<\/a><\/p>\n<p><a href=\"http:\/\/www.svd.se\/nyheter\/inrikes\/hardare-straff-for-kvinnovald_6720429.svd\">http:\/\/www.svd.se\/nyheter\/inrikes\/hardare-straff-for-kvinnovald_6720429.svd<\/a><\/p>\n","protected":false},"excerpt":{"rendered":"<p>\u00a0Foto: svd Statsminister Reinfeldt har i h\u00f6stas och senast ig\u00e5r utm\u00e4rkt sig genom artiklar d\u00e4r han engagerar sig i problematiken kring v\u00e5ld i n\u00e4ra relationer. All heder till honom f\u00f6r detta. Det \u00e4r dock m\u00e4rkligt tyst fr\u00e5n det vanliga kopplet &hellip; <a href=\"http:\/\/www.susannavaris.com\/blogg\/2012\/01\/all-heder-at-statsministern\/\">Forts\u00e4tt l\u00e4sa <span class=\"meta-nav\">&rarr;<\/span><\/a><\/p>\n","protected":false},"author":1,"featured_media":0,"comment_status":"open","ping_status":"open","sticky":false,"template":"","format":"standard","meta":{"footnotes":""},"categories":[181,259,1,590],"tags":[1131,149,1130,1127,1126,1125,1128,504,1046,1129],"class_list":["post-3820","post","type-post","status-publish","format-standard","hentry","category-feminism","category-genusvetenskap","category-okategoriserade","category-politik","tag-ab","tag-aftonbladet","tag-jultal","tag-kvinnomisshandel","tag-kvinnovald","tag-reinfeldt","tag-relationsvald","tag-svd","tag-svenska-dagbladet","tag-vald-i-nara-relationer"],"_links":{"self":[{"href":"http:\/\/www.susannavaris.com\/blogg\/wp-json\/wp\/v2\/posts\/3820","targetHints":{"allow":["GET"]}}],"collection":[{"href":"http:\/\/www.susannavaris.com\/blogg\/wp-json\/wp\/v2\/posts"}],"about":[{"href":"http:\/\/www.susannavaris.com\/blogg\/wp-json\/wp\/v2\/types\/post"}],"author":[{"embeddable":true,"href":"http:\/\/www.susannavaris.com\/blogg\/wp-json\/wp\/v2\/users\/1"}],"replies":[{"embeddable":true,"href":"http:\/\/www.susannavaris.com\/blogg\/wp-json\/wp\/v2\/comments?post=3820"}],"version-history":[{"count":3,"href":"http:\/\/www.susannavaris.com\/blogg\/wp-json\/wp\/v2\/posts\/3820\/revisions"}],"predecessor-version":[{"id":3824,"href":"http:\/\/www.susannavaris.com\/blogg\/wp-json\/wp\/v2\/posts\/3820\/revisions\/3824"}],"wp:attachment":[{"href":"http:\/\/www.susannavaris.com\/blogg\/wp-json\/wp\/v2\/media?parent=3820"}],"wp:term":[{"taxonomy":"category","embeddable":true,"href":"http:\/\/www.susannavaris.com\/blogg\/wp-json\/wp\/v2\/categories?post=3820"},{"taxonomy":"post_tag","embeddable":true,"href":"http:\/\/www.susannavaris.com\/blogg\/wp-json\/wp\/v2\/tags?post=3820"}],"curies":[{"name":"wp","href":"https:\/\/api.w.org\/{rel}","templated":true}]}}