{"id":3858,"date":"2012-01-07T18:31:04","date_gmt":"2012-01-07T17:31:04","guid":{"rendered":"http:\/\/www.susannavaris.com\/blogg\/?p=3858"},"modified":"2012-01-07T18:31:04","modified_gmt":"2012-01-07T17:31:04","slug":"benke-och-slussen","status":"publish","type":"post","link":"http:\/\/www.susannavaris.com\/blogg\/2012\/01\/benke-och-slussen\/","title":{"rendered":"Benke och Slussen"},"content":{"rendered":"<p style=\"text-align: center;\"><a href=\"http:\/\/www.susannavaris.com\/blogg\/wp-content\/uploads\/2012\/01\/Bengt_Ohlsson.jpg\"><img loading=\"lazy\" decoding=\"async\" class=\"aligncenter size-full wp-image-3862\" title=\"Bengt_Ohlsson\" src=\"http:\/\/www.susannavaris.com\/blogg\/wp-content\/uploads\/2012\/01\/Bengt_Ohlsson.jpg\" alt=\"\" width=\"470\" height=\"310\" srcset=\"http:\/\/www.susannavaris.com\/blogg\/wp-content\/uploads\/2012\/01\/Bengt_Ohlsson.jpg 470w, http:\/\/www.susannavaris.com\/blogg\/wp-content\/uploads\/2012\/01\/Bengt_Ohlsson-300x197.jpg 300w\" sizes=\"auto, (max-width: 470px) 100vw, 470px\" \/><\/a>\u00a0<em>Foto: Christine Ohlsson\/Scanpix<\/em><\/p>\n<p>Slussen, Kulturslussen och Bengt Ohlssons kr\u00f6nika i DN:\u00a0<a href=\"http:\/\/www.dn.se\/kultur-noje\/debatt-essa\/nar-ska-det-roda-rinna-av-kulturens-fana\">http:\/\/www.dn.se\/kultur-noje\/debatt-essa\/nar-ska-det-roda-rinna-av-kulturens-fana<\/a>\u00a0, har \u00a0f\u00f6ranlett en mindre storm i ankdammen.<\/p>\n<p>Bengt Ohlsson, uppvuxen och uppv\u00e4xt in i v\u00e4nstern, hyllad skribent och prisad f\u00f6rfattare, bosatt i Slussens omedelbara n\u00e4rhet, har nu s\u00e4kerligen i m\u00e5ngas \u00f6gon &#8221;skitit i det bl\u00e5 sk\u00e5pet&#8221;, som det pl\u00e4gar s\u00e4gas. Sj\u00e4lv tycker jag att kr\u00f6nikan i stora delar \u00e4r en riktig fulltr\u00e4ff, det \u00e4r m\u00e4rkligt hur det i Sverige \u00e4r n\u00e4rmast p\u00e5bjudet att tillh\u00f6ra v\u00e4nstern om man \u00e4r en kulturarbetare. Kulturellt skapande bygger i h\u00f6gsta grad p\u00e5 individualitet och i den meningen \u00e4r inte ett kollektivistiskt tankes\u00e4tt det som ligger n\u00e4rmast. F\u00f6rm\u00e5ga att k\u00e4nna empati och bry sig om andra m\u00e4nniskor \u00e4r knappast n\u00e5gonting som \u00e4r enbart v\u00e4nstern f\u00f6runnat. Det g\u00e5r alldeles utm\u00e4rkt att dela med sig av sina resurser till mindre bemedlade utan medverkan fr\u00e5n staten.<\/p>\n<p>Ohlsson s\u00e4tter fingret p\u00e5 en viktig sak (f\u00f6rutom kanske behovet av tillh\u00f6righet, som ocks\u00e5 \u00e4r en intressant po\u00e4ng); of\u00f6rm\u00e5gan att inse att man tillh\u00f6r en elit, eller en gruppering med makt, att man \u00e4r en del av makten. Det kan g\u00e4lla en del av den kulturarbetande v\u00e4nstern, som blivit etablerad, uppn\u00e5tt en trygg f\u00f6rm\u00f6genhet, bosatt sig i arbetarstadsdelen S\u00f6dermalm och som i allra h\u00f6gsta grad har makt numera. Det kan g\u00e4lla en del feministiska skribenter, som dels f\u00f6r att kvinnor historiskt har f\u00f6rtryckts, dels f\u00f6r att man f\u00f6r n\u00e5gra decennier sedan inte \u00e4n var s\u00e5 brett representerade p\u00e5 kultursidorna, inte har m\u00e4rkt att man numera snarare \u00e4r den dominerande r\u00f6sten. F\u00f6r unga, kvinnliga, feministiska skribenter var &#8221;Fittstim&#8221; och generationen d\u00e4romkring en viktig murbr\u00e4cka, men numera \u00e4r inte den kategorin l\u00e4ngre en marginaliserad undantagsr\u00f6relse.<\/p>\n<p>Socialdemokraterna var s\u00e5 vana vid sin makt att de numera inte ens vet vilken politik, eller varf\u00f6r den politiken, de ska f\u00f6ra. Man \u00e4r ett maktetablissemang i sig, utan kontakt med &#8221;de s\u00e4mst st\u00e4llda&#8221; man s\u00e4ger sig representera.<\/p>\n<p>Bengt Ohlsson \u00e4r en del av b\u00e5de kultureliten och makten. Han \u00e4r dessutom bosatt p\u00e5 S\u00f6dermalm. D\u00e4rf\u00f6r var det mycket f\u00f6rv\u00e5nande att l\u00e4sa hans, minst sagt, fr\u00e4na och kritiska kr\u00f6nika om sitt omr\u00e5de och umg\u00e4nge. (Den enda han k\u00e4nde behov av att f\u00f6rsvara var konstigt nog Bj\u00f6rn Ranelid, som nog mycket v\u00e4l har sin egen plats i allehanda media att ut\u00f6va sj\u00e4lvf\u00f6rsvar i och som knappast \u00e4r n\u00e5gon maktl\u00f6s individ.)<\/p>\n<p>Desto mera uppr\u00f6rd blev jag tidigare i \u00e5r av Benkes kr\u00f6nika om utflykten till S\u00f6dert\u00e4lje, min hemstad:<\/p>\n<p><a href=\"http:\/\/www.susannavaris.com\/blogg\/2011\/06\/for-ovrigt-anser-jag\/\">http:\/\/www.susannavaris.com\/blogg\/2011\/06\/for-ovrigt-anser-jag\/<\/a><\/p>\n<p>Hela kr\u00f6nikan i DN:\u00a0<a href=\"http:\/\/www.dn.se\/blogg\/pa-stan\/2011\/06\/03\/benkehan-flaggade-for-mer-tradionella-rasistiska-asikter-3601\/\">http:\/\/www.dn.se\/blogg\/pa-stan\/2011\/06\/03\/benkehan-flaggade-for-mer-tradionella-rasistiska-asikter-3601\/<\/a><\/p>\n<p>Benke, med sin position i kultureliten och med sina fina v\u00e4nster\u00e5sikter som extra gr\u00e4dde p\u00e5 moset, \u00e5ker till f\u00f6rorten, till en riktig arbetarstad (numera i och f\u00f6r sig i dalande grad s\u00e5, efter allehanda industriella omstruktureringar&#8230;) Vad hittar han v\u00e4l d\u00e4r? Ingen varm, v\u00e4lkomnande famn av hundratals sm\u00e5 Bengt Ohlsson-l\u00e4sande m\u00e4nniskor, enbart fyra, h\u00e5l\u00f6gda lyssnare dyker upp. D\u00e5 m\u00e5ste ju hela staden befolkas av obildade rasister, eller &#8221;puckade inf\u00f6dingar&#8221;, f\u00f6r att anv\u00e4nda Benkes egna uttryck fr\u00e5n &#8221;N\u00e4r ska det r\u00f6da&#8230;&#8221;-kr\u00f6nikan? Benke k\u00e4nner nog inte till s\u00e5 mycket om S\u00f6dert\u00e4lje, men lyser av f\u00f6rakt. Den kr\u00f6nikan var p\u00e5 ett s\u00e4tt droppen som fick min b\u00e4gare att rinna \u00f6ver. Efter otaliga el\u00e4ndesreportage om S\u00f6dert\u00e4lje i media och med en r\u00e5dande inst\u00e4llning hos snart sagt varje innerstadsbo om att Sl\u00f6ddert\u00e4lje g\u00e5r det ju inte att bo i, knappt att bes\u00f6ka, blev den solidaritetsgesten sista droppen. Jag skrev strax d\u00e4rp\u00e5 tv\u00e5 blogginl\u00e4gg om det grava innanf\u00f6rskapet i en viss stadsdel i Stockholm.<\/p>\n<p><a href=\"http:\/\/www.susannavaris.com\/blogg\/2011\/08\/en-rundvandring-i-innanforskapets-stockholm-del-i\/\">http:\/\/www.susannavaris.com\/blogg\/2011\/08\/en-rundvandring-i-innanforskapets-stockholm-del-i\/<\/a><\/p>\n<p><a href=\"http:\/\/www.susannavaris.com\/blogg\/2011\/08\/en-rundvandring-i-innanforskapets-stockholm-del-ii\/\">http:\/\/www.susannavaris.com\/blogg\/2011\/08\/en-rundvandring-i-innanforskapets-stockholm-del-ii\/<\/a><\/p>\n<p>S\u00e5 var landar allt det h\u00e4r? Bengt Ohlsson har med all s\u00e4kerhet gjort sig obekv\u00e4m bland m\u00e5nga av sina gelikar. Jag tycker att hans senaste kr\u00f6nika har m\u00e5nga, riktigt bra po\u00e4ng. Maktstrukturer ser inte alltid ut som den invanda bilden ger sken av, men Benke \u00e4r i h\u00f6gsta grad en del av makten.<\/p>\n","protected":false},"excerpt":{"rendered":"<p>\u00a0Foto: Christine Ohlsson\/Scanpix Slussen, Kulturslussen och Bengt Ohlssons kr\u00f6nika i DN:\u00a0http:\/\/www.dn.se\/kultur-noje\/debatt-essa\/nar-ska-det-roda-rinna-av-kulturens-fana\u00a0, har \u00a0f\u00f6ranlett en mindre storm i ankdammen. Bengt Ohlsson, uppvuxen och uppv\u00e4xt in i v\u00e4nstern, hyllad skribent och prisad f\u00f6rfattare, bosatt i Slussens omedelbara n\u00e4rhet, har nu s\u00e4kerligen i &hellip; <a href=\"http:\/\/www.susannavaris.com\/blogg\/2012\/01\/benke-och-slussen\/\">Forts\u00e4tt l\u00e4sa <span class=\"meta-nav\">&rarr;<\/span><\/a><\/p>\n","protected":false},"author":1,"featured_media":0,"comment_status":"open","ping_status":"open","sticky":false,"template":"","format":"standard","meta":{"footnotes":""},"categories":[181,589,1,590,1060],"tags":[174,1144,457,175,526,121],"class_list":["post-3858","post","type-post","status-publish","format-standard","hentry","category-feminism","category-medier","category-okategoriserade","category-politik","category-samhallsplanering","tag-bengt-ohlsson","tag-bjorn-ranelid","tag-dagens-nyheter","tag-dn","tag-sodermalm","tag-sodertalje"],"_links":{"self":[{"href":"http:\/\/www.susannavaris.com\/blogg\/wp-json\/wp\/v2\/posts\/3858","targetHints":{"allow":["GET"]}}],"collection":[{"href":"http:\/\/www.susannavaris.com\/blogg\/wp-json\/wp\/v2\/posts"}],"about":[{"href":"http:\/\/www.susannavaris.com\/blogg\/wp-json\/wp\/v2\/types\/post"}],"author":[{"embeddable":true,"href":"http:\/\/www.susannavaris.com\/blogg\/wp-json\/wp\/v2\/users\/1"}],"replies":[{"embeddable":true,"href":"http:\/\/www.susannavaris.com\/blogg\/wp-json\/wp\/v2\/comments?post=3858"}],"version-history":[{"count":5,"href":"http:\/\/www.susannavaris.com\/blogg\/wp-json\/wp\/v2\/posts\/3858\/revisions"}],"predecessor-version":[{"id":3864,"href":"http:\/\/www.susannavaris.com\/blogg\/wp-json\/wp\/v2\/posts\/3858\/revisions\/3864"}],"wp:attachment":[{"href":"http:\/\/www.susannavaris.com\/blogg\/wp-json\/wp\/v2\/media?parent=3858"}],"wp:term":[{"taxonomy":"category","embeddable":true,"href":"http:\/\/www.susannavaris.com\/blogg\/wp-json\/wp\/v2\/categories?post=3858"},{"taxonomy":"post_tag","embeddable":true,"href":"http:\/\/www.susannavaris.com\/blogg\/wp-json\/wp\/v2\/tags?post=3858"}],"curies":[{"name":"wp","href":"https:\/\/api.w.org\/{rel}","templated":true}]}}