{"id":3865,"date":"2012-01-07T23:04:48","date_gmt":"2012-01-07T22:04:48","guid":{"rendered":"http:\/\/www.susannavaris.com\/blogg\/?p=3865"},"modified":"2012-01-07T23:06:46","modified_gmt":"2012-01-07T22:06:46","slug":"galleri-zebra-pa-spejsad-video","status":"publish","type":"post","link":"http:\/\/www.susannavaris.com\/blogg\/2012\/01\/galleri-zebra-pa-spejsad-video\/","title":{"rendered":"Galleri Zebra p\u00e5 spejsad video"},"content":{"rendered":"<p style=\"text-align: center;\"><a href=\"http:\/\/www.susannavaris.com\/blogg\/wp-content\/uploads\/2012\/01\/zebranyar34-50-crop.jpg\"><img loading=\"lazy\" decoding=\"async\" class=\"aligncenter size-full wp-image-3866\" title=\"zebranyar34-50-crop\" src=\"http:\/\/www.susannavaris.com\/blogg\/wp-content\/uploads\/2012\/01\/zebranyar34-50-crop.jpg\" alt=\"\" width=\"877\" height=\"813\" srcset=\"http:\/\/www.susannavaris.com\/blogg\/wp-content\/uploads\/2012\/01\/zebranyar34-50-crop.jpg 877w, http:\/\/www.susannavaris.com\/blogg\/wp-content\/uploads\/2012\/01\/zebranyar34-50-crop-300x278.jpg 300w\" sizes=\"auto, (max-width: 877px) 100vw, 877px\" \/><\/a>\u00a0<em>P\u00e5 vernissagedagen vid Zebra i S\u00f6dert\u00e4lje<\/em><\/p>\n<p>Min v\u00e4n Jari fr\u00e5n gruppen Jukijaimais och Mate Jete, bland annat, kom i somras och spelade musik p\u00e5 mitt vernissage p\u00e5 galleri Zebra. Vissa bitar spelades in och h\u00e4r \u00e4r resultatet:<\/p>\n<p><a href=\"http:\/\/www.youtube.com\/watch?v=OPv_Lf0eYh0\">http:\/\/www.youtube.com\/watch?v=OPv_Lf0eYh0<\/a><\/p>\n<p>Det \u00e4r jag och en bes\u00f6kare som h\u00f6rs i bakgrunden&#8230;<\/p>\n<p>Stillbilder fr\u00e5n inspelningen:<\/p>\n<p style=\"text-align: center;\"><a href=\"http:\/\/www.susannavaris.com\/blogg\/wp-content\/uploads\/2012\/01\/zebra07x-7575.jpg\"><img loading=\"lazy\" decoding=\"async\" class=\"aligncenter size-large wp-image-3867\" title=\"zebra07x-7575\" src=\"http:\/\/www.susannavaris.com\/blogg\/wp-content\/uploads\/2012\/01\/zebra07x-7575-1024x680.jpg\" alt=\"\" width=\"640\" height=\"425\" srcset=\"http:\/\/www.susannavaris.com\/blogg\/wp-content\/uploads\/2012\/01\/zebra07x-7575-1024x680.jpg 1024w, http:\/\/www.susannavaris.com\/blogg\/wp-content\/uploads\/2012\/01\/zebra07x-7575-300x199.jpg 300w\" sizes=\"auto, (max-width: 640px) 100vw, 640px\" \/><\/a>\u00a0<em>Jari sj\u00e4lv<\/em><\/p>\n<p style=\"text-align: center;\"><a href=\"http:\/\/www.susannavaris.com\/blogg\/wp-content\/uploads\/2012\/01\/zebra14x-7575.jpg\"><img loading=\"lazy\" decoding=\"async\" class=\"aligncenter size-large wp-image-3868\" title=\"zebra14x-7575\" src=\"http:\/\/www.susannavaris.com\/blogg\/wp-content\/uploads\/2012\/01\/zebra14x-7575-1024x682.jpg\" alt=\"\" width=\"640\" height=\"426\" srcset=\"http:\/\/www.susannavaris.com\/blogg\/wp-content\/uploads\/2012\/01\/zebra14x-7575-1024x682.jpg 1024w, http:\/\/www.susannavaris.com\/blogg\/wp-content\/uploads\/2012\/01\/zebra14x-7575-300x200.jpg 300w\" sizes=\"auto, (max-width: 640px) 100vw, 640px\" \/><\/a>\u00a0<a href=\"http:\/\/www.susannavaris.com\/blogg\/wp-content\/uploads\/2012\/01\/zebra15x-7575.jpg\"><img loading=\"lazy\" decoding=\"async\" class=\"aligncenter size-large wp-image-3869\" title=\"zebra15x-7575\" src=\"http:\/\/www.susannavaris.com\/blogg\/wp-content\/uploads\/2012\/01\/zebra15x-7575-1024x682.jpg\" alt=\"\" width=\"640\" height=\"426\" srcset=\"http:\/\/www.susannavaris.com\/blogg\/wp-content\/uploads\/2012\/01\/zebra15x-7575-1024x682.jpg 1024w, http:\/\/www.susannavaris.com\/blogg\/wp-content\/uploads\/2012\/01\/zebra15x-7575-300x200.jpg 300w\" sizes=\"auto, (max-width: 640px) 100vw, 640px\" \/><\/a>\u00a0<em>Kajsa M\u00e5nsson filmade<\/em><\/p>\n<p style=\"text-align: center;\">Mer om Jukijaimais h\u00e4r:<\/p>\n<p style=\"text-align: center;\"><a href=\"http:\/\/www.myspace.com\/jukijaimais\">http:\/\/www.myspace.com\/jukijaimais<\/a><\/p>\n<p>&nbsp;<\/p>\n<p>&nbsp;<\/p>\n<p>&nbsp;<\/p>\n","protected":false},"excerpt":{"rendered":"<p>\u00a0P\u00e5 vernissagedagen vid Zebra i S\u00f6dert\u00e4lje Min v\u00e4n Jari fr\u00e5n gruppen Jukijaimais och Mate Jete, bland annat, kom i somras och spelade musik p\u00e5 mitt vernissage p\u00e5 galleri Zebra. Vissa bitar spelades in och h\u00e4r \u00e4r resultatet: http:\/\/www.youtube.com\/watch?v=OPv_Lf0eYh0 Det \u00e4r &hellip; <a href=\"http:\/\/www.susannavaris.com\/blogg\/2012\/01\/galleri-zebra-pa-spejsad-video\/\">Forts\u00e4tt l\u00e4sa <span class=\"meta-nav\">&rarr;<\/span><\/a><\/p>\n","protected":false},"author":1,"featured_media":0,"comment_status":"open","ping_status":"open","sticky":false,"template":"","format":"standard","meta":{"footnotes":""},"categories":[7,555,166,3,12,994,1,4],"tags":[1147,54,1145,1146,17,16,236,122,476],"class_list":["post-3865","post","type-post","status-publish","format-standard","hentry","category-egna-verk","category-events","category-galleri-zebra-2","category-konst","category-marilyn-manson","category-musik","category-okategoriserade","category-utstallning","tag-exhibition","tag-galleri-zebra","tag-jukijaimais","tag-kajsa-mansson","tag-konst-2","tag-marilyn-manson-2","tag-mm","tag-utstallning-2","tag-vernissage"],"_links":{"self":[{"href":"http:\/\/www.susannavaris.com\/blogg\/wp-json\/wp\/v2\/posts\/3865","targetHints":{"allow":["GET"]}}],"collection":[{"href":"http:\/\/www.susannavaris.com\/blogg\/wp-json\/wp\/v2\/posts"}],"about":[{"href":"http:\/\/www.susannavaris.com\/blogg\/wp-json\/wp\/v2\/types\/post"}],"author":[{"embeddable":true,"href":"http:\/\/www.susannavaris.com\/blogg\/wp-json\/wp\/v2\/users\/1"}],"replies":[{"embeddable":true,"href":"http:\/\/www.susannavaris.com\/blogg\/wp-json\/wp\/v2\/comments?post=3865"}],"version-history":[{"count":3,"href":"http:\/\/www.susannavaris.com\/blogg\/wp-json\/wp\/v2\/posts\/3865\/revisions"}],"predecessor-version":[{"id":3872,"href":"http:\/\/www.susannavaris.com\/blogg\/wp-json\/wp\/v2\/posts\/3865\/revisions\/3872"}],"wp:attachment":[{"href":"http:\/\/www.susannavaris.com\/blogg\/wp-json\/wp\/v2\/media?parent=3865"}],"wp:term":[{"taxonomy":"category","embeddable":true,"href":"http:\/\/www.susannavaris.com\/blogg\/wp-json\/wp\/v2\/categories?post=3865"},{"taxonomy":"post_tag","embeddable":true,"href":"http:\/\/www.susannavaris.com\/blogg\/wp-json\/wp\/v2\/tags?post=3865"}],"curies":[{"name":"wp","href":"https:\/\/api.w.org\/{rel}","templated":true}]}}