{"id":3873,"date":"2012-01-08T22:06:17","date_gmt":"2012-01-08T21:06:17","guid":{"rendered":"http:\/\/www.susannavaris.com\/blogg\/?p=3873"},"modified":"2012-01-08T22:06:17","modified_gmt":"2012-01-08T21:06:17","slug":"turner-monet-och-eh-peredvizjniki","status":"publish","type":"post","link":"http:\/\/www.susannavaris.com\/blogg\/2012\/01\/turner-monet-och-eh-peredvizjniki\/","title":{"rendered":"Turner, Monet och&#8230;eh, Peredvizjniki"},"content":{"rendered":"<p style=\"text-align: center;\"><a href=\"http:\/\/www.susannavaris.com\/blogg\/wp-content\/uploads\/2012\/01\/DSC_0569-50-adj.jpg\"><img loading=\"lazy\" decoding=\"async\" class=\"aligncenter size-large wp-image-3874\" title=\"DSC_0569-50-adj\" src=\"http:\/\/www.susannavaris.com\/blogg\/wp-content\/uploads\/2012\/01\/DSC_0569-50-adj-1024x637.jpg\" alt=\"\" width=\"640\" height=\"398\" srcset=\"http:\/\/www.susannavaris.com\/blogg\/wp-content\/uploads\/2012\/01\/DSC_0569-50-adj-1024x637.jpg 1024w, http:\/\/www.susannavaris.com\/blogg\/wp-content\/uploads\/2012\/01\/DSC_0569-50-adj-300x186.jpg 300w\" sizes=\"auto, (max-width: 640px) 100vw, 640px\" \/><\/a><em>\u00a0Min kamera svek mig, efter denna f\u00f6rsta bild tog batteriet slut. I Kungstr\u00e4dg\u00e5rden, eller Karl XII:s torg, som det verkar heta enligt bussh\u00e5llplatsen, spelades Iron Maiden f\u00f6r de skridsko\u00e5kande kidsen.<\/em><\/p>\n<p>Idag skulle vi se den p\u00e5 m\u00e5nga s\u00e4tt intressanta utst\u00e4llningen med de tre (?) stora m\u00e4starna p\u00e5 Moderna Mus\u00e9et. F\u00f6rst skulle vi dock \u00e4ta p\u00e5 den underbara restaurangen p\u00e5 Nationalmuseum, Atrium. D\u00e4r s\u00e5g det ut s\u00e5 h\u00e4r:<\/p>\n<p><a href=\"http:\/\/www.susannavaris.com\/blogg\/wp-content\/uploads\/2012\/01\/queueww2_queues.jpg\"><img loading=\"lazy\" decoding=\"async\" class=\"aligncenter size-full wp-image-3875\" title=\"queueww2_queues\" src=\"http:\/\/www.susannavaris.com\/blogg\/wp-content\/uploads\/2012\/01\/queueww2_queues.jpg\" alt=\"\" width=\"707\" height=\"465\" srcset=\"http:\/\/www.susannavaris.com\/blogg\/wp-content\/uploads\/2012\/01\/queueww2_queues.jpg 707w, http:\/\/www.susannavaris.com\/blogg\/wp-content\/uploads\/2012\/01\/queueww2_queues-300x197.jpg 300w\" sizes=\"auto, (max-width: 707px) 100vw, 707px\" \/><\/a><\/p>\n<p>Moderskan och jag fick \u00e4ran att k\u00f6a f\u00f6rst, det tog en cirkus 40 minuter. Uffe t\u00e4nkte vid det laget ge upp id\u00e9n om mat \u00f6ver huvudtaget, men gjorde sedan ett f\u00f6rs\u00f6k och kom undan med en kvart. Det \u00e4r dock n\u00e4stan v\u00e4rt det, laxen i kombination med den vegetariska buff\u00e9n \u00e4r himmelsk och dessutom mycket prisv\u00e4rd.<\/p>\n<p>St\u00e4rkta av lite h\u00e4lsosam och sj\u00e4lssmekande f\u00f6da traskade vi sedan vidare mot Skeppsholmen och Moderna Mus\u00e9et. D\u00e4r s\u00e5g det ut s\u00e4 h\u00e4r:<\/p>\n<p><a href=\"http:\/\/www.susannavaris.com\/blogg\/wp-content\/uploads\/2012\/01\/queuesaupload_queue.jpg\"><img loading=\"lazy\" decoding=\"async\" class=\"aligncenter size-full wp-image-3876\" title=\"queuesaupload_queue\" src=\"http:\/\/www.susannavaris.com\/blogg\/wp-content\/uploads\/2012\/01\/queuesaupload_queue.jpg\" alt=\"\" width=\"300\" height=\"350\" srcset=\"http:\/\/www.susannavaris.com\/blogg\/wp-content\/uploads\/2012\/01\/queuesaupload_queue.jpg 300w, http:\/\/www.susannavaris.com\/blogg\/wp-content\/uploads\/2012\/01\/queuesaupload_queue-257x300.jpg 257w\" sizes=\"auto, (max-width: 300px) 100vw, 300px\" \/><\/a><\/p>\n<p>&nbsp;<\/p>\n<p>K\u00f6n stack ut en 30 meter fr\u00e5n entr\u00e9en, innanf\u00f6r slingrade den sig in mot nederv\u00e5ningen och tillbaka igen och sedan till kassorna. Det blev inget Moderna. Snacka om lyckad marknadsf\u00f6ring f\u00f6r Twombly och f\u00f6rs\u00e4ljaren Larry Gagosian. Jag har tidigare skrivit om det h\u00e4r:<\/p>\n<p><a href=\"http:\/\/www.susannavaris.com\/blogg\/2011\/12\/there%C2%B4s-no-business-like-artbusiness\/\">http:\/\/www.susannavaris.com\/blogg\/2011\/12\/there%C2%B4s-no-business-like-artbusiness\/<\/a><\/p>\n<p>Jag planerar \u00e4nd\u00e5 att se utst\u00e4llningen och hoppas att det i veckan inte \u00e4r samma folkvandring. Glada i h\u00e5gen \u00e4nd\u00e5 gick vi tillbaka till Nationalmus\u00e9et och utst\u00e4llningen om den ryska konstn\u00e4rsgruppen Peredvizjniki (ung. vandringsutst\u00e4llarna).<\/p>\n<p>Utst\u00e4llningen inhyste en hel del varierande tematik, fr\u00e5n vackra portr\u00e4tt p\u00e5 b\u00e5de fattig som rik till undersk\u00f6n naturm\u00e5leri, motiv fr\u00e5n ryska folksagor, industrialismens int\u00e5g i bondebefolkningens vardag, lantliga scenerier, stadsmilj\u00f6er&#8230;ett brett spektrum av tidens liv, hur den \u00e4n gestaltade sig i de olika samh\u00e4llsskikten. Det var just detta som var lite nydanande, att man nu m\u00e5lade portr\u00e4tt av fattiga m\u00e4nniskor p\u00e5 landsbygden med samma omsorg och sk\u00f6nhet som man tidigare enbart \u00e4gnat de b\u00e4ttre bemedlade och att man skildrade deras vardag med ett djupare intresse.<\/p>\n<p style=\"text-align: center;\">N\u00e5gra egna favoriter:<\/p>\n<p style=\"text-align: center;\"><a href=\"http:\/\/www.susannavaris.com\/blogg\/wp-content\/uploads\/2012\/01\/800px-Wassilij_Grigorjewitsch_Perow_002.jpg\"><img loading=\"lazy\" decoding=\"async\" class=\"aligncenter size-full wp-image-3877\" title=\"800px-Wassilij_Grigorjewitsch_Perow_002\" src=\"http:\/\/www.susannavaris.com\/blogg\/wp-content\/uploads\/2012\/01\/800px-Wassilij_Grigorjewitsch_Perow_002.jpg\" alt=\"\" width=\"800\" height=\"512\" srcset=\"http:\/\/www.susannavaris.com\/blogg\/wp-content\/uploads\/2012\/01\/800px-Wassilij_Grigorjewitsch_Perow_002.jpg 800w, http:\/\/www.susannavaris.com\/blogg\/wp-content\/uploads\/2012\/01\/800px-Wassilij_Grigorjewitsch_Perow_002-300x192.jpg 300w\" sizes=\"auto, (max-width: 800px) 100vw, 800px\" \/><\/a>\u00a0<em>Wassilij Grigorjewitsch Perow, &#8221;Den Drunknade&#8221;. Perov m\u00e5lade ofta kontroversiella motiv och givetvis f\u00f6ll jag f\u00f6r hans tavlor. H\u00e4r framst\u00e4lls t ex problematiken med att fattiga kvinnor ofta s\u00e5g som den enda l\u00f6sningen att bli prostituerade.<\/em><\/p>\n<p style=\"text-align: center;\"><a href=\"http:\/\/www.susannavaris.com\/blogg\/wp-content\/uploads\/2012\/01\/natperov5.jpg\"><img loading=\"lazy\" decoding=\"async\" class=\"aligncenter size-full wp-image-3878\" title=\"natperov5\" src=\"http:\/\/www.susannavaris.com\/blogg\/wp-content\/uploads\/2012\/01\/natperov5.jpg\" alt=\"\" width=\"1000\" height=\"772\" srcset=\"http:\/\/www.susannavaris.com\/blogg\/wp-content\/uploads\/2012\/01\/natperov5.jpg 1000w, http:\/\/www.susannavaris.com\/blogg\/wp-content\/uploads\/2012\/01\/natperov5-300x231.jpg 300w\" sizes=\"auto, (max-width: 1000px) 100vw, 1000px\" \/><\/a>\u00a0<em>En till liten p\u00e4rla av Perov, som dessutom f\u00f6rbj\u00f6ds att visas upp av den rysk-ortodoxa kyrkan. I detta verk framst\u00e4lls ett inte alls s\u00e5 nyktert s\u00e4llskap innefattande ett par kyrkans m\u00e4n.<\/em><\/p>\n<p style=\"text-align: center;\"><a href=\"http:\/\/www.susannavaris.com\/blogg\/wp-content\/uploads\/2012\/01\/natjanov_ikonmalaren_282x436.jpg\"><img loading=\"lazy\" decoding=\"async\" class=\"aligncenter size-full wp-image-3879\" title=\"PZ 401-055-1786\" src=\"http:\/\/www.susannavaris.com\/blogg\/wp-content\/uploads\/2012\/01\/natjanov_ikonmalaren_282x436.jpg\" alt=\"\" width=\"282\" height=\"464\" srcset=\"http:\/\/www.susannavaris.com\/blogg\/wp-content\/uploads\/2012\/01\/natjanov_ikonmalaren_282x436.jpg 282w, http:\/\/www.susannavaris.com\/blogg\/wp-content\/uploads\/2012\/01\/natjanov_ikonmalaren_282x436-182x300.jpg 182w\" sizes=\"auto, (max-width: 282px) 100vw, 282px\" \/><\/a>\u00a0<em>Natjanov, &#8221;Ikonm\u00e5laren&#8221;<\/em><\/p>\n<p style=\"text-align: center;\"><a href=\"http:\/\/www.susannavaris.com\/blogg\/wp-content\/uploads\/2012\/01\/natperedvizjniki_588x297.jpg\"><img loading=\"lazy\" decoding=\"async\" class=\"aligncenter size-full wp-image-3880\" title=\"natperedvizjniki_588x297\" src=\"http:\/\/www.susannavaris.com\/blogg\/wp-content\/uploads\/2012\/01\/natperedvizjniki_588x297.jpg\" alt=\"\" width=\"588\" height=\"297\" srcset=\"http:\/\/www.susannavaris.com\/blogg\/wp-content\/uploads\/2012\/01\/natperedvizjniki_588x297.jpg 588w, http:\/\/www.susannavaris.com\/blogg\/wp-content\/uploads\/2012\/01\/natperedvizjniki_588x297-300x151.jpg 300w\" sizes=\"auto, (max-width: 588px) 100vw, 588px\" \/><\/a>\u00a0<em>Ett tv\u00e4rsnitt av utst\u00e4llningen utvalt av Nationalmus\u00e9et. Info om upphovsr\u00e4ttigheterna f\u00f6r bilderna ovan finns p\u00e5 Nationalmus\u00e9ets hemsida:<\/em><\/p>\n<p style=\"text-align: center;\"><a href=\"http:\/\/www.nationalmuseum.se\/sv\/Utstallningar\/Aktuella-utstallningar\/Peredvizjnikibanbrytare-i-ryskt-maleri\/\">http:\/\/www.nationalmuseum.se\/sv\/Utstallningar\/Aktuella-utstallningar\/Peredvizjnikibanbrytare-i-ryskt-maleri\/<\/a><\/p>\n<p style=\"text-align: center;\"><a href=\"http:\/\/www.susannavaris.com\/blogg\/wp-content\/uploads\/2012\/01\/natPZ_400_00_4214.jpg\"><img loading=\"lazy\" decoding=\"async\" class=\"aligncenter size-full wp-image-3881\" title=\"natPZ_400_00_4214\" src=\"http:\/\/www.susannavaris.com\/blogg\/wp-content\/uploads\/2012\/01\/natPZ_400_00_4214.jpg\" alt=\"\" width=\"468\" height=\"263\" srcset=\"http:\/\/www.susannavaris.com\/blogg\/wp-content\/uploads\/2012\/01\/natPZ_400_00_4214.jpg 468w, http:\/\/www.susannavaris.com\/blogg\/wp-content\/uploads\/2012\/01\/natPZ_400_00_4214-300x168.jpg 300w\" sizes=\"auto, (max-width: 468px) 100vw, 468px\" \/><\/a><em>\u00a0Pl\u00f6tsligt \u00f6ver till n\u00e5got helt annat: h\u00e5rdrock! Vikingar, korpar och d\u00f6dskallar. Viktor Vasnetsov, &#8221;Krigare vid Korsv\u00e4gen&#8221;.\u00a0<\/em><\/p>\n<p style=\"text-align: center;\">Det blev en mycket bra och givande kulturdag i alla fall, med rysk konst och tom k\u00f6er som extra krydda.<\/p>\n<p style=\"text-align: center;\"><a href=\"http:\/\/www.dn.se\/kultur-noje\/konstrecensioner\/peredvizjniki--banbrytare-i-ryskt-maleri-pa-nationalmuseum-stockholm\">http:\/\/www.dn.se\/kultur-noje\/konstrecensioner\/peredvizjniki&#8211;banbrytare-i-ryskt-maleri-pa-nationalmuseum-stockholm<\/a><\/p>\n","protected":false},"excerpt":{"rendered":"<p>\u00a0Min kamera svek mig, efter denna f\u00f6rsta bild tog batteriet slut. I Kungstr\u00e4dg\u00e5rden, eller Karl XII:s torg, som det verkar heta enligt bussh\u00e5llplatsen, spelades Iron Maiden f\u00f6r de skridsko\u00e5kande kidsen. Idag skulle vi se den p\u00e5 m\u00e5nga s\u00e4tt intressanta utst\u00e4llningen &hellip; <a href=\"http:\/\/www.susannavaris.com\/blogg\/2012\/01\/turner-monet-och-eh-peredvizjniki\/\">Forts\u00e4tt l\u00e4sa <span class=\"meta-nav\">&rarr;<\/span><\/a><\/p>\n","protected":false},"author":1,"featured_media":0,"comment_status":"open","ping_status":"open","sticky":false,"template":"","format":"standard","meta":{"footnotes":""},"categories":[674,3,1,590,303,4],"tags":[1149,1150,234,333,21,1148,1017,1018],"class_list":["post-3873","post","type-post","status-publish","format-standard","hentry","category-historia","category-konst","category-okategoriserade","category-politik","category-religion","category-utstallning","tag-ilja-repin","tag-larry-gogoosian","tag-moderna-museet","tag-monet","tag-nationalmuseum","tag-peredvizjniki","tag-turner","tag-twombly"],"_links":{"self":[{"href":"http:\/\/www.susannavaris.com\/blogg\/wp-json\/wp\/v2\/posts\/3873","targetHints":{"allow":["GET"]}}],"collection":[{"href":"http:\/\/www.susannavaris.com\/blogg\/wp-json\/wp\/v2\/posts"}],"about":[{"href":"http:\/\/www.susannavaris.com\/blogg\/wp-json\/wp\/v2\/types\/post"}],"author":[{"embeddable":true,"href":"http:\/\/www.susannavaris.com\/blogg\/wp-json\/wp\/v2\/users\/1"}],"replies":[{"embeddable":true,"href":"http:\/\/www.susannavaris.com\/blogg\/wp-json\/wp\/v2\/comments?post=3873"}],"version-history":[{"count":2,"href":"http:\/\/www.susannavaris.com\/blogg\/wp-json\/wp\/v2\/posts\/3873\/revisions"}],"predecessor-version":[{"id":3883,"href":"http:\/\/www.susannavaris.com\/blogg\/wp-json\/wp\/v2\/posts\/3873\/revisions\/3883"}],"wp:attachment":[{"href":"http:\/\/www.susannavaris.com\/blogg\/wp-json\/wp\/v2\/media?parent=3873"}],"wp:term":[{"taxonomy":"category","embeddable":true,"href":"http:\/\/www.susannavaris.com\/blogg\/wp-json\/wp\/v2\/categories?post=3873"},{"taxonomy":"post_tag","embeddable":true,"href":"http:\/\/www.susannavaris.com\/blogg\/wp-json\/wp\/v2\/tags?post=3873"}],"curies":[{"name":"wp","href":"https:\/\/api.w.org\/{rel}","templated":true}]}}