{"id":3888,"date":"2012-01-10T22:10:18","date_gmt":"2012-01-10T21:10:18","guid":{"rendered":"http:\/\/www.susannavaris.com\/blogg\/?p=3888"},"modified":"2012-01-10T22:10:18","modified_gmt":"2012-01-10T21:10:18","slug":"katedralen-i-rouen","status":"publish","type":"post","link":"http:\/\/www.susannavaris.com\/blogg\/2012\/01\/katedralen-i-rouen\/","title":{"rendered":"Katedralen i Rouen"},"content":{"rendered":"<p style=\"text-align: center;\"><a href=\"http:\/\/www.susannavaris.com\/blogg\/wp-content\/uploads\/2012\/01\/monet_rouen1.jpg\"><img loading=\"lazy\" decoding=\"async\" class=\"aligncenter size-full wp-image-3889\" title=\"monet_rouen1\" src=\"http:\/\/www.susannavaris.com\/blogg\/wp-content\/uploads\/2012\/01\/monet_rouen1.jpg\" alt=\"\" width=\"348\" height=\"505\" srcset=\"http:\/\/www.susannavaris.com\/blogg\/wp-content\/uploads\/2012\/01\/monet_rouen1.jpg 348w, http:\/\/www.susannavaris.com\/blogg\/wp-content\/uploads\/2012\/01\/monet_rouen1-206x300.jpg 206w\" sizes=\"auto, (max-width: 348px) 100vw, 348px\" \/><\/a>\u00a0<a href=\"http:\/\/www.susannavaris.com\/blogg\/wp-content\/uploads\/2012\/01\/Monet-cathedral.jpg\"><img loading=\"lazy\" decoding=\"async\" class=\"aligncenter size-full wp-image-3890\" title=\"Monet-cathedral\" src=\"http:\/\/www.susannavaris.com\/blogg\/wp-content\/uploads\/2012\/01\/Monet-cathedral.jpg\" alt=\"\" width=\"521\" height=\"788\" srcset=\"http:\/\/www.susannavaris.com\/blogg\/wp-content\/uploads\/2012\/01\/Monet-cathedral.jpg 521w, http:\/\/www.susannavaris.com\/blogg\/wp-content\/uploads\/2012\/01\/Monet-cathedral-198x300.jpg 198w\" sizes=\"auto, (max-width: 521px) 100vw, 521px\" \/><\/a><em>\u00a0Monet, &#8221;Katedralen i Rouen&#8221;<\/em><\/p>\n<p>Claude Monet st\u00e4llde vid ett tillf\u00e4lle ut ett tjugotal m\u00e5lningar av katedralen i Rouen. Tavlorna utgjorde cirka h\u00e4lften av alla visade verk p\u00e5 utst\u00e4llningen. Monets fru undrade om han hade r\u00e5kat ut f\u00f6r ett religi\u00f6st uppvaknande, men det handlade snarare om att konstn\u00e4ren var h\u00e4nf\u00f6rd av hur katedralen avgav ljuset och ville avbilda det vid s\u00e5 m\u00e5nga olika ljusf\u00f6rh\u00e5llanden som m\u00f6jligt.<\/p>\n<p>Jag tycker att de h\u00e4r m\u00e5lningarna \u00e4r de absolut mest fascinerande av Monets livsverk. Katedralens detaljrika v\u00e4ggar och fasader bryts ned i ett m\u00f6nster som hj\u00e4rnan tolkar som statybekl\u00e4dd yta av en katedral, medan det p\u00e5 duken enbart utg\u00f6rs av olika f\u00e4rgstr\u00e5k bredvid varandra. Katedralen, ett gotisk, arkitektoniskt m\u00e4sterv\u00e4rk, byggd f\u00f6r att hylla gud och visa p\u00e5 makten och st\u00e5tligheten hos hans fr\u00e4msta, sj\u00e4lvutn\u00e4mnda f\u00f6retr\u00e4dare p\u00e5 jorden och utformad f\u00f6r att just kunna visa upp det magnifika ljusspelet, blir till ett instrument f\u00f6r konstn\u00e4ren att unders\u00f6ka ljusets beskaffenhet.<\/p>\n<p>Serierna med katedralen i olika f\u00e4rgs\u00e4ttning (Monet led sedermera av gr\u00f6n starr och m\u00e5lade om vissa av verken f\u00f6r att passa med hans nya uppfattning av ljuset) p\u00e5minner om Warhols serier med samma motiv som konstrueras om med olika f\u00e4rgs\u00e4ttningar. (Asch d\u00e5, m\u00e5ste jag ge en po\u00e4ng till Warhol nu? Nej, jag tror inte att han t\u00e4nkte p\u00e5 katedralen&#8230;)<\/p>\n<p>Jag vet inte vilka verk som har kommit med i Modernas utst\u00e4llning som nu p\u00e5g\u00e5r f\u00f6r sista veckan, men ska jag k\u00f6a i timmar s\u00e5 \u00e4r det nog b\u00e4st att det finns \u00e5tminstone en katedral med. Utan en mur av m\u00e4nniskor framf\u00f6r.<\/p>\n<p>Dessutom \u00e4r jag sm\u00e5f\u00f6rkyld igen. N\u00e5gonting l\u00e4ngre ner i luftr\u00f6ren och som aldrig riktigt gick \u00f6ver har piggnat till i kylan. Jag hoppas innerligt att jag inte blir mer sjuk!! Jag \u00e4r ledig fr\u00e5n l\u00f6nearbetet i tv\u00e5 dagar och vill orka med utst\u00e4llningen och dessutom med att skapa lite nytt&#8230;<\/p>\n","protected":false},"excerpt":{"rendered":"<p>\u00a0\u00a0Monet, &#8221;Katedralen i Rouen&#8221; Claude Monet st\u00e4llde vid ett tillf\u00e4lle ut ett tjugotal m\u00e5lningar av katedralen i Rouen. Tavlorna utgjorde cirka h\u00e4lften av alla visade verk p\u00e5 utst\u00e4llningen. Monets fru undrade om han hade r\u00e5kat ut f\u00f6r ett religi\u00f6st uppvaknande, &hellip; <a href=\"http:\/\/www.susannavaris.com\/blogg\/2012\/01\/katedralen-i-rouen\/\">Forts\u00e4tt l\u00e4sa <span class=\"meta-nav\">&rarr;<\/span><\/a><\/p>\n","protected":false},"author":1,"featured_media":0,"comment_status":"open","ping_status":"open","sticky":false,"template":"","format":"standard","meta":{"footnotes":""},"categories":[674,3,1,303,4,117],"tags":[1159,1160,1158,1156,483,1161,1157,333],"class_list":["post-3888","post","type-post","status-publish","format-standard","hentry","category-historia","category-konst","category-okategoriserade","category-religion","category-utstallning","category-vetenskap","tag-gotik","tag-gotisk","tag-katedral","tag-katedralen-i-rouen","tag-kyrkan","tag-light","tag-ljuset","tag-monet"],"_links":{"self":[{"href":"http:\/\/www.susannavaris.com\/blogg\/wp-json\/wp\/v2\/posts\/3888","targetHints":{"allow":["GET"]}}],"collection":[{"href":"http:\/\/www.susannavaris.com\/blogg\/wp-json\/wp\/v2\/posts"}],"about":[{"href":"http:\/\/www.susannavaris.com\/blogg\/wp-json\/wp\/v2\/types\/post"}],"author":[{"embeddable":true,"href":"http:\/\/www.susannavaris.com\/blogg\/wp-json\/wp\/v2\/users\/1"}],"replies":[{"embeddable":true,"href":"http:\/\/www.susannavaris.com\/blogg\/wp-json\/wp\/v2\/comments?post=3888"}],"version-history":[{"count":2,"href":"http:\/\/www.susannavaris.com\/blogg\/wp-json\/wp\/v2\/posts\/3888\/revisions"}],"predecessor-version":[{"id":3892,"href":"http:\/\/www.susannavaris.com\/blogg\/wp-json\/wp\/v2\/posts\/3888\/revisions\/3892"}],"wp:attachment":[{"href":"http:\/\/www.susannavaris.com\/blogg\/wp-json\/wp\/v2\/media?parent=3888"}],"wp:term":[{"taxonomy":"category","embeddable":true,"href":"http:\/\/www.susannavaris.com\/blogg\/wp-json\/wp\/v2\/categories?post=3888"},{"taxonomy":"post_tag","embeddable":true,"href":"http:\/\/www.susannavaris.com\/blogg\/wp-json\/wp\/v2\/tags?post=3888"}],"curies":[{"name":"wp","href":"https:\/\/api.w.org\/{rel}","templated":true}]}}