{"id":3894,"date":"2012-01-10T22:32:20","date_gmt":"2012-01-10T21:32:20","guid":{"rendered":"http:\/\/www.susannavaris.com\/blogg\/?p=3894"},"modified":"2012-01-10T22:40:37","modified_gmt":"2012-01-10T21:40:37","slug":"efterdyningar-till-benke","status":"publish","type":"post","link":"http:\/\/www.susannavaris.com\/blogg\/2012\/01\/efterdyningar-till-benke\/","title":{"rendered":"Efterdyningar till Benke"},"content":{"rendered":"<p style=\"text-align: center;\"><a href=\"http:\/\/www.susannavaris.com\/blogg\/wp-content\/uploads\/2012\/01\/medelhavs06.jpg\"><img loading=\"lazy\" decoding=\"async\" class=\"aligncenter size-full wp-image-3895\" title=\"medelhavs06\" src=\"http:\/\/www.susannavaris.com\/blogg\/wp-content\/uploads\/2012\/01\/medelhavs06.jpg\" alt=\"\" width=\"288\" height=\"480\" srcset=\"http:\/\/www.susannavaris.com\/blogg\/wp-content\/uploads\/2012\/01\/medelhavs06.jpg 288w, http:\/\/www.susannavaris.com\/blogg\/wp-content\/uploads\/2012\/01\/medelhavs06-180x300.jpg 180w\" sizes=\"auto, (max-width: 288px) 100vw, 288px\" \/><\/a>\u00a0<em>Foto: Susanna Varis<\/em><\/p>\n<p>Det saftiga kulturbr\u00e5ket med anledning av Bengt Ohlssons kr\u00f6nika h\u00e4romveckan fortskrider i allehanda media. Om m\u00e5nga kulturarbetares sn\u00f6blinda ideologiska inriktning skriver Linda Skugge i Expressen en bra artikel:<\/p>\n<p><a href=\"http:\/\/www.expressen.se\/kultur\/1.2675120\/fran-vanster-till-rak-hoger\">http:\/\/www.expressen.se\/kultur\/1.2675120\/fran-vanster-till-rak-hoger<\/a><\/p>\n<p>Nog finns det v\u00e4lbeh\u00f6vlig plats f\u00f6r en kulturh\u00f6ger&#8230;<\/p>\n<p>&#8211; : &#8211; : &#8211; : &#8211;<\/p>\n<p>Sj\u00e4lvaste Ankan inst\u00e4mmer:<\/p>\n<p><a href=\"http:\/\/www.expressen.se\/kultur\/1.2673258\/att-gora-som-ohlsson\">http:\/\/www.expressen.se\/kultur\/1.2673258\/att-gora-som-ohlsson<\/a><\/p>\n","protected":false},"excerpt":{"rendered":"<p>\u00a0Foto: Susanna Varis Det saftiga kulturbr\u00e5ket med anledning av Bengt Ohlssons kr\u00f6nika h\u00e4romveckan fortskrider i allehanda media. Om m\u00e5nga kulturarbetares sn\u00f6blinda ideologiska inriktning skriver Linda Skugge i Expressen en bra artikel: http:\/\/www.expressen.se\/kultur\/1.2675120\/fran-vanster-till-rak-hoger Nog finns det v\u00e4lbeh\u00f6vlig plats f\u00f6r en kulturh\u00f6ger&#8230; &hellip; <a href=\"http:\/\/www.susannavaris.com\/blogg\/2012\/01\/efterdyningar-till-benke\/\">Forts\u00e4tt l\u00e4sa <span class=\"meta-nav\">&rarr;<\/span><\/a><\/p>\n","protected":false},"author":1,"featured_media":0,"comment_status":"open","ping_status":"open","sticky":false,"template":"","format":"standard","meta":{"footnotes":""},"categories":[1162,589,1,590],"tags":[174,356,1165,1163,1164,556],"class_list":["post-3894","post","type-post","status-publish","format-standard","hentry","category-kultur","category-medier","category-okategoriserade","category-politik","tag-bengt-ohlsson","tag-expressen","tag-kultureliten","tag-kulturslussen","tag-kulturvanstern","tag-linda-skugge"],"_links":{"self":[{"href":"http:\/\/www.susannavaris.com\/blogg\/wp-json\/wp\/v2\/posts\/3894","targetHints":{"allow":["GET"]}}],"collection":[{"href":"http:\/\/www.susannavaris.com\/blogg\/wp-json\/wp\/v2\/posts"}],"about":[{"href":"http:\/\/www.susannavaris.com\/blogg\/wp-json\/wp\/v2\/types\/post"}],"author":[{"embeddable":true,"href":"http:\/\/www.susannavaris.com\/blogg\/wp-json\/wp\/v2\/users\/1"}],"replies":[{"embeddable":true,"href":"http:\/\/www.susannavaris.com\/blogg\/wp-json\/wp\/v2\/comments?post=3894"}],"version-history":[{"count":3,"href":"http:\/\/www.susannavaris.com\/blogg\/wp-json\/wp\/v2\/posts\/3894\/revisions"}],"predecessor-version":[{"id":3898,"href":"http:\/\/www.susannavaris.com\/blogg\/wp-json\/wp\/v2\/posts\/3894\/revisions\/3898"}],"wp:attachment":[{"href":"http:\/\/www.susannavaris.com\/blogg\/wp-json\/wp\/v2\/media?parent=3894"}],"wp:term":[{"taxonomy":"category","embeddable":true,"href":"http:\/\/www.susannavaris.com\/blogg\/wp-json\/wp\/v2\/categories?post=3894"},{"taxonomy":"post_tag","embeddable":true,"href":"http:\/\/www.susannavaris.com\/blogg\/wp-json\/wp\/v2\/tags?post=3894"}],"curies":[{"name":"wp","href":"https:\/\/api.w.org\/{rel}","templated":true}]}}