{"id":3931,"date":"2012-01-12T16:16:07","date_gmt":"2012-01-12T15:16:07","guid":{"rendered":"http:\/\/www.susannavaris.com\/blogg\/?p=3931"},"modified":"2012-01-12T16:16:07","modified_gmt":"2012-01-12T15:16:07","slug":"kulturslussens-luftpastejer","status":"publish","type":"post","link":"http:\/\/www.susannavaris.com\/blogg\/2012\/01\/kulturslussens-luftpastejer\/","title":{"rendered":"Kulturslussens luftpastejer"},"content":{"rendered":"<p style=\"text-align: center;\"><a href=\"http:\/\/www.susannavaris.com\/blogg\/wp-content\/uploads\/2012\/01\/Bild-25.png\"><img loading=\"lazy\" decoding=\"async\" class=\"aligncenter size-full wp-image-3932\" title=\"Bild 25\" src=\"http:\/\/www.susannavaris.com\/blogg\/wp-content\/uploads\/2012\/01\/Bild-25.png\" alt=\"\" width=\"956\" height=\"548\" srcset=\"http:\/\/www.susannavaris.com\/blogg\/wp-content\/uploads\/2012\/01\/Bild-25.png 956w, http:\/\/www.susannavaris.com\/blogg\/wp-content\/uploads\/2012\/01\/Bild-25-300x171.png 300w\" sizes=\"auto, (max-width: 956px) 100vw, 956px\" \/><\/a><em>\u00a0Kulturslussens sn\u00f6vita bl\u00e4ndverk&#8230;Bild fr\u00e5n Stockholm 2.01.\u00a0<\/em><\/p>\n<p>Jag t\u00e4nkte skriva ett ambiti\u00f6st inl\u00e4gg om Slussen, med historia, bilder, planritningar, kartor, utflikningar&#8230;ja, ta ett gediget grepp p\u00e5 Slussen, helt enkelt. Jag k\u00e4nner pressen p\u00e5 mig som en gammal KTH\/V\u00e4g- och vatten-\/Samh\u00e4llsplanering-student (just det, jag har ju numera \u00e4ven en examen&#8230;) att komma med gedigna, bearbetade, genomt\u00e4nkta och snygga id\u00e9:er och presentationer i detta h\u00f6gaktuella \u00e4mne.<\/p>\n<p>Det visar sig att tack vare n\u00e4tets underbara rikedom beh\u00f6ver jag inte g\u00f6ra ett skvatt mer \u00e4n klistra in en l\u00e4nk till en mycket bra blogg, som inte bara handlar om Slussen, utan stadsbyggnads- och -planeringsfr\u00e5gor i st\u00f6rsta allm\u00e4nhet. Det handlar fr\u00e4mst om n\u00e4mnda fr\u00e5gor i Stockholm.<\/p>\n<p>Mitt nya fynd, Stockholm 2.01:\u00a0<a href=\"http:\/\/stockholm201.blogspot.com\/\">http:\/\/stockholm201.blogspot.com\/<\/a><\/p>\n","protected":false},"excerpt":{"rendered":"<p>\u00a0Kulturslussens sn\u00f6vita bl\u00e4ndverk&#8230;Bild fr\u00e5n Stockholm 2.01.\u00a0 Jag t\u00e4nkte skriva ett ambiti\u00f6st inl\u00e4gg om Slussen, med historia, bilder, planritningar, kartor, utflikningar&#8230;ja, ta ett gediget grepp p\u00e5 Slussen, helt enkelt. Jag k\u00e4nner pressen p\u00e5 mig som en gammal KTH\/V\u00e4g- och vatten-\/Samh\u00e4llsplanering-student (just &hellip; <a href=\"http:\/\/www.susannavaris.com\/blogg\/2012\/01\/kulturslussens-luftpastejer\/\">Forts\u00e4tt l\u00e4sa <span class=\"meta-nav\">&rarr;<\/span><\/a><\/p>\n","protected":false},"author":1,"featured_media":0,"comment_status":"open","ping_status":"open","sticky":false,"template":"","format":"standard","meta":{"footnotes":""},"categories":[674,1162,1,590,1060,889,117],"tags":[1163,1006,1174],"class_list":["post-3931","post","type-post","status-publish","format-standard","hentry","category-historia","category-kultur","category-okategoriserade","category-politik","category-samhallsplanering","category-teknik","category-vetenskap","tag-kulturslussen","tag-slussen","tag-stockholm-2-01"],"_links":{"self":[{"href":"http:\/\/www.susannavaris.com\/blogg\/wp-json\/wp\/v2\/posts\/3931","targetHints":{"allow":["GET"]}}],"collection":[{"href":"http:\/\/www.susannavaris.com\/blogg\/wp-json\/wp\/v2\/posts"}],"about":[{"href":"http:\/\/www.susannavaris.com\/blogg\/wp-json\/wp\/v2\/types\/post"}],"author":[{"embeddable":true,"href":"http:\/\/www.susannavaris.com\/blogg\/wp-json\/wp\/v2\/users\/1"}],"replies":[{"embeddable":true,"href":"http:\/\/www.susannavaris.com\/blogg\/wp-json\/wp\/v2\/comments?post=3931"}],"version-history":[{"count":2,"href":"http:\/\/www.susannavaris.com\/blogg\/wp-json\/wp\/v2\/posts\/3931\/revisions"}],"predecessor-version":[{"id":3934,"href":"http:\/\/www.susannavaris.com\/blogg\/wp-json\/wp\/v2\/posts\/3931\/revisions\/3934"}],"wp:attachment":[{"href":"http:\/\/www.susannavaris.com\/blogg\/wp-json\/wp\/v2\/media?parent=3931"}],"wp:term":[{"taxonomy":"category","embeddable":true,"href":"http:\/\/www.susannavaris.com\/blogg\/wp-json\/wp\/v2\/categories?post=3931"},{"taxonomy":"post_tag","embeddable":true,"href":"http:\/\/www.susannavaris.com\/blogg\/wp-json\/wp\/v2\/tags?post=3931"}],"curies":[{"name":"wp","href":"https:\/\/api.w.org\/{rel}","templated":true}]}}