{"id":3935,"date":"2012-01-13T12:48:07","date_gmt":"2012-01-13T11:48:07","guid":{"rendered":"http:\/\/www.susannavaris.com\/blogg\/?p=3935"},"modified":"2012-01-13T12:48:07","modified_gmt":"2012-01-13T11:48:07","slug":"fredagen-den-13de-januari-2012","status":"publish","type":"post","link":"http:\/\/www.susannavaris.com\/blogg\/2012\/01\/fredagen-den-13de-januari-2012\/","title":{"rendered":"Fredagen den 13:de januari 2012"},"content":{"rendered":"<p style=\"text-align: center;\"><a href=\"http:\/\/www.susannavaris.com\/blogg\/wp-content\/uploads\/2012\/01\/DSC_0601-50.jpg\"><img loading=\"lazy\" decoding=\"async\" class=\"aligncenter size-large wp-image-3936\" title=\"DSC_0601-50\" src=\"http:\/\/www.susannavaris.com\/blogg\/wp-content\/uploads\/2012\/01\/DSC_0601-50-1024x905.jpg\" alt=\"\" width=\"640\" height=\"565\" srcset=\"http:\/\/www.susannavaris.com\/blogg\/wp-content\/uploads\/2012\/01\/DSC_0601-50-1024x905.jpg 1024w, http:\/\/www.susannavaris.com\/blogg\/wp-content\/uploads\/2012\/01\/DSC_0601-50-300x265.jpg 300w, http:\/\/www.susannavaris.com\/blogg\/wp-content\/uploads\/2012\/01\/DSC_0601-50.jpg 1647w\" sizes=\"auto, (max-width: 640px) 100vw, 640px\" \/><\/a>\u00a0<em>Julgransplundring ig\u00e5r. Jag l\u00e4ngtar redan efter en ny julgran&#8230;<\/em><\/p>\n<p>Jag hostar igen och k\u00e4nner mig halvmatt sedan en vecka tillbaka. S\u00e4kert har jag twar eller n\u00e5got annat hemskt&#8230;som hypokondri. Jag har suttit med min br\u00f6llopsm\u00e5lning och kvaddade bakgrunden ig\u00e5r och var inte n\u00f6jd med forts\u00e4ttningen idag heller. Putton \u00e4r v\u00e4ck, men nu vill sig inget annat. Det \u00e4r inte bortanf\u00f6r r\u00e4ddning, men det vill sig inte som jag vill. Jag vill inte bli tvungen att g\u00f6ra en ny skiss, den som jag har tog en hel del timmar att f\u00e4rdigst\u00e4lla. Tv\u00e5 personer, ganska d\u00e5lig kvalitet p\u00e5 fotografiet&#8230;men det blev bra till slut. S\u00e5 nu f\u00e5r det inte bli fel. Jag skulle \u00f6nska att jag inte hade den h\u00e4r konstiga luftr\u00f6rsinfektionen och kunde k\u00e4nna mig lite piggare.<\/p>\n<p>N\u00e4sta vecka kommer min goda v\u00e4ninna Eija p\u00e5 bes\u00f6k. Som jag skrivit tidigare h\u00e4r p\u00e5 bloggen s\u00e5 \u00e4r hon en renoverings-\/restaurerings- och inredningsentusiast av stora m\u00e5tt och driver bloggen Norrfrid fr\u00e5n sin g\u00e5rd i Sollefte\u00e5:\u00a0<a href=\"http:\/\/norrfrid.blogspot.com\/\">http:\/\/norrfrid.blogspot.com\/<\/a><\/p>\n<p>Det h\u00e4r inneb\u00e4r att hemmet m\u00e5ste st\u00e4das till g\u00e4stbruksniv\u00e5. M\u00e5ndag \u00e4r utsedd till st\u00e4ddag, eftersom vi b\u00e5da \u00e4r lediga d\u00e5 (konstigt nog p\u00e5 samma dag). Alla andra dagar fram till n\u00e4sta helg \u00e4r jag p\u00e5 l\u00f6nejobbet. Om jag nu inte blir mer sjuk. Usch, jag orkar inte h\u00e5lla p\u00e5 och gn\u00e4lla om att vara sjuk och jag orkar inte vara halvsjuk l\u00e4ngre. Varf\u00f6r kan inte infektionen bara ge sig? Kanske f\u00e5r jag skylla mig sj\u00e4lv, som g\u00e5tt med \u00f6ppen jacka och kylt ner r\u00f6ren. H\u00e4danefter ska jag vara duktig och st\u00e4nga jackan, med risk f\u00f6r att k\u00e4nna mig som en stoppad korv (och \u00e4ven se ut som en) och se till att alltid ha tillr\u00e4ckligt med halsdukar. Annars f\u00e5r jag emigrera till ett h\u00e4lsosammare klimat&#8230;<\/p>\n","protected":false},"excerpt":{"rendered":"<p>\u00a0Julgransplundring ig\u00e5r. Jag l\u00e4ngtar redan efter en ny julgran&#8230; Jag hostar igen och k\u00e4nner mig halvmatt sedan en vecka tillbaka. S\u00e4kert har jag twar eller n\u00e5got annat hemskt&#8230;som hypokondri. Jag har suttit med min br\u00f6llopsm\u00e5lning och kvaddade bakgrunden ig\u00e5r och &hellip; <a href=\"http:\/\/www.susannavaris.com\/blogg\/2012\/01\/fredagen-den-13de-januari-2012\/\">Forts\u00e4tt l\u00e4sa <span class=\"meta-nav\">&rarr;<\/span><\/a><\/p>\n","protected":false},"author":1,"featured_media":0,"comment_status":"open","ping_status":"open","sticky":false,"template":"","format":"standard","meta":{"footnotes":""},"categories":[1],"tags":[849,1176,1175,1177,850],"class_list":["post-3935","post","type-post","status-publish","format-standard","hentry","category-okategoriserade","tag-eija","tag-julgransplundring","tag-luftvagsinfektion","tag-norrfrid","tag-norrfrids-eija"],"_links":{"self":[{"href":"http:\/\/www.susannavaris.com\/blogg\/wp-json\/wp\/v2\/posts\/3935","targetHints":{"allow":["GET"]}}],"collection":[{"href":"http:\/\/www.susannavaris.com\/blogg\/wp-json\/wp\/v2\/posts"}],"about":[{"href":"http:\/\/www.susannavaris.com\/blogg\/wp-json\/wp\/v2\/types\/post"}],"author":[{"embeddable":true,"href":"http:\/\/www.susannavaris.com\/blogg\/wp-json\/wp\/v2\/users\/1"}],"replies":[{"embeddable":true,"href":"http:\/\/www.susannavaris.com\/blogg\/wp-json\/wp\/v2\/comments?post=3935"}],"version-history":[{"count":2,"href":"http:\/\/www.susannavaris.com\/blogg\/wp-json\/wp\/v2\/posts\/3935\/revisions"}],"predecessor-version":[{"id":3938,"href":"http:\/\/www.susannavaris.com\/blogg\/wp-json\/wp\/v2\/posts\/3935\/revisions\/3938"}],"wp:attachment":[{"href":"http:\/\/www.susannavaris.com\/blogg\/wp-json\/wp\/v2\/media?parent=3935"}],"wp:term":[{"taxonomy":"category","embeddable":true,"href":"http:\/\/www.susannavaris.com\/blogg\/wp-json\/wp\/v2\/categories?post=3935"},{"taxonomy":"post_tag","embeddable":true,"href":"http:\/\/www.susannavaris.com\/blogg\/wp-json\/wp\/v2\/tags?post=3935"}],"curies":[{"name":"wp","href":"https:\/\/api.w.org\/{rel}","templated":true}]}}