{"id":3939,"date":"2012-01-13T22:48:30","date_gmt":"2012-01-13T21:48:30","guid":{"rendered":"http:\/\/www.susannavaris.com\/blogg\/?p=3939"},"modified":"2012-01-13T23:56:42","modified_gmt":"2012-01-13T22:56:42","slug":"hanna-hellqvist-till-bloggartjejers-forsvar","status":"publish","type":"post","link":"http:\/\/www.susannavaris.com\/blogg\/2012\/01\/hanna-hellqvist-till-bloggartjejers-forsvar\/","title":{"rendered":"Hanna Hellquist till bloggartjejers f\u00f6rsvar(?)"},"content":{"rendered":"<p style=\"text-align: center;\"><a href=\"http:\/\/www.susannavaris.com\/blogg\/wp-content\/uploads\/2012\/01\/Hanna-Hellquist.jpg\"><img loading=\"lazy\" decoding=\"async\" class=\"aligncenter size-full wp-image-3940\" title=\"Hanna-Hellquist\" src=\"http:\/\/www.susannavaris.com\/blogg\/wp-content\/uploads\/2012\/01\/Hanna-Hellquist.jpg\" alt=\"\" width=\"660\" height=\"396\" srcset=\"http:\/\/www.susannavaris.com\/blogg\/wp-content\/uploads\/2012\/01\/Hanna-Hellquist.jpg 660w, http:\/\/www.susannavaris.com\/blogg\/wp-content\/uploads\/2012\/01\/Hanna-Hellquist-300x180.jpg 300w\" sizes=\"auto, (max-width: 660px) 100vw, 660px\" \/><\/a>\u00a0<em>Foto: svt<\/em><\/p>\n<p>Hanna Hellquist har sina starkaste genusglas\u00f6gon p\u00e5 sig n\u00e4r hon l\u00e4ser en artikel i Aftonbladet om Carolina Gynning som rekommenderar ricinolja som n\u00e5gon form av mirakelkur f\u00f6r h\u00e5ret.<\/p>\n<p>Artikeln i Aftonbladet:\u00a0<a href=\"http:\/\/www.aftonbladet.se\/nyheter\/article14162652.ab\">http:\/\/www.aftonbladet.se\/nyheter\/article14162652.ab<\/a><\/p>\n<p>HH i DN:\u00a0<a href=\"http:\/\/www.dn.se\/blogg\/pa-stan\/2012\/01\/13\/hanna-nej-lamna-det-at-professorn-i-dermatologi\/\">http:\/\/www.dn.se\/blogg\/pa-stan\/2012\/01\/13\/hanna-nej-lamna-det-at-professorn-i-dermatologi\/<\/a><\/p>\n<p>Hellqvist skriver bl a:<\/p>\n<p><em><strong>&#8221;Om vi bara f\u00f6r\u00a0<\/strong>ett \u00f6gonblick kan kosta p\u00e5 oss att fullst\u00e4ndigt skita i ricinoljans egenskaper, kan vi g\u00f6ra det? Tack. Vad har vi d\u00e5? Vi har ett ganska stort antal m\u00e4nniskor som p\u00e5st\u00e5r sig varit med om n\u00e5got och s\u00e5 har vi en enda m\u00e4nniska som s\u00e4ger att nej, det har ni inte alls.&#8221;<\/em><\/p>\n<p>Dvs; det \u00e4r ointressant om professorn beskriver ricinoljans egenskaper p\u00e5 ett korrekt s\u00e4tt, om bara ett tillr\u00e4ckligt antal m\u00e4nniskor tycker att n\u00e5got \u00e4r p\u00e5 ett visst s\u00e4tt s\u00e5 ska det vara s\u00e5. Eller?<\/p>\n<p>Hanna, man kan inte bedriva vetenskapliga studier p\u00e5 det s\u00e4ttet.<\/p>\n<p>Sedan:<\/p>\n<p><em>&#8221;Bloggv\u00e4rlden best\u00e5r till st\u00f6rsta del av unga tjejer. Det betyder redan d\u00e4r att det \u00e4r ett l\u00e5gstatusomr\u00e5de. Att skriva om shopping och smink \u2026 \u00e4nnu mer l\u00e5gstatus.&#8221;<\/em><\/p>\n<p>Just i din kr\u00f6nika h\u00e4r \u00e4r det ju du sj\u00e4lv, Hanna Hellquist, som skriver detta. Jag antar att du syftar p\u00e5 n\u00e5gon antagen inst\u00e4llning som ska finnas hos&#8230;ja, vem? Just nu \u00e4r det du som uttrycker det h\u00e4r, ingen annan. Dessutom forts\u00e4tter det med mer:<\/p>\n<p><em>&#8221;Men tror jag att det \u00e4r en slump att det \u00e4r unga tjejer som bryr sig om ytliga saker som utseende och h\u00e5rsvall som f\u00e5r p\u00e5 tafsen h\u00e4r? Nej.&#8221;<\/em><\/p>\n<p>\u00c5ter, det \u00e4r du, Hellquist, som uttrycker den h\u00e4r \u00e5sikten.<\/p>\n<p>Om det inte var tydligt innan, s\u00e5 kommer det mer:<\/p>\n<p><em>&#8221;Det hela \u00e4r inte s\u00e5 mycket en nyhet som det \u00e4r en sm\u00e4ll p\u00e5 fingrarna p\u00e5 de h\u00e4r utseendefixerade brudarna som tror att de kan komma med helt egna id\u00e9er och tips p\u00e5 att bli vackrare.&#8221;\u00a0<\/em><\/p>\n<p>I sitt m\u00e4rkliga &#8221;f\u00f6rsvar&#8221; f\u00f6r bloggande tjejers r\u00e4tt att rekommendera produkter med tveksam effekt till varandra, lyckas Hanna Hellquist oombedd upprepa ett antal tr\u00f6ttsamma klisch\u00e9er om n\u00e4mnda grupp. Vilka v\u00e4rdefulla feministiska m\u00e5l uppn\u00e5s med den h\u00e4r metodiken?<\/p>\n<p>Slutkl\u00e4mmen:<\/p>\n<p><em>&#8221;Den viktigaste fr\u00e5gan, den om varf\u00f6r det \u00e4r s\u00e5 viktigt att s\u00e4tta tjejer p\u00e5 plats, den f\u00e5r n\u00e5gon annan ta.&#8221;<\/em><\/p>\n<p>Ja, hur var det nu? &#8221;L\u00e5gstatus, bryr sig om ytliga saker, utseendefixerade&#8230;&#8221; och s\u00e5 &#8221;tror dom att dom kan komma med egna id\u00e9er&#8230;&#8221; Snacka om att s\u00e4tta p\u00e5 plats.<\/p>\n<p>&nbsp;<\/p>\n","protected":false},"excerpt":{"rendered":"<p>\u00a0Foto: svt Hanna Hellquist har sina starkaste genusglas\u00f6gon p\u00e5 sig n\u00e4r hon l\u00e4ser en artikel i Aftonbladet om Carolina Gynning som rekommenderar ricinolja som n\u00e5gon form av mirakelkur f\u00f6r h\u00e5ret. Artikeln i Aftonbladet:\u00a0http:\/\/www.aftonbladet.se\/nyheter\/article14162652.ab HH i DN:\u00a0http:\/\/www.dn.se\/blogg\/pa-stan\/2012\/01\/13\/hanna-nej-lamna-det-at-professorn-i-dermatologi\/ Hellqvist skriver bl a: &hellip; <a href=\"http:\/\/www.susannavaris.com\/blogg\/2012\/01\/hanna-hellqvist-till-bloggartjejers-forsvar\/\">Forts\u00e4tt l\u00e4sa <span class=\"meta-nav\">&rarr;<\/span><\/a><\/p>\n","protected":false},"author":1,"featured_media":0,"comment_status":"open","ping_status":"open","sticky":false,"template":"","format":"standard","meta":{"footnotes":""},"categories":[178,181,259,589,1,590,403],"tags":[149,1182,175,4900,1136,4899,4903,1178,1180,1181,1183,1179,938],"class_list":["post-3939","post","type-post","status-publish","format-standard","hentry","category-blodtryckshojare","category-feminism","category-genusvetenskap","category-medier","category-okategoriserade","category-politik","category-pseudovetenskap","tag-aftonbladet","tag-carolina-gynning","tag-dn","tag-feminism","tag-feminist","tag-genus","tag-genusvetenskap","tag-hanna-hellquist","tag-har","tag-harvard","tag-lisa-rostlund","tag-ricinolja","tag-svt"],"_links":{"self":[{"href":"http:\/\/www.susannavaris.com\/blogg\/wp-json\/wp\/v2\/posts\/3939","targetHints":{"allow":["GET"]}}],"collection":[{"href":"http:\/\/www.susannavaris.com\/blogg\/wp-json\/wp\/v2\/posts"}],"about":[{"href":"http:\/\/www.susannavaris.com\/blogg\/wp-json\/wp\/v2\/types\/post"}],"author":[{"embeddable":true,"href":"http:\/\/www.susannavaris.com\/blogg\/wp-json\/wp\/v2\/users\/1"}],"replies":[{"embeddable":true,"href":"http:\/\/www.susannavaris.com\/blogg\/wp-json\/wp\/v2\/comments?post=3939"}],"version-history":[{"count":7,"href":"http:\/\/www.susannavaris.com\/blogg\/wp-json\/wp\/v2\/posts\/3939\/revisions"}],"predecessor-version":[{"id":3943,"href":"http:\/\/www.susannavaris.com\/blogg\/wp-json\/wp\/v2\/posts\/3939\/revisions\/3943"}],"wp:attachment":[{"href":"http:\/\/www.susannavaris.com\/blogg\/wp-json\/wp\/v2\/media?parent=3939"}],"wp:term":[{"taxonomy":"category","embeddable":true,"href":"http:\/\/www.susannavaris.com\/blogg\/wp-json\/wp\/v2\/categories?post=3939"},{"taxonomy":"post_tag","embeddable":true,"href":"http:\/\/www.susannavaris.com\/blogg\/wp-json\/wp\/v2\/tags?post=3939"}],"curies":[{"name":"wp","href":"https:\/\/api.w.org\/{rel}","templated":true}]}}