{"id":4006,"date":"2012-01-22T16:55:24","date_gmt":"2012-01-22T15:55:24","guid":{"rendered":"http:\/\/www.susannavaris.com\/blogg\/?p=4006"},"modified":"2012-01-23T23:43:13","modified_gmt":"2012-01-23T22:43:13","slug":"spackad-helg","status":"publish","type":"post","link":"http:\/\/www.susannavaris.com\/blogg\/2012\/01\/spackad-helg\/","title":{"rendered":"Sp\u00e4ckad helg"},"content":{"rendered":"<p>Jag skulle f\u00e5 l\u00e5ngv\u00e4ga g\u00e4ster p\u00e5 kv\u00e4llen, s\u00e5 redan klockan 8 p\u00e5 l\u00f6rdagsmorgonen masade jag mig upp f\u00f6r att g\u00f6ra mig i ordning f\u00f6r ett nytt museibes\u00f6k. Det \u00e4r sista veckorna f\u00f6r Carl Fredrik Hill-utst\u00e4llningen p\u00e5 Prins Eugens Waldemarsudde. Jag har sett Hill tidigare, men den h\u00e4r utst\u00e4llningen tycktes mera omfattande.<\/p>\n<p>Pendelt\u00e5g, promenad och NK-expressen senare var vi ute p\u00e5 s\u00f6dra Djurg\u00e5rden. Waldemarsudde \u00e4r ett av mina favoritst\u00e4llen, det \u00e4r fantastiskt att denna p\u00e4rla \u00e4r \u00f6ppen f\u00f6r allm\u00e4nheten och dessutom ofta inhyser mycket kvalitativa och intressanta utst\u00e4llningar, allt fr\u00e5n Zorn till h\u00e5rdrocksomslag.<\/p>\n<p style=\"text-align: center;\"><a href=\"http:\/\/www.susannavaris.com\/blogg\/wp-content\/uploads\/2012\/01\/50.jpg\"><img loading=\"lazy\" decoding=\"async\" class=\"aligncenter size-large wp-image-4007\" title=\"-50\" src=\"http:\/\/www.susannavaris.com\/blogg\/wp-content\/uploads\/2012\/01\/50-1024x682.jpg\" alt=\"\" width=\"640\" height=\"426\" srcset=\"http:\/\/www.susannavaris.com\/blogg\/wp-content\/uploads\/2012\/01\/50-1024x682.jpg 1024w, http:\/\/www.susannavaris.com\/blogg\/wp-content\/uploads\/2012\/01\/50-300x200.jpg 300w\" sizes=\"auto, (max-width: 640px) 100vw, 640px\" \/><\/a><em>\u00a0Hela omgivningen \u00e4r inb\u00e4ddad i ett tunt, vitt frostt\u00e4cke. Waldemarsudde.<\/em><\/p>\n<p style=\"text-align: center;\"><a href=\"http:\/\/www.susannavaris.com\/blogg\/wp-content\/uploads\/2012\/01\/091013-004pw400.jpg\"><img loading=\"lazy\" decoding=\"async\" class=\"aligncenter size-full wp-image-4008\" title=\"091013-004pw400\" src=\"http:\/\/www.susannavaris.com\/blogg\/wp-content\/uploads\/2012\/01\/091013-004pw400.jpg\" alt=\"\" width=\"400\" height=\"320\" srcset=\"http:\/\/www.susannavaris.com\/blogg\/wp-content\/uploads\/2012\/01\/091013-004pw400.jpg 400w, http:\/\/www.susannavaris.com\/blogg\/wp-content\/uploads\/2012\/01\/091013-004pw400-300x240.jpg 300w\" sizes=\"auto, (max-width: 400px) 100vw, 400px\" \/><\/a><em>\u00a0Flodlandskap vid Champagne<\/em><\/p>\n<p style=\"text-align: left;\">Bilden ovan \u00e4r fr\u00e5n Carl Fredrik Hills period i Frankrike, efter att han flyttat dit f\u00f6r att kunna f\u00f6rkovra sig b\u00e4ttre i sitt m\u00e5leri \u00e4n vad han tyckte sig kunna g\u00f6ra i Sverige. Hill \u00e4r ju kanske mest k\u00e4nd f\u00f6r sitt insjuknande i paranoid schizofreni, men h\u00e4r har han \u00e4nnu inte drabbats.<\/p>\n<p style=\"text-align: left;\">Carl Fredrik Hills levnads\u00f6de och konstn\u00e4rlig g\u00e4rning \u00e4r mycket intressant, \u00e4ven f\u00f6r mig personligen. Till min n\u00e4sta utst\u00e4llning har jag t\u00e4nkt att utg\u00e5 ifr\u00e5n en slags f\u00f6rbannelse i sl\u00e4kten. I min egen sl\u00e4kt allts\u00e5. Jag kommer att arbeta med de olika uttryck som jag uppfattar att den symboliska f\u00f6rbannelsen tar sig och psykisk instabilitet \u00e4r ett av dem. \u00c4ndringarna i Hills konstn\u00e4rsskap och uttryck \u00e4r h\u00f6gintressanta f\u00f6r mig, inte bara i sig, men \u00e4ven som en inblick i hur v\u00e4rlden f\u00f6r en person som lider av paranoid schizofreni ter sig. Jag kommer att f\u00f6rs\u00f6ka anv\u00e4nda de h\u00e4r intrycken i de tillkommande verken p\u00e5 ett eller annat s\u00e4tt.\u00a0Carl Fredrik Hill tycks ha varit en person som har varit mycket \u00f6ppen f\u00f6r intryck, man sk\u00f6njer inspirationen fr\u00e5n olika h\u00e5ll omedelbart i hans verk.<\/p>\n<p style=\"text-align: center;\"><a href=\"http:\/\/www.susannavaris.com\/blogg\/wp-content\/uploads\/2012\/01\/kyrkogarden_cf_hill_e_munch.jpg\"><img loading=\"lazy\" decoding=\"async\" class=\"aligncenter size-full wp-image-4009\" title=\"kyrkogarden_cf_hill_e_munch\" src=\"http:\/\/www.susannavaris.com\/blogg\/wp-content\/uploads\/2012\/01\/kyrkogarden_cf_hill_e_munch.jpg\" alt=\"\" width=\"250\" height=\"382\" srcset=\"http:\/\/www.susannavaris.com\/blogg\/wp-content\/uploads\/2012\/01\/kyrkogarden_cf_hill_e_munch.jpg 250w, http:\/\/www.susannavaris.com\/blogg\/wp-content\/uploads\/2012\/01\/kyrkogarden_cf_hill_e_munch-196x300.jpg 196w\" sizes=\"auto, (max-width: 250px) 100vw, 250px\" \/><\/a><em>\u00a0Kyrkog\u00e5rden. Ofta finns en enda ensam figur i Hills landskap.<\/em><\/p>\n<p style=\"text-align: center;\"><a href=\"http:\/\/www.susannavaris.com\/blogg\/wp-content\/uploads\/2012\/01\/hill-klippt-1_786632c.jpg\"><img loading=\"lazy\" decoding=\"async\" class=\"aligncenter size-full wp-image-4010\" title=\"hill-klippt-1_786632c\" src=\"http:\/\/www.susannavaris.com\/blogg\/wp-content\/uploads\/2012\/01\/hill-klippt-1_786632c.jpg\" alt=\"\" width=\"485\" height=\"322\" srcset=\"http:\/\/www.susannavaris.com\/blogg\/wp-content\/uploads\/2012\/01\/hill-klippt-1_786632c.jpg 485w, http:\/\/www.susannavaris.com\/blogg\/wp-content\/uploads\/2012\/01\/hill-klippt-1_786632c-300x199.jpg 300w\" sizes=\"auto, (max-width: 485px) 100vw, 485px\" \/><\/a><em>\u00a0Ingenstans hittar jag titeln till denna m\u00e5lning, som \u00e4ven pryder utst\u00e4llningskatalogen. Kvinnan p\u00e5 bilden \u00e4r dock C. F. Hills syster. Kompositionen har n\u00e5got mystiskt \u00f6ver sig; den lilla b\u00e4cken f\u00f6rsvinner i \u00e5kern, busken, eller enen bakom systern ser ut som ett slags sp\u00f6ke eller skugga som f\u00f6rf\u00f6ljer henne&#8230;<\/em><\/p>\n<p style=\"text-align: center;\"><a href=\"http:\/\/www.susannavaris.com\/blogg\/wp-content\/uploads\/2012\/01\/hill.jpg\"><img loading=\"lazy\" decoding=\"async\" class=\"aligncenter size-full wp-image-4011\" title=\"hill\" src=\"http:\/\/www.susannavaris.com\/blogg\/wp-content\/uploads\/2012\/01\/hill.jpg\" alt=\"\" width=\"375\" height=\"309\" srcset=\"http:\/\/www.susannavaris.com\/blogg\/wp-content\/uploads\/2012\/01\/hill.jpg 375w, http:\/\/www.susannavaris.com\/blogg\/wp-content\/uploads\/2012\/01\/hill-300x247.jpg 300w\" sizes=\"auto, (max-width: 375px) 100vw, 375px\" \/><\/a><em>Blommande Frukttr\u00e4d. Under vistelsen i Frankrike m\u00e5lar Hill en serie bilder med detta blommande frukttr\u00e4d som motiv.<\/em><\/p>\n<p style=\"text-align: center;\"><a href=\"http:\/\/www.susannavaris.com\/blogg\/wp-content\/uploads\/2012\/01\/091013-007w1000.jpg\"><img loading=\"lazy\" decoding=\"async\" class=\"aligncenter size-full wp-image-4012\" title=\"091013-007w1000\" src=\"http:\/\/www.susannavaris.com\/blogg\/wp-content\/uploads\/2012\/01\/091013-007w1000.jpg\" alt=\"\" width=\"1000\" height=\"825\" srcset=\"http:\/\/www.susannavaris.com\/blogg\/wp-content\/uploads\/2012\/01\/091013-007w1000.jpg 1000w, http:\/\/www.susannavaris.com\/blogg\/wp-content\/uploads\/2012\/01\/091013-007w1000-300x247.jpg 300w\" sizes=\"auto, (max-width: 1000px) 100vw, 1000px\" \/><\/a>\u00a0<em>Vintersolnedg\u00e5ng med en Ryttare och en Stegrande H\u00e4st. Efterhand blir Hills m\u00e5leri m\u00f6rkare och under en \u00f6verg\u00e5ngsperiod blir f\u00e4rgerna mycket mustiga. Den h\u00e4r bilden har ocks\u00e5 n\u00e5got oroande \u00f6ver sig; de m\u00f6rka f\u00e4rgerna, solnedg\u00e5ngen, som snarare \u00e4n att vara vacker, ger en f\u00f6rnimmelse \u00f6ver att n\u00e5got inte st\u00e5r r\u00e4tt till. Den sittande kvinnan; varf\u00f6r sitter hon vid tr\u00e4det, till synes leal\u00f6s? Har n\u00e5gonting h\u00e4nt? Varf\u00f6r stegrar sig h\u00e4sten?\u00a0<\/em><\/p>\n<p style=\"text-align: center;\"><a href=\"http:\/\/www.susannavaris.com\/blogg\/wp-content\/uploads\/2012\/01\/Carl-fredrik-hill-Det-blommande-frukttr\u00e4det-i-grottan2-660x605.jpg\"><img loading=\"lazy\" decoding=\"async\" class=\"aligncenter size-full wp-image-4013\" title=\"Carl-fredrik-hill-Det-blommande-frukttr\u00e4det-i-grottan2-660x605\" src=\"http:\/\/www.susannavaris.com\/blogg\/wp-content\/uploads\/2012\/01\/Carl-fredrik-hill-Det-blommande-frukttr\u00e4det-i-grottan2-660x605.jpg\" alt=\"\" width=\"660\" height=\"605\" srcset=\"http:\/\/www.susannavaris.com\/blogg\/wp-content\/uploads\/2012\/01\/Carl-fredrik-hill-Det-blommande-frukttr\u00e4det-i-grottan2-660x605.jpg 660w, http:\/\/www.susannavaris.com\/blogg\/wp-content\/uploads\/2012\/01\/Carl-fredrik-hill-Det-blommande-frukttr\u00e4det-i-grottan2-660x605-300x275.jpg 300w\" sizes=\"auto, (max-width: 660px) 100vw, 660px\" \/><\/a><em>\u00a0Blommande Frukttr\u00e4d i en Grotta. En teckning fr\u00e5n Carl Johan Hills sjukdomsperiod. Jag tycker att det \u00e4r intressant att Hill f\u00f6rst har tillbringat en hel del tid med en l\u00e5ng serie med bilder p\u00e5 detta frukttr\u00e4d och nu \u00e4r tr\u00e4det inneslutet i en grotta.<\/em><\/p>\n<p style=\"text-align: center;\"><a href=\"http:\/\/www.susannavaris.com\/blogg\/wp-content\/uploads\/2012\/01\/hill3.jpg\"><img loading=\"lazy\" decoding=\"async\" class=\"aligncenter size-full wp-image-4014\" title=\"hill3\" src=\"http:\/\/www.susannavaris.com\/blogg\/wp-content\/uploads\/2012\/01\/hill3.jpg\" alt=\"\" width=\"660\" height=\"396\" srcset=\"http:\/\/www.susannavaris.com\/blogg\/wp-content\/uploads\/2012\/01\/hill3.jpg 660w, http:\/\/www.susannavaris.com\/blogg\/wp-content\/uploads\/2012\/01\/hill3-300x180.jpg 300w\" sizes=\"auto, (max-width: 660px) 100vw, 660px\" \/><\/a><em>\u00a0Kvinnlig Figur med Lejon. Efter sjukdomens utbrott \u00e4ndras Hills m\u00e5leri och skapnde drastiskt. Till en b\u00f6rjan infinner sig en viss naivism, som en regression, efterhand liknar hans uttryck mer och mer modern impressionism. Landskapen f\u00f6rsvinner n\u00e4stan helt och h\u00e5llet f\u00f6r att ers\u00e4ttas av exotiska djur och m\u00e4rkliga m\u00e4nniskofigurer, ofta med oproportioneligt stora h\u00e4nder och f\u00f6tter och n\u00e4stan alltid med noggrannt avbildade k\u00f6nsorgan.<\/em><\/p>\n<p style=\"text-align: center;\"><a href=\"http:\/\/www.susannavaris.com\/blogg\/wp-content\/uploads\/2012\/01\/Hill1.jpg\"><img loading=\"lazy\" decoding=\"async\" class=\"aligncenter size-full wp-image-4015\" title=\"Hill1\" src=\"http:\/\/www.susannavaris.com\/blogg\/wp-content\/uploads\/2012\/01\/Hill1.jpg\" alt=\"\" width=\"636\" height=\"318\" srcset=\"http:\/\/www.susannavaris.com\/blogg\/wp-content\/uploads\/2012\/01\/Hill1.jpg 636w, http:\/\/www.susannavaris.com\/blogg\/wp-content\/uploads\/2012\/01\/Hill1-300x150.jpg 300w\" sizes=\"auto, (max-width: 636px) 100vw, 636px\" \/><\/a><em>\u00a0Tv De sista m\u00e4nniskorna. P\u00e5 en avgrundsklippa balanserar tv\u00e5 mansfigurer, hand i hand. Interi\u00f6r med Tigrar och Lejon th.<\/em><\/p>\n<p style=\"text-align: center;\"><a href=\"http:\/\/www.susannavaris.com\/blogg\/wp-content\/uploads\/2012\/01\/art-01_haremsszene.jpg\"><img loading=\"lazy\" decoding=\"async\" class=\"aligncenter size-full wp-image-4016\" title=\"art-01_haremsszene\" src=\"http:\/\/www.susannavaris.com\/blogg\/wp-content\/uploads\/2012\/01\/art-01_haremsszene.jpg\" alt=\"\" width=\"450\" height=\"355\" srcset=\"http:\/\/www.susannavaris.com\/blogg\/wp-content\/uploads\/2012\/01\/art-01_haremsszene.jpg 450w, http:\/\/www.susannavaris.com\/blogg\/wp-content\/uploads\/2012\/01\/art-01_haremsszene-300x236.jpg 300w\" sizes=\"auto, (max-width: 450px) 100vw, 450px\" \/><\/a><em>\u00a0Orientalisk Interi\u00f6r. Det \u00e4r ett flertal verk med guld- och silverinslag. P\u00e5 ett s\u00e4tt p\u00e5minner dessa verk om Klimts myllrande scenerier med kvinnofigurer och djur.<\/em><\/p>\n<p style=\"text-align: left;\">\u00a0Efter den fascinerande utst\u00e4llningen tog vi oss en liten tur i v\u00e5ningarna. Waldemarsudde \u00e4r, som jag kanske redan har konstaterat, fantastisk vackert. Man h\u00e5ller traditionen med blomsterarrangemangen vid liv och varje rum doftar dessutom helt underbart.<\/p>\n<p style=\"text-align: center;\"><a href=\"http:\/\/www.susannavaris.com\/blogg\/wp-content\/uploads\/2012\/01\/DSC_0608-50-adj.jpg\"><img loading=\"lazy\" decoding=\"async\" class=\"aligncenter size-large wp-image-4017\" title=\"DSC_0608-50-adj\" src=\"http:\/\/www.susannavaris.com\/blogg\/wp-content\/uploads\/2012\/01\/DSC_0608-50-adj-1024x682.jpg\" alt=\"\" width=\"640\" height=\"426\" srcset=\"http:\/\/www.susannavaris.com\/blogg\/wp-content\/uploads\/2012\/01\/DSC_0608-50-adj-1024x682.jpg 1024w, http:\/\/www.susannavaris.com\/blogg\/wp-content\/uploads\/2012\/01\/DSC_0608-50-adj-300x200.jpg 300w\" sizes=\"auto, (max-width: 640px) 100vw, 640px\" \/><\/a><em>\u00a0Uppe i v\u00e5ningarna. Str\u00f6mkarln av Ernst Josephsson<\/em><\/p>\n<p style=\"text-align: center;\"><a href=\"http:\/\/www.susannavaris.com\/blogg\/wp-content\/uploads\/2012\/01\/DSC_0609-50-adj.jpg\"><img loading=\"lazy\" decoding=\"async\" class=\"aligncenter size-large wp-image-4018\" title=\"DSC_0609-50-adj\" src=\"http:\/\/www.susannavaris.com\/blogg\/wp-content\/uploads\/2012\/01\/DSC_0609-50-adj-1024x682.jpg\" alt=\"\" width=\"640\" height=\"426\" srcset=\"http:\/\/www.susannavaris.com\/blogg\/wp-content\/uploads\/2012\/01\/DSC_0609-50-adj-1024x682.jpg 1024w, http:\/\/www.susannavaris.com\/blogg\/wp-content\/uploads\/2012\/01\/DSC_0609-50-adj-300x200.jpg 300w\" sizes=\"auto, (max-width: 640px) 100vw, 640px\" \/><\/a><em>\u00a0Jo, jag kunde nog trivas h\u00e4r&#8230;<\/em><\/p>\n<p style=\"text-align: center;\"><a href=\"http:\/\/www.susannavaris.com\/blogg\/wp-content\/uploads\/2012\/01\/DSC_0610-50-adj.jpg\"><img loading=\"lazy\" decoding=\"async\" class=\"aligncenter size-large wp-image-4019\" title=\"DSC_0610-50-adj\" src=\"http:\/\/www.susannavaris.com\/blogg\/wp-content\/uploads\/2012\/01\/DSC_0610-50-adj-682x1024.jpg\" alt=\"\" width=\"640\" height=\"960\" srcset=\"http:\/\/www.susannavaris.com\/blogg\/wp-content\/uploads\/2012\/01\/DSC_0610-50-adj-682x1024.jpg 682w, http:\/\/www.susannavaris.com\/blogg\/wp-content\/uploads\/2012\/01\/DSC_0610-50-adj-200x300.jpg 200w, http:\/\/www.susannavaris.com\/blogg\/wp-content\/uploads\/2012\/01\/DSC_0610-50-adj.jpg 1536w\" sizes=\"auto, (max-width: 640px) 100vw, 640px\" \/><\/a><em>\u00a0Doften av liljekonvalj&#8230;<\/em><\/p>\n<p style=\"text-align: center;\"><a href=\"http:\/\/www.susannavaris.com\/blogg\/wp-content\/uploads\/2012\/01\/DSC_0611-50-adj.jpg\"><img loading=\"lazy\" decoding=\"async\" class=\"aligncenter size-large wp-image-4020\" title=\"DSC_0611-50-adj\" src=\"http:\/\/www.susannavaris.com\/blogg\/wp-content\/uploads\/2012\/01\/DSC_0611-50-adj-1024x682.jpg\" alt=\"\" width=\"640\" height=\"426\" srcset=\"http:\/\/www.susannavaris.com\/blogg\/wp-content\/uploads\/2012\/01\/DSC_0611-50-adj-1024x682.jpg 1024w, http:\/\/www.susannavaris.com\/blogg\/wp-content\/uploads\/2012\/01\/DSC_0611-50-adj-300x200.jpg 300w\" sizes=\"auto, (max-width: 640px) 100vw, 640px\" \/><\/a><em>\u00a0Moderskan lyckades f\u00e5 till sin mest stroppiga kulurg\u00e4ngarmin&#8230;<\/em><\/p>\n<p style=\"text-align: center;\"><a href=\"http:\/\/www.susannavaris.com\/blogg\/wp-content\/uploads\/2012\/01\/DSC_0613-50-adj.jpg\"><img loading=\"lazy\" decoding=\"async\" class=\"aligncenter size-large wp-image-4021\" title=\"DSC_0613-50-adj\" src=\"http:\/\/www.susannavaris.com\/blogg\/wp-content\/uploads\/2012\/01\/DSC_0613-50-adj-1024x682.jpg\" alt=\"\" width=\"640\" height=\"426\" srcset=\"http:\/\/www.susannavaris.com\/blogg\/wp-content\/uploads\/2012\/01\/DSC_0613-50-adj-1024x682.jpg 1024w, http:\/\/www.susannavaris.com\/blogg\/wp-content\/uploads\/2012\/01\/DSC_0613-50-adj-300x200.jpg 300w\" sizes=\"auto, (max-width: 640px) 100vw, 640px\" \/><\/a><em>\u00a0Moderskan i r\u00f6krummet<\/em><\/p>\n<p style=\"text-align: center;\"><a href=\"http:\/\/www.susannavaris.com\/blogg\/wp-content\/uploads\/2012\/01\/DSC_0614-50-adj.jpg\"><img loading=\"lazy\" decoding=\"async\" class=\"aligncenter size-large wp-image-4022\" title=\"DSC_0614-50-adj\" src=\"http:\/\/www.susannavaris.com\/blogg\/wp-content\/uploads\/2012\/01\/DSC_0614-50-adj-682x1024.jpg\" alt=\"\" width=\"640\" height=\"960\" srcset=\"http:\/\/www.susannavaris.com\/blogg\/wp-content\/uploads\/2012\/01\/DSC_0614-50-adj-682x1024.jpg 682w, http:\/\/www.susannavaris.com\/blogg\/wp-content\/uploads\/2012\/01\/DSC_0614-50-adj-200x300.jpg 200w, http:\/\/www.susannavaris.com\/blogg\/wp-content\/uploads\/2012\/01\/DSC_0614-50-adj.jpg 1536w\" sizes=\"auto, (max-width: 640px) 100vw, 640px\" \/><\/a><em>\u00a0Inte min favorit, men det \u00e4r ju trots allt strindbergs\u00e5r&#8230;<\/em><\/p>\n<p style=\"text-align: center;\"><a href=\"http:\/\/www.susannavaris.com\/blogg\/wp-content\/uploads\/2012\/01\/DSC_0615-50-adj.jpg\"><img loading=\"lazy\" decoding=\"async\" class=\"aligncenter size-large wp-image-4023\" title=\"DSC_0615-50-adj\" src=\"http:\/\/www.susannavaris.com\/blogg\/wp-content\/uploads\/2012\/01\/DSC_0615-50-adj-682x1024.jpg\" alt=\"\" width=\"640\" height=\"960\" srcset=\"http:\/\/www.susannavaris.com\/blogg\/wp-content\/uploads\/2012\/01\/DSC_0615-50-adj-682x1024.jpg 682w, http:\/\/www.susannavaris.com\/blogg\/wp-content\/uploads\/2012\/01\/DSC_0615-50-adj-200x300.jpg 200w, http:\/\/www.susannavaris.com\/blogg\/wp-content\/uploads\/2012\/01\/DSC_0615-50-adj.jpg 1536w\" sizes=\"auto, (max-width: 640px) 100vw, 640px\" \/><\/a><a href=\"http:\/\/www.susannavaris.com\/blogg\/wp-content\/uploads\/2012\/01\/DSC_0616-50-adj.jpg\"><img loading=\"lazy\" decoding=\"async\" class=\"aligncenter size-large wp-image-4024\" title=\"DSC_0616-50-adj\" src=\"http:\/\/www.susannavaris.com\/blogg\/wp-content\/uploads\/2012\/01\/DSC_0616-50-adj-1024x682.jpg\" alt=\"\" width=\"640\" height=\"426\" srcset=\"http:\/\/www.susannavaris.com\/blogg\/wp-content\/uploads\/2012\/01\/DSC_0616-50-adj-1024x682.jpg 1024w, http:\/\/www.susannavaris.com\/blogg\/wp-content\/uploads\/2012\/01\/DSC_0616-50-adj-300x200.jpg 300w\" sizes=\"auto, (max-width: 640px) 100vw, 640px\" \/><\/a>\u00a0<em>Frostvackert landskap\u00a0<\/em><\/p>\n<p style=\"text-align: center;\"><a href=\"http:\/\/www.susannavaris.com\/blogg\/wp-content\/uploads\/2012\/01\/DSC_0620-50.jpg\"><img loading=\"lazy\" decoding=\"async\" class=\"aligncenter size-large wp-image-4025\" title=\"DSC_0620-50\" src=\"http:\/\/www.susannavaris.com\/blogg\/wp-content\/uploads\/2012\/01\/DSC_0620-50-682x1024.jpg\" alt=\"\" width=\"640\" height=\"960\" srcset=\"http:\/\/www.susannavaris.com\/blogg\/wp-content\/uploads\/2012\/01\/DSC_0620-50-682x1024.jpg 682w, http:\/\/www.susannavaris.com\/blogg\/wp-content\/uploads\/2012\/01\/DSC_0620-50-200x300.jpg 200w, http:\/\/www.susannavaris.com\/blogg\/wp-content\/uploads\/2012\/01\/DSC_0620-50.jpg 1536w\" sizes=\"auto, (max-width: 640px) 100vw, 640px\" \/><\/a>\u00a0<a href=\"http:\/\/www.susannavaris.com\/blogg\/wp-content\/uploads\/2012\/01\/DSC_0622-50.jpg\"><img loading=\"lazy\" decoding=\"async\" class=\"aligncenter size-large wp-image-4026\" title=\"DSC_0622-50\" src=\"http:\/\/www.susannavaris.com\/blogg\/wp-content\/uploads\/2012\/01\/DSC_0622-50-682x1024.jpg\" alt=\"\" width=\"640\" height=\"960\" srcset=\"http:\/\/www.susannavaris.com\/blogg\/wp-content\/uploads\/2012\/01\/DSC_0622-50-682x1024.jpg 682w, http:\/\/www.susannavaris.com\/blogg\/wp-content\/uploads\/2012\/01\/DSC_0622-50-200x300.jpg 200w, http:\/\/www.susannavaris.com\/blogg\/wp-content\/uploads\/2012\/01\/DSC_0622-50.jpg 1536w\" sizes=\"auto, (max-width: 640px) 100vw, 640px\" \/><\/a><em>\u00a0Sedan blev det en matbit i Prinsens K\u00f6k. Supergott, men lite f\u00f6r lchf-anpassat f\u00f6r min smak; b\u00f6cklingr\u00f6ra med kapris, l\u00f6k och r\u00e5rivet till. Jag fick sno en potatis av Uffe och kompensera med en semla till efterr\u00e4tt&#8230;<\/em><\/p>\n<p style=\"text-align: center;\"><a href=\"http:\/\/www.susannavaris.com\/blogg\/wp-content\/uploads\/2012\/01\/DSC_0623-50.jpg\"><img loading=\"lazy\" decoding=\"async\" class=\"aligncenter size-large wp-image-4027\" title=\"DSC_0623-50\" src=\"http:\/\/www.susannavaris.com\/blogg\/wp-content\/uploads\/2012\/01\/DSC_0623-50-1024x682.jpg\" alt=\"\" width=\"640\" height=\"426\" srcset=\"http:\/\/www.susannavaris.com\/blogg\/wp-content\/uploads\/2012\/01\/DSC_0623-50-1024x682.jpg 1024w, http:\/\/www.susannavaris.com\/blogg\/wp-content\/uploads\/2012\/01\/DSC_0623-50-300x200.jpg 300w\" sizes=\"auto, (max-width: 640px) 100vw, 640px\" \/><\/a>\u00a0<em>Vackra, gotiska, Caspar David Friedrich-tr\u00e4d utanf\u00f6r.<\/em><\/p>\n<p style=\"text-align: center;\"><a href=\"http:\/\/www.susannavaris.com\/blogg\/wp-content\/uploads\/2012\/01\/DSC_0627-50.jpg\"><img loading=\"lazy\" decoding=\"async\" class=\"aligncenter size-large wp-image-4029\" title=\"DSC_0627-50\" src=\"http:\/\/www.susannavaris.com\/blogg\/wp-content\/uploads\/2012\/01\/DSC_0627-50-682x1024.jpg\" alt=\"\" width=\"640\" height=\"960\" srcset=\"http:\/\/www.susannavaris.com\/blogg\/wp-content\/uploads\/2012\/01\/DSC_0627-50-682x1024.jpg 682w, http:\/\/www.susannavaris.com\/blogg\/wp-content\/uploads\/2012\/01\/DSC_0627-50-200x300.jpg 200w, http:\/\/www.susannavaris.com\/blogg\/wp-content\/uploads\/2012\/01\/DSC_0627-50.jpg 1536w\" sizes=\"auto, (max-width: 640px) 100vw, 640px\" \/><\/a><\/p>\n<p style=\"text-align: left;\">Efter kulturupplevelsen blev det dags att bege sig hem\u00e5t f\u00f6r att f\u00f6rbereda f\u00f6r g\u00e4sterna. En v\u00e4nda p\u00e5 Hemk\u00f6p i city och vi var fullt utrustade.<\/p>\n<p style=\"text-align: center;\"><a href=\"http:\/\/www.susannavaris.com\/blogg\/wp-content\/uploads\/2012\/01\/DSC_0634-50.jpg\"><img loading=\"lazy\" decoding=\"async\" class=\"aligncenter size-large wp-image-4030\" title=\"DSC_0634-50\" src=\"http:\/\/www.susannavaris.com\/blogg\/wp-content\/uploads\/2012\/01\/DSC_0634-50-1024x682.jpg\" alt=\"\" width=\"640\" height=\"426\" srcset=\"http:\/\/www.susannavaris.com\/blogg\/wp-content\/uploads\/2012\/01\/DSC_0634-50-1024x682.jpg 1024w, http:\/\/www.susannavaris.com\/blogg\/wp-content\/uploads\/2012\/01\/DSC_0634-50-300x200.jpg 300w\" sizes=\"auto, (max-width: 640px) 100vw, 640px\" \/><\/a><em>\u00a0Moderskan hade tillverkat denna mumsiga gr\u00f6nsakspaj&#8230;<\/em><\/p>\n<p style=\"text-align: center;\"><a href=\"http:\/\/www.susannavaris.com\/blogg\/wp-content\/uploads\/2012\/01\/DSC_0635-50-adj.jpg\"><img loading=\"lazy\" decoding=\"async\" class=\"aligncenter size-large wp-image-4031\" title=\"DSC_0635-50-adj\" src=\"http:\/\/www.susannavaris.com\/blogg\/wp-content\/uploads\/2012\/01\/DSC_0635-50-adj-1024x682.jpg\" alt=\"\" width=\"640\" height=\"426\" srcset=\"http:\/\/www.susannavaris.com\/blogg\/wp-content\/uploads\/2012\/01\/DSC_0635-50-adj-1024x682.jpg 1024w, http:\/\/www.susannavaris.com\/blogg\/wp-content\/uploads\/2012\/01\/DSC_0635-50-adj-300x200.jpg 300w\" sizes=\"auto, (max-width: 640px) 100vw, 640px\" \/><\/a><em>\u00a0Dukat och klart.<\/em><\/p>\n<p style=\"text-align: center;\"><em><a href=\"http:\/\/www.susannavaris.com\/blogg\/wp-content\/uploads\/2012\/01\/DSC_0636-50-adj.jpg\"><img loading=\"lazy\" decoding=\"async\" class=\"aligncenter size-large wp-image-4032\" title=\"DSC_0636-50-adj\" src=\"http:\/\/www.susannavaris.com\/blogg\/wp-content\/uploads\/2012\/01\/DSC_0636-50-adj-1024x682.jpg\" alt=\"\" width=\"640\" height=\"426\" srcset=\"http:\/\/www.susannavaris.com\/blogg\/wp-content\/uploads\/2012\/01\/DSC_0636-50-adj-1024x682.jpg 1024w, http:\/\/www.susannavaris.com\/blogg\/wp-content\/uploads\/2012\/01\/DSC_0636-50-adj-300x200.jpg 300w\" sizes=\"auto, (max-width: 640px) 100vw, 640px\" \/><\/a>\u00a0\u00c4ntligen anl\u00e4nde s\u00e5 tjejorna, som var h\u00e4r f\u00f6r att bes\u00f6ka Formex-m\u00e4ssan. Lisbeth och Eija \u00e4r b\u00e5da mycket inredningsintresserade och driver dessutom var sin blogg:<\/em><\/p>\n<p style=\"text-align: center;\"><em>Lisbeths blogg Designe:<\/em><\/p>\n<p style=\"text-align: center;\"><em><a href=\"http:\/\/de-signe.blogspot.com\/\">http:\/\/de-signe.blogspot.com\/<\/a>\u00a0<\/em><\/p>\n<p style=\"text-align: center;\"><em>Eijas blogg Norrfrid:<\/em><\/p>\n<p style=\"text-align: center;\"><em><a href=\"http:\/\/norrfrid.blogspot.com\/\">http:\/\/norrfrid.blogspot.com\/<\/a>\u00a0<\/em><\/p>\n<p style=\"text-align: center;\"><em><a href=\"http:\/\/www.susannavaris.com\/blogg\/wp-content\/uploads\/2012\/01\/DSC_0637-50.jpg\"><img loading=\"lazy\" decoding=\"async\" class=\"aligncenter size-large wp-image-4033\" title=\"DSC_0637-50\" src=\"http:\/\/www.susannavaris.com\/blogg\/wp-content\/uploads\/2012\/01\/DSC_0637-50-682x1024.jpg\" alt=\"\" width=\"640\" height=\"960\" srcset=\"http:\/\/www.susannavaris.com\/blogg\/wp-content\/uploads\/2012\/01\/DSC_0637-50-682x1024.jpg 682w, http:\/\/www.susannavaris.com\/blogg\/wp-content\/uploads\/2012\/01\/DSC_0637-50-200x300.jpg 200w, http:\/\/www.susannavaris.com\/blogg\/wp-content\/uploads\/2012\/01\/DSC_0637-50.jpg 1536w\" sizes=\"auto, (max-width: 640px) 100vw, 640px\" \/><\/a>Eija och jag. Vi har k\u00e4nt varann sedan 1979, d\u00e5 jag flyttade till Sverige med min mor och jag b\u00f6rjade i Eijas klass p\u00e5 St\u00e5lhamraskolan.<\/em><\/p>\n<p style=\"text-align: left;\">Det var j\u00e4tteroligt att ses igen. Det blir ju inte j\u00e4tteofta numera, eftersom Eija sedan n\u00e5got \u00e5r bor i Sollefte\u00e5 med sin familj. (Hmmm&#8230;jag kanske ska g\u00f6ra en liten H\u00e4r \u00e4r v\u00e5rt liv-inl\u00e4gg om Eijas och mina forna \u00e4ventyr&#8230;?)<\/p>\n<p style=\"text-align: center;\"><a href=\"http:\/\/www.susannavaris.com\/blogg\/wp-content\/uploads\/2012\/01\/DSC_0640-50.jpg\"><img loading=\"lazy\" decoding=\"async\" class=\"aligncenter size-large wp-image-4043\" title=\"DSC_0640-50\" src=\"http:\/\/www.susannavaris.com\/blogg\/wp-content\/uploads\/2012\/01\/DSC_0640-50-682x1024.jpg\" alt=\"\" width=\"640\" height=\"960\" srcset=\"http:\/\/www.susannavaris.com\/blogg\/wp-content\/uploads\/2012\/01\/DSC_0640-50-682x1024.jpg 682w, http:\/\/www.susannavaris.com\/blogg\/wp-content\/uploads\/2012\/01\/DSC_0640-50-200x300.jpg 200w, http:\/\/www.susannavaris.com\/blogg\/wp-content\/uploads\/2012\/01\/DSC_0640-50.jpg 1536w\" sizes=\"auto, (max-width: 640px) 100vw, 640px\" \/><\/a><em>\u00a0Jag hade visst gl\u00f6mt att l\u00e4gga in sj\u00e4lva bilden p\u00e5 Aalto-vasen med tulpanerna&#8230;men h\u00e4r \u00e4r den!<\/em><\/p>\n<p style=\"text-align: left;\">Jo, jag fick presenter ocks\u00e5; stilfulla tulpaner som med f\u00f6rdel st\u00e4lls i denna Alvar Aalto-vas (vars inspiration inte alls \u00e4r en vattenp\u00f6l, utan en eskim\u00e5kvinnas l\u00e4derbyxor. Jo, s\u00e5 \u00e4r det, jag hittar inte p\u00e5&#8230;) och en tjusig bricka med ljus till. Allt(utom vasen) fr\u00e5n ett kv\u00e4lls\u00f6ppet ICA Supermarket&#8230;<\/p>\n<p style=\"text-align: left;\"><a href=\"http:\/\/www.svd.se\/kultur\/konst\/psykosen-gjorde-hill-kand_6488414.svd\">http:\/\/www.svd.se\/kultur\/konst\/psykosen-gjorde-hill-kand_6488414.svd<\/a><\/p>\n<p style=\"text-align: left;\"><a href=\"http:\/\/www.dn.se\/kultur-noje\/konstrecensioner\/carl-fredrik-hill-pa-waldemarsudde-stockholm\">http:\/\/www.dn.se\/kultur-noje\/konstrecensioner\/carl-fredrik-hill-pa-waldemarsudde-stockholm<\/a><\/p>\n<p style=\"text-align: left;\"><a href=\"http:\/\/www.aftonbladet.se\/kultur\/konst\/article13708639.ab\">http:\/\/www.aftonbladet.se\/kultur\/konst\/article13708639.ab<\/a><\/p>\n<p style=\"text-align: left;\">\n","protected":false},"excerpt":{"rendered":"<p>Jag skulle f\u00e5 l\u00e5ngv\u00e4ga g\u00e4ster p\u00e5 kv\u00e4llen, s\u00e5 redan klockan 8 p\u00e5 l\u00f6rdagsmorgonen masade jag mig upp f\u00f6r att g\u00f6ra mig i ordning f\u00f6r ett nytt museibes\u00f6k. Det \u00e4r sista veckorna f\u00f6r Carl Fredrik Hill-utst\u00e4llningen p\u00e5 Prins Eugens Waldemarsudde. Jag &hellip; <a href=\"http:\/\/www.susannavaris.com\/blogg\/2012\/01\/spackad-helg\/\">Forts\u00e4tt l\u00e4sa <span class=\"meta-nav\">&rarr;<\/span><\/a><\/p>\n","protected":false},"author":1,"featured_media":0,"comment_status":"open","ping_status":"open","sticky":false,"template":"","format":"standard","meta":{"footnotes":""},"categories":[213,13,3,1162,1,4],"tags":[1210,1211,1209,838,1206,849,1207,4901,850,1208,839],"class_list":["post-4006","post","type-post","status-publish","format-standard","hentry","category-inredning","category-inspiration","category-konst","category-kultur","category-okategoriserade","category-utstallning","tag-aalto","tag-aalto-vas","tag-alvar-aalto","tag-carl-fredrik-hill","tag-de-signe","tag-eija","tag-formex","tag-inredning","tag-norrfrids-eija","tag-strindberg","tag-waldemarsudde"],"_links":{"self":[{"href":"http:\/\/www.susannavaris.com\/blogg\/wp-json\/wp\/v2\/posts\/4006","targetHints":{"allow":["GET"]}}],"collection":[{"href":"http:\/\/www.susannavaris.com\/blogg\/wp-json\/wp\/v2\/posts"}],"about":[{"href":"http:\/\/www.susannavaris.com\/blogg\/wp-json\/wp\/v2\/types\/post"}],"author":[{"embeddable":true,"href":"http:\/\/www.susannavaris.com\/blogg\/wp-json\/wp\/v2\/users\/1"}],"replies":[{"embeddable":true,"href":"http:\/\/www.susannavaris.com\/blogg\/wp-json\/wp\/v2\/comments?post=4006"}],"version-history":[{"count":10,"href":"http:\/\/www.susannavaris.com\/blogg\/wp-json\/wp\/v2\/posts\/4006\/revisions"}],"predecessor-version":[{"id":4041,"href":"http:\/\/www.susannavaris.com\/blogg\/wp-json\/wp\/v2\/posts\/4006\/revisions\/4041"}],"wp:attachment":[{"href":"http:\/\/www.susannavaris.com\/blogg\/wp-json\/wp\/v2\/media?parent=4006"}],"wp:term":[{"taxonomy":"category","embeddable":true,"href":"http:\/\/www.susannavaris.com\/blogg\/wp-json\/wp\/v2\/categories?post=4006"},{"taxonomy":"post_tag","embeddable":true,"href":"http:\/\/www.susannavaris.com\/blogg\/wp-json\/wp\/v2\/tags?post=4006"}],"curies":[{"name":"wp","href":"https:\/\/api.w.org\/{rel}","templated":true}]}}