{"id":4062,"date":"2012-01-26T23:57:51","date_gmt":"2012-01-26T22:57:51","guid":{"rendered":"http:\/\/www.susannavaris.com\/blogg\/?p=4062"},"modified":"2012-01-26T23:57:51","modified_gmt":"2012-01-26T22:57:51","slug":"pa-tema-slussen-och-innanforskapet","status":"publish","type":"post","link":"http:\/\/www.susannavaris.com\/blogg\/2012\/01\/pa-tema-slussen-och-innanforskapet\/","title":{"rendered":"P\u00e5 tema Slussen och innanf\u00f6rskapet"},"content":{"rendered":"<p style=\"text-align: center;\"><a href=\"http:\/\/www.susannavaris.com\/blogg\/wp-content\/uploads\/2012\/01\/mosebackemonarki.jpg\"><img loading=\"lazy\" decoding=\"async\" class=\"aligncenter size-full wp-image-4063\" title=\"mosebackemonarki\" src=\"http:\/\/www.susannavaris.com\/blogg\/wp-content\/uploads\/2012\/01\/mosebackemonarki.jpg\" alt=\"\" width=\"819\" height=\"460\" srcset=\"http:\/\/www.susannavaris.com\/blogg\/wp-content\/uploads\/2012\/01\/mosebackemonarki.jpg 819w, http:\/\/www.susannavaris.com\/blogg\/wp-content\/uploads\/2012\/01\/mosebackemonarki-300x168.jpg 300w\" sizes=\"auto, (max-width: 819px) 100vw, 819px\" \/><\/a>\u00a0<em>Faksimil fr\u00e5n Exprerssens n\u00e4tupplaga<\/em><\/p>\n<p>Dan Hallemar skriver i Expressen om segregeringen i en viss stadsdel i Stockholm, som \u00e4ven jag ber\u00f6rt i n\u00e5gra inl\u00e4gg h\u00e4r p\u00e5 bloggen&#8230;<\/p>\n<p><a href=\"http:\/\/www.expressen.se\/kultur\/1.2685420\/mosebacke\">http:\/\/www.expressen.se\/kultur\/1.2685420\/mosebacke<\/a><\/p>\n<p><a href=\"http:\/\/extra.expressen.se\/pdf\/120121kultur1.pdf\">http:\/\/extra.expressen.se\/pdf\/120121kultur1.pdf<\/a><\/p>\n<p><a href=\"http:\/\/extra.expressen.se\/pdf\/120120kultur2.pdf\">http:\/\/extra.expressen.se\/pdf\/120120kultur2.pdf<\/a><\/p>\n<p>Att man som bostadsinnehavare reagerar p\u00e5 f\u00f6r\u00e4ndringar i n\u00e4rmilj\u00f6n \u00e4r fullt naturligt, men n\u00e4r man f\u00f6rs\u00f6ker maskera sitt s\u00e4rintresse som en reaktion fr\u00e5n en allm\u00e4nt representativ kulturv\u00e4rld under parollen &#8221;Kulturslussen&#8221; och d\u00e4rmed l\u00e5tsas som att man representerar ett slags allm\u00e4nintresse, blandar man nog litegranna ihop korten, medvetet eller omedvetet.<\/p>\n<p>Mina inl\u00e4gg om innanf\u00f6rskapet:<\/p>\n<p><a href=\"http:\/\/www.susannavaris.com\/blogg\/2011\/08\/en-rundvandring-i-innanforskapets-stockholm-del-i\/\">http:\/\/www.susannavaris.com\/blogg\/2011\/08\/en-rundvandring-i-innanforskapets-stockholm-del-i\/<\/a><\/p>\n<p><a href=\"http:\/\/www.susannavaris.com\/blogg\/2011\/08\/en-rundvandring-i-innanforskapets-stockholm-del-ii\/\">http:\/\/www.susannavaris.com\/blogg\/2011\/08\/en-rundvandring-i-innanforskapets-stockholm-del-ii\/<\/a><\/p>\n<p>&nbsp;<\/p>\n<p>&nbsp;<\/p>\n","protected":false},"excerpt":{"rendered":"<p>\u00a0Faksimil fr\u00e5n Exprerssens n\u00e4tupplaga Dan Hallemar skriver i Expressen om segregeringen i en viss stadsdel i Stockholm, som \u00e4ven jag ber\u00f6rt i n\u00e5gra inl\u00e4gg h\u00e4r p\u00e5 bloggen&#8230; http:\/\/www.expressen.se\/kultur\/1.2685420\/mosebacke http:\/\/extra.expressen.se\/pdf\/120121kultur1.pdf http:\/\/extra.expressen.se\/pdf\/120120kultur2.pdf Att man som bostadsinnehavare reagerar p\u00e5 f\u00f6r\u00e4ndringar i n\u00e4rmilj\u00f6n \u00e4r &hellip; <a href=\"http:\/\/www.susannavaris.com\/blogg\/2012\/01\/pa-tema-slussen-och-innanforskapet\/\">Forts\u00e4tt l\u00e4sa <span class=\"meta-nav\">&rarr;<\/span><\/a><\/p>\n","protected":false},"author":1,"featured_media":0,"comment_status":"open","ping_status":"open","sticky":false,"template":"","format":"standard","meta":{"footnotes":""},"categories":[1162,589,1,590,1060,889],"tags":[174,1225,1226,1163,4916,1006,1227],"class_list":["post-4062","post","type-post","status-publish","format-standard","hentry","category-kultur","category-medier","category-okategoriserade","category-politik","category-samhallsplanering","category-teknik","tag-bengt-ohlsson","tag-dan-hallemar","tag-innanforskapet","tag-kulturslussen","tag-samhallsplanering","tag-slussen","tag-stadsplanering"],"_links":{"self":[{"href":"http:\/\/www.susannavaris.com\/blogg\/wp-json\/wp\/v2\/posts\/4062","targetHints":{"allow":["GET"]}}],"collection":[{"href":"http:\/\/www.susannavaris.com\/blogg\/wp-json\/wp\/v2\/posts"}],"about":[{"href":"http:\/\/www.susannavaris.com\/blogg\/wp-json\/wp\/v2\/types\/post"}],"author":[{"embeddable":true,"href":"http:\/\/www.susannavaris.com\/blogg\/wp-json\/wp\/v2\/users\/1"}],"replies":[{"embeddable":true,"href":"http:\/\/www.susannavaris.com\/blogg\/wp-json\/wp\/v2\/comments?post=4062"}],"version-history":[{"count":3,"href":"http:\/\/www.susannavaris.com\/blogg\/wp-json\/wp\/v2\/posts\/4062\/revisions"}],"predecessor-version":[{"id":4066,"href":"http:\/\/www.susannavaris.com\/blogg\/wp-json\/wp\/v2\/posts\/4062\/revisions\/4066"}],"wp:attachment":[{"href":"http:\/\/www.susannavaris.com\/blogg\/wp-json\/wp\/v2\/media?parent=4062"}],"wp:term":[{"taxonomy":"category","embeddable":true,"href":"http:\/\/www.susannavaris.com\/blogg\/wp-json\/wp\/v2\/categories?post=4062"},{"taxonomy":"post_tag","embeddable":true,"href":"http:\/\/www.susannavaris.com\/blogg\/wp-json\/wp\/v2\/tags?post=4062"}],"curies":[{"name":"wp","href":"https:\/\/api.w.org\/{rel}","templated":true}]}}