{"id":4085,"date":"2012-01-27T20:42:03","date_gmt":"2012-01-27T19:42:03","guid":{"rendered":"http:\/\/www.susannavaris.com\/blogg\/?p=4085"},"modified":"2012-01-27T20:42:03","modified_gmt":"2012-01-27T19:42:03","slug":"gron-jul","status":"publish","type":"post","link":"http:\/\/www.susannavaris.com\/blogg\/2012\/01\/gron-jul\/","title":{"rendered":"Gr\u00f6n jul"},"content":{"rendered":"<p>Jag laddade upp bilder fr\u00e5n min kompaktkamera idag och hade gl\u00f6mt bort att jag f\u00f6revigade v\u00e5r promenad p\u00e5 julafton&#8230;<\/p>\n<p style=\"text-align: center;\"><a href=\"http:\/\/www.susannavaris.com\/blogg\/wp-content\/uploads\/2012\/01\/005-50.jpg\"><img loading=\"lazy\" decoding=\"async\" class=\"aligncenter size-large wp-image-4086\" title=\"005-50\" src=\"http:\/\/www.susannavaris.com\/blogg\/wp-content\/uploads\/2012\/01\/005-50-768x1024.jpg\" alt=\"\" width=\"640\" height=\"853\" srcset=\"http:\/\/www.susannavaris.com\/blogg\/wp-content\/uploads\/2012\/01\/005-50-768x1024.jpg 768w, http:\/\/www.susannavaris.com\/blogg\/wp-content\/uploads\/2012\/01\/005-50-225x300.jpg 225w, http:\/\/www.susannavaris.com\/blogg\/wp-content\/uploads\/2012\/01\/005-50.jpg 1056w\" sizes=\"auto, (max-width: 640px) 100vw, 640px\" \/><\/a><em>\u00a0Fr\u00e5n Kusens Backe mot slussen i S\u00f6dert\u00e4lje. Julafton och gr\u00f6na gr\u00e4smattor&#8230;<\/em><\/p>\n","protected":false},"excerpt":{"rendered":"<p>Jag laddade upp bilder fr\u00e5n min kompaktkamera idag och hade gl\u00f6mt bort att jag f\u00f6revigade v\u00e5r promenad p\u00e5 julafton&#8230; \u00a0Fr\u00e5n Kusens Backe mot slussen i S\u00f6dert\u00e4lje. Julafton och gr\u00f6na gr\u00e4smattor&#8230;<\/p>\n","protected":false},"author":1,"featured_media":0,"comment_status":"open","ping_status":"open","sticky":false,"template":"","format":"standard","meta":{"footnotes":""},"categories":[1],"tags":[],"class_list":["post-4085","post","type-post","status-publish","format-standard","hentry","category-okategoriserade"],"_links":{"self":[{"href":"http:\/\/www.susannavaris.com\/blogg\/wp-json\/wp\/v2\/posts\/4085","targetHints":{"allow":["GET"]}}],"collection":[{"href":"http:\/\/www.susannavaris.com\/blogg\/wp-json\/wp\/v2\/posts"}],"about":[{"href":"http:\/\/www.susannavaris.com\/blogg\/wp-json\/wp\/v2\/types\/post"}],"author":[{"embeddable":true,"href":"http:\/\/www.susannavaris.com\/blogg\/wp-json\/wp\/v2\/users\/1"}],"replies":[{"embeddable":true,"href":"http:\/\/www.susannavaris.com\/blogg\/wp-json\/wp\/v2\/comments?post=4085"}],"version-history":[{"count":2,"href":"http:\/\/www.susannavaris.com\/blogg\/wp-json\/wp\/v2\/posts\/4085\/revisions"}],"predecessor-version":[{"id":4088,"href":"http:\/\/www.susannavaris.com\/blogg\/wp-json\/wp\/v2\/posts\/4085\/revisions\/4088"}],"wp:attachment":[{"href":"http:\/\/www.susannavaris.com\/blogg\/wp-json\/wp\/v2\/media?parent=4085"}],"wp:term":[{"taxonomy":"category","embeddable":true,"href":"http:\/\/www.susannavaris.com\/blogg\/wp-json\/wp\/v2\/categories?post=4085"},{"taxonomy":"post_tag","embeddable":true,"href":"http:\/\/www.susannavaris.com\/blogg\/wp-json\/wp\/v2\/tags?post=4085"}],"curies":[{"name":"wp","href":"https:\/\/api.w.org\/{rel}","templated":true}]}}