{"id":4090,"date":"2012-01-30T12:17:02","date_gmt":"2012-01-30T11:17:02","guid":{"rendered":"http:\/\/www.susannavaris.com\/blogg\/?p=4090"},"modified":"2012-01-30T12:17:02","modified_gmt":"2012-01-30T11:17:02","slug":"kandisar-vi-fortjanar","status":"publish","type":"post","link":"http:\/\/www.susannavaris.com\/blogg\/2012\/01\/kandisar-vi-fortjanar\/","title":{"rendered":"K\u00e4ndisar vi f\u00f6rtj\u00e4nar?"},"content":{"rendered":"<p style=\"text-align: center;\"><a href=\"http:\/\/www.susannavaris.com\/blogg\/wp-content\/uploads\/2012\/01\/bloggbrud.jpg\"><img loading=\"lazy\" decoding=\"async\" class=\"aligncenter size-full wp-image-4091\" title=\"bloggbrud\" src=\"http:\/\/www.susannavaris.com\/blogg\/wp-content\/uploads\/2012\/01\/bloggbrud.jpg\" alt=\"\" width=\"819\" height=\"534\" srcset=\"http:\/\/www.susannavaris.com\/blogg\/wp-content\/uploads\/2012\/01\/bloggbrud.jpg 819w, http:\/\/www.susannavaris.com\/blogg\/wp-content\/uploads\/2012\/01\/bloggbrud-300x195.jpg 300w\" sizes=\"auto, (max-width: 819px) 100vw, 819px\" \/><\/a>\u00a0<em>Foto fr\u00e5n Aftonbladets webbupplaga<\/em><\/p>\n<p>I veckan spreds ett klipp med en grundligt blonderad donna som uttryckte tvivelaktiga \u00e5sikter p\u00e5 Facebook. Klippet handlade i stort om att hon inte ville ha en relation med en specifik kille (eller n\u00e5gon annan kille heller, f\u00f6r den delen), utan ville att vederb\u00f6rande skulle komma och &#8221;g\u00f6ra sin grej&#8221; och sedan dra, inget gullande och gosande och verkligen inget f\u00f6rh\u00e5llande ville hon veta av. Lite &#8221;wham, bam, thank you man&#8221; s\u00e5 d\u00e4r.<\/p>\n<p>Var det p\u00e5 riktigt, var hon p\u00e5 riktigt? Troligen inte. Nu sprids fler klipp och donnan h\u00e4r har uppenbarligen lyckats med sin strategi att skapa sig ett buzz genom att uppr\u00f6ra. F\u00f6rmodligen \u00e4r hon snart en kr\u00f6nik\u00f6r p\u00e5 n\u00e5gon kv\u00e4llstidning, sedan programledare och innan vi vet ordet av s\u00e5 leder hon Alls\u00e5ngen. Men men&#8230;vi har v\u00e4l de k\u00e4ndisar vi f\u00f6rtj\u00e4nar. N\u00e5gra av oss har ju bevisligen klickat upp henne till 700 000 bes\u00f6k per dag&#8230;<\/p>\n","protected":false},"excerpt":{"rendered":"<p>\u00a0Foto fr\u00e5n Aftonbladets webbupplaga I veckan spreds ett klipp med en grundligt blonderad donna som uttryckte tvivelaktiga \u00e5sikter p\u00e5 Facebook. Klippet handlade i stort om att hon inte ville ha en relation med en specifik kille (eller n\u00e5gon annan kille &hellip; <a href=\"http:\/\/www.susannavaris.com\/blogg\/2012\/01\/kandisar-vi-fortjanar\/\">Forts\u00e4tt l\u00e4sa <span class=\"meta-nav\">&rarr;<\/span><\/a><\/p>\n","protected":false},"author":1,"featured_media":0,"comment_status":"open","ping_status":"open","sticky":false,"template":"","format":"standard","meta":{"footnotes":""},"categories":[589,1],"tags":[149,284,1229],"class_list":["post-4090","post","type-post","status-publish","format-standard","hentry","category-medier","category-okategoriserade","tag-aftonbladet","tag-blogg","tag-bloggare"],"_links":{"self":[{"href":"http:\/\/www.susannavaris.com\/blogg\/wp-json\/wp\/v2\/posts\/4090","targetHints":{"allow":["GET"]}}],"collection":[{"href":"http:\/\/www.susannavaris.com\/blogg\/wp-json\/wp\/v2\/posts"}],"about":[{"href":"http:\/\/www.susannavaris.com\/blogg\/wp-json\/wp\/v2\/types\/post"}],"author":[{"embeddable":true,"href":"http:\/\/www.susannavaris.com\/blogg\/wp-json\/wp\/v2\/users\/1"}],"replies":[{"embeddable":true,"href":"http:\/\/www.susannavaris.com\/blogg\/wp-json\/wp\/v2\/comments?post=4090"}],"version-history":[{"count":5,"href":"http:\/\/www.susannavaris.com\/blogg\/wp-json\/wp\/v2\/posts\/4090\/revisions"}],"predecessor-version":[{"id":4096,"href":"http:\/\/www.susannavaris.com\/blogg\/wp-json\/wp\/v2\/posts\/4090\/revisions\/4096"}],"wp:attachment":[{"href":"http:\/\/www.susannavaris.com\/blogg\/wp-json\/wp\/v2\/media?parent=4090"}],"wp:term":[{"taxonomy":"category","embeddable":true,"href":"http:\/\/www.susannavaris.com\/blogg\/wp-json\/wp\/v2\/categories?post=4090"},{"taxonomy":"post_tag","embeddable":true,"href":"http:\/\/www.susannavaris.com\/blogg\/wp-json\/wp\/v2\/tags?post=4090"}],"curies":[{"name":"wp","href":"https:\/\/api.w.org\/{rel}","templated":true}]}}