{"id":4101,"date":"2012-01-30T13:30:37","date_gmt":"2012-01-30T12:30:37","guid":{"rendered":"http:\/\/www.susannavaris.com\/blogg\/?p=4101"},"modified":"2012-01-30T13:30:37","modified_gmt":"2012-01-30T12:30:37","slug":"mera-krakforbannelser","status":"publish","type":"post","link":"http:\/\/www.susannavaris.com\/blogg\/2012\/01\/mera-krakforbannelser\/","title":{"rendered":"Mera kr\u00e5kf\u00f6rbannelser"},"content":{"rendered":"<p>Ett nytt verk i serien Curse of the Crows (med tillh\u00f6rande utst\u00e4llning i Gamla stan, Galleri T, veckan f\u00f6re p\u00e5sk) blev klar nyss. Tema \u00e4lskade\/o\u00e4lskade barn forts\u00e4tter.<\/p>\n<p><a href=\"http:\/\/www.susannavaris.com\/blogg\/wp-content\/uploads\/2012\/01\/The-Loved-One-d-50.jpg\"><img loading=\"lazy\" decoding=\"async\" class=\"aligncenter size-large wp-image-4102\" title=\"The Loved One d 50\" src=\"http:\/\/www.susannavaris.com\/blogg\/wp-content\/uploads\/2012\/01\/The-Loved-One-d-50-725x1024.jpg\" alt=\"\" width=\"640\" height=\"903\" srcset=\"http:\/\/www.susannavaris.com\/blogg\/wp-content\/uploads\/2012\/01\/The-Loved-One-d-50-725x1024.jpg 725w, http:\/\/www.susannavaris.com\/blogg\/wp-content\/uploads\/2012\/01\/The-Loved-One-d-50-212x300.jpg 212w, http:\/\/www.susannavaris.com\/blogg\/wp-content\/uploads\/2012\/01\/The-Loved-One-d-50.jpg 1313w\" sizes=\"auto, (max-width: 640px) 100vw, 640px\" \/><\/a><\/p>\n<p style=\"text-align: center;\"><em>The Loved One, Curse of the Crows series. Mixed media 2012. Susanna Varis<\/em><\/p>\n","protected":false},"excerpt":{"rendered":"<p>Ett nytt verk i serien Curse of the Crows (med tillh\u00f6rande utst\u00e4llning i Gamla stan, Galleri T, veckan f\u00f6re p\u00e5sk) blev klar nyss. Tema \u00e4lskade\/o\u00e4lskade barn forts\u00e4tter. The Loved One, Curse of the Crows series. Mixed media 2012. Susanna Varis<\/p>\n","protected":false},"author":1,"featured_media":0,"comment_status":"open","ping_status":"open","sticky":false,"template":"","format":"standard","meta":{"footnotes":""},"categories":[7,3,1162,1,4],"tags":[31,313,1233,95,103],"class_list":["post-4101","post","type-post","status-publish","format-standard","hentry","category-egna-verk","category-konst","category-kultur","category-okategoriserade","category-utstallning","tag-akvarell","tag-curse-of-the-crows","tag-galleri-t","tag-gamla-stan","tag-mixed-media"],"_links":{"self":[{"href":"http:\/\/www.susannavaris.com\/blogg\/wp-json\/wp\/v2\/posts\/4101","targetHints":{"allow":["GET"]}}],"collection":[{"href":"http:\/\/www.susannavaris.com\/blogg\/wp-json\/wp\/v2\/posts"}],"about":[{"href":"http:\/\/www.susannavaris.com\/blogg\/wp-json\/wp\/v2\/types\/post"}],"author":[{"embeddable":true,"href":"http:\/\/www.susannavaris.com\/blogg\/wp-json\/wp\/v2\/users\/1"}],"replies":[{"embeddable":true,"href":"http:\/\/www.susannavaris.com\/blogg\/wp-json\/wp\/v2\/comments?post=4101"}],"version-history":[{"count":2,"href":"http:\/\/www.susannavaris.com\/blogg\/wp-json\/wp\/v2\/posts\/4101\/revisions"}],"predecessor-version":[{"id":4104,"href":"http:\/\/www.susannavaris.com\/blogg\/wp-json\/wp\/v2\/posts\/4101\/revisions\/4104"}],"wp:attachment":[{"href":"http:\/\/www.susannavaris.com\/blogg\/wp-json\/wp\/v2\/media?parent=4101"}],"wp:term":[{"taxonomy":"category","embeddable":true,"href":"http:\/\/www.susannavaris.com\/blogg\/wp-json\/wp\/v2\/categories?post=4101"},{"taxonomy":"post_tag","embeddable":true,"href":"http:\/\/www.susannavaris.com\/blogg\/wp-json\/wp\/v2\/tags?post=4101"}],"curies":[{"name":"wp","href":"https:\/\/api.w.org\/{rel}","templated":true}]}}