{"id":4113,"date":"2012-01-31T12:20:24","date_gmt":"2012-01-31T11:20:24","guid":{"rendered":"http:\/\/www.susannavaris.com\/blogg\/?p=4113"},"modified":"2012-01-31T12:20:24","modified_gmt":"2012-01-31T11:20:24","slug":"vintervecka","status":"publish","type":"post","link":"http:\/\/www.susannavaris.com\/blogg\/2012\/01\/vintervecka\/","title":{"rendered":"Vintervecka"},"content":{"rendered":"<p style=\"text-align: center;\"><a href=\"http:\/\/www.susannavaris.com\/blogg\/wp-content\/uploads\/2012\/01\/HBJ-tag-med-rallare.jpg\"><img loading=\"lazy\" decoding=\"async\" class=\"aligncenter size-full wp-image-4114\" title=\"HBJ tag med rallare\" src=\"http:\/\/www.susannavaris.com\/blogg\/wp-content\/uploads\/2012\/01\/HBJ-tag-med-rallare.jpg\" alt=\"\" width=\"567\" height=\"412\" srcset=\"http:\/\/www.susannavaris.com\/blogg\/wp-content\/uploads\/2012\/01\/HBJ-tag-med-rallare.jpg 567w, http:\/\/www.susannavaris.com\/blogg\/wp-content\/uploads\/2012\/01\/HBJ-tag-med-rallare-300x217.jpg 300w\" sizes=\"auto, (max-width: 567px) 100vw, 567px\" \/><\/a><em>\u00a0Foto fr\u00e5n J\u00f6rgen Cederlund<\/em><\/p>\n<p>Det \u00e4r s\u00e5 fantastiskt ute nu, ljuset, de gnistrande sn\u00f6drivorna, kylan&#8230;jag tycker s\u00e5 mycket om det. Ljuset g\u00f6r mig piggare och landskapet \u00e4r s\u00e5 vackert.<\/p>\n<p>P\u00e5 tv:n spelar Tyra Banks \u00f6ver och en t\u00e5r\u00f6gd, kalvig plutmun f\u00e5r \u00e5ka hem utan den efterstr\u00e4vansv\u00e4rda titeln Americas Next Top Model. Vad h\u00e4nder egentligen med alla dessa topmodeller sen? Snart blir det dags att laga lunchl\u00e5da och packa iv\u00e4g sig till arbetet. En arbetare? Visst, jag \u00e4r en arbetare. Arbetarklass? Jag har alltid arbetat, d\u00e5 \u00e4r jag v\u00e4l arbetarklass. Men jag \u00e4r ocks\u00e5 akademiker och min sl\u00e4kt i Finland var inte vad man skulle kalla f\u00f6r arbetarklass, trots att morfar till och med dubbelarbetade som l\u00e4rare och pr\u00e4st. Jag har alltid velat t\u00e4nka p\u00e5 mig sj\u00e4lv som klassl\u00f6s (&#8221;you think you\u00b4re so clever and classless and free&#8230;&#8221;), eller snarare; jag tycker om att glida mellan klasserna. F\u00f6r mig har det varit lite av ett statement att inte r\u00e4ddh\u00e5gset beh\u00f6va springa iv\u00e4g och k\u00f6pa mig en bostadsr\u00e4tt f\u00f6r att kunna s\u00e4ga att jag bor d\u00e4r och d\u00e4r och minsann inte \u00e4r en looser i betongen. Jag har velat rucka p\u00e5 f\u00f6rest\u00e4llningen om vem som bor i f\u00f6rorten. Pretenti\u00f6st, f\u00f6rmodligen. Jag \u00e4r en finsk invandrare och om s\u00e5dana kan man ju l\u00e4sa om i Alakoskis och Hetekivi Olssons b\u00f6cker. Sprit, v\u00e5ld och mis\u00e4r i betongen.<\/p>\n<p>Jag jobbar med konst ocks\u00e5. Kanske ska jag starta eget. Jag tror att m\u00e5nga, s\u00e4rskilt de gamla arbetarpartiernas, kriser handlar till en del om att m\u00e4nniskor inte l\u00e4ngre definierar sig som de gamla klasserna. Den moderna, arbetande klassen tilltalas mera av allianspolitiken och den fattiga arbetarklassens f\u00f6retr\u00e4dare borde ju snarare vara glada f\u00f6r att projektet kan s\u00e4gas vara lyckat, det stora flertalet har f\u00e5tt det materiellt och socialt mycket b\u00e4ttre.<\/p>\n<p>N\u00e4, nu hinner jag inte utveckla mina klassfunderingar mera, arbetet kallar.<\/p>\n","protected":false},"excerpt":{"rendered":"<p>\u00a0Foto fr\u00e5n J\u00f6rgen Cederlund Det \u00e4r s\u00e5 fantastiskt ute nu, ljuset, de gnistrande sn\u00f6drivorna, kylan&#8230;jag tycker s\u00e5 mycket om det. Ljuset g\u00f6r mig piggare och landskapet \u00e4r s\u00e5 vackert. P\u00e5 tv:n spelar Tyra Banks \u00f6ver och en t\u00e5r\u00f6gd, kalvig plutmun &hellip; <a href=\"http:\/\/www.susannavaris.com\/blogg\/2012\/01\/vintervecka\/\">Forts\u00e4tt l\u00e4sa <span class=\"meta-nav\">&rarr;<\/span><\/a><\/p>\n","protected":false},"author":1,"featured_media":0,"comment_status":"open","ping_status":"open","sticky":false,"template":"","format":"standard","meta":{"footnotes":""},"categories":[674,1,590],"tags":[1238,1239,1242,1240,1241,1243],"class_list":["post-4113","post","type-post","status-publish","format-standard","hentry","category-historia","category-okategoriserade","category-politik","tag-arbetare","tag-arbetarklass","tag-hetekivi-olsson","tag-klass","tag-klasstillhorighet","tag-susanna-alakoski"],"_links":{"self":[{"href":"http:\/\/www.susannavaris.com\/blogg\/wp-json\/wp\/v2\/posts\/4113","targetHints":{"allow":["GET"]}}],"collection":[{"href":"http:\/\/www.susannavaris.com\/blogg\/wp-json\/wp\/v2\/posts"}],"about":[{"href":"http:\/\/www.susannavaris.com\/blogg\/wp-json\/wp\/v2\/types\/post"}],"author":[{"embeddable":true,"href":"http:\/\/www.susannavaris.com\/blogg\/wp-json\/wp\/v2\/users\/1"}],"replies":[{"embeddable":true,"href":"http:\/\/www.susannavaris.com\/blogg\/wp-json\/wp\/v2\/comments?post=4113"}],"version-history":[{"count":2,"href":"http:\/\/www.susannavaris.com\/blogg\/wp-json\/wp\/v2\/posts\/4113\/revisions"}],"predecessor-version":[{"id":4116,"href":"http:\/\/www.susannavaris.com\/blogg\/wp-json\/wp\/v2\/posts\/4113\/revisions\/4116"}],"wp:attachment":[{"href":"http:\/\/www.susannavaris.com\/blogg\/wp-json\/wp\/v2\/media?parent=4113"}],"wp:term":[{"taxonomy":"category","embeddable":true,"href":"http:\/\/www.susannavaris.com\/blogg\/wp-json\/wp\/v2\/categories?post=4113"},{"taxonomy":"post_tag","embeddable":true,"href":"http:\/\/www.susannavaris.com\/blogg\/wp-json\/wp\/v2\/tags?post=4113"}],"curies":[{"name":"wp","href":"https:\/\/api.w.org\/{rel}","templated":true}]}}