{"id":4118,"date":"2012-02-01T22:56:33","date_gmt":"2012-02-01T21:56:33","guid":{"rendered":"http:\/\/www.susannavaris.com\/blogg\/?p=4118"},"modified":"2012-02-01T22:57:08","modified_gmt":"2012-02-01T21:57:08","slug":"ugglorna-ar-inte-vad-de-verkar","status":"publish","type":"post","link":"http:\/\/www.susannavaris.com\/blogg\/2012\/02\/ugglorna-ar-inte-vad-de-verkar\/","title":{"rendered":"Ugglorna \u00e4r inte vad de verkar"},"content":{"rendered":"<p style=\"text-align: center;\">\u00a0<a href=\"http:\/\/www.susannavaris.com\/blogg\/wp-content\/uploads\/2012\/02\/tumblr_lnvjixE6Pc1qz727so1_r1_500.jpg\"><img loading=\"lazy\" decoding=\"async\" class=\"aligncenter size-full wp-image-4121\" title=\"tumblr_lnvjixE6Pc1qz727so1_r1_500\" src=\"http:\/\/www.susannavaris.com\/blogg\/wp-content\/uploads\/2012\/02\/tumblr_lnvjixE6Pc1qz727so1_r1_500.jpg\" alt=\"\" width=\"500\" height=\"500\" srcset=\"http:\/\/www.susannavaris.com\/blogg\/wp-content\/uploads\/2012\/02\/tumblr_lnvjixE6Pc1qz727so1_r1_500.jpg 500w, http:\/\/www.susannavaris.com\/blogg\/wp-content\/uploads\/2012\/02\/tumblr_lnvjixE6Pc1qz727so1_r1_500-150x150.jpg 150w, http:\/\/www.susannavaris.com\/blogg\/wp-content\/uploads\/2012\/02\/tumblr_lnvjixE6Pc1qz727so1_r1_500-300x300.jpg 300w\" sizes=\"auto, (max-width: 500px) 100vw, 500px\" \/><\/a>\u00a0<em>Foto fr\u00e5n Andreainspired<\/em><\/p>\n<p>F\u00f6r att l\u00e5na ett citat (i fri \u00f6vers\u00e4ttning) fr\u00e5n Twin Peaks.<\/p>\n<p>Det h\u00e4nder att man snubblar \u00f6ver saker som f\u00e5r ens v\u00e4rldsbild att skaka till lite, vridas lite \u00e5t n\u00e5got h\u00e5ll, kanske till och med smulas s\u00f6nder i n\u00e5gon del och ers\u00e4ttas med n\u00e5got annat.<\/p>\n<p>&nbsp;<\/p>\n<p>Bengt Ohlsson har ju, som bekant, ruckat till en hel del m\u00e4nniskors sj\u00e4lv- och v\u00e4rldsbilder. Hur mycket dessa bilder har f\u00f6r\u00e4ndrats \u00e4r en annan fr\u00e5ga, men debatten har tillf\u00f6rts nytt syre. I dagens DN finns en artikel d\u00e4r han beskriver h\u00e4ndelserna efter startskottet till en av de h\u00e4ftigaste kulturdebatterna p\u00e5 l\u00e4nge:<\/p>\n<p><a href=\"http:\/\/www.dn.se\/kultur-noje\/debatt-essa\/de-tolerantas-dolda-intolerans\">http:\/\/www.dn.se\/kultur-noje\/debatt-essa\/de-tolerantas-dolda-intolerans<\/a><\/p>\n<p>Det finns en kollektiv v\u00e4rldsbild, f\u00f6rmedlad och f\u00f6rst\u00e4rkt av media, som l\u00e4tt blir dominerande om man inh\u00e4mtar sin kunskap om omv\u00e4rlden fr\u00e5n t ex tv och tidningar. Media har en oerh\u00f6rd genomslagskraft och vad och hur saker presenteras \u00e4r mycket viktigt f\u00f6r att m\u00e4nniskor ska kunna fatta rationella beslut och forma sina st\u00e5ndpunkter.<\/p>\n<p>Bengt Ohlsson beskriver sig ha hamnat i en veritabel skitstorm och det \u00e4r l\u00e4tt att g\u00f6ra det, om man r\u00e5kar framf\u00f6ra en \u00e5sikt eller en id\u00e9 som inte \u00e4r i linje med den allm\u00e4nt vedertagna, &#8221;politiskt korrekta&#8221; om du vill, diskursen. Feminismen \u00e4r n\u00e4sta tabubelagda omr\u00e5de. Om du inte skriver under p\u00e5 att du \u00e4r feminist (och d\u00e4rmed anser att kvinnor \u00e4r strukturellt f\u00f6rtryckta av m\u00e4n)(fr\u00e5ga bara Stefan L\u00f6fven), \u00e4r du en bak\u00e5tstr\u00e4vande grobian och f\u00f6rmodligen kvinnohatare.<\/p>\n<p style=\"text-align: center;\"><a href=\"http:\/\/www.susannavaris.com\/blogg\/wp-content\/uploads\/2012\/02\/P\u00e4r-Str\u00f6m-i-SVT-Debatt.jpg\"><img loading=\"lazy\" decoding=\"async\" class=\"aligncenter size-full wp-image-4119\" title=\"P\u00e4r Str\u00f6m i SVT Debatt\" src=\"http:\/\/www.susannavaris.com\/blogg\/wp-content\/uploads\/2012\/02\/P\u00e4r-Str\u00f6m-i-SVT-Debatt.jpg\" alt=\"\" width=\"634\" height=\"357\" srcset=\"http:\/\/www.susannavaris.com\/blogg\/wp-content\/uploads\/2012\/02\/P\u00e4r-Str\u00f6m-i-SVT-Debatt.jpg 634w, http:\/\/www.susannavaris.com\/blogg\/wp-content\/uploads\/2012\/02\/P\u00e4r-Str\u00f6m-i-SVT-Debatt-300x168.jpg 300w\" sizes=\"auto, (max-width: 634px) 100vw, 634px\" \/><\/a><em>\u00a0P\u00e4r Str\u00f6m i programmet Debatt om Turteaterns upps\u00e4ttning av SCUM-manifestet. Bild fr\u00e5n Jajamens blogg<\/em><\/p>\n<p>J\u00e4mst\u00e4lldisten P\u00e4r Str\u00f6m var l\u00e4nge en suspekt figur i mina \u00f6gon. Skulle m\u00e4n vara diskriminerade, herregud vilken r\u00e4ttshaverist, t\u00e4nkte jag. Sedan b\u00f6rjade jag genom ett tips l\u00e4sa Tanja Bergkvists blogg och har \u00e4nnu inte slutat f\u00f6rundras&#8230; \u00a0 \u00a0<a href=\"http:\/\/tanjabergkvist.wordpress.com\/\">http:\/\/tanjabergkvist.wordpress.com\/<\/a><\/p>\n<p>Det finns sannerligen en hel del att ifr\u00e5gas\u00e4tta inom den sk genusvetenskapen och den feministiska r\u00f6relsen. Men som situationen \u00e4r nu, g\u00e5r varken problemformuleringar, analyser, metoder, slutsatser eller implementeringar (eller det faktumet att vi har politiskt styrd forskning som utbildar ideologiexperter) att kritisera utan att man hamnar i ovann\u00e4mnda fack.<\/p>\n<p>P\u00e5 P\u00e4r Str\u00f6ms blogg Genusnytt tas f\u00f6reteelser och exempel som p\u00e5visar ett oj\u00e4mst\u00e4lldistiskt f\u00f6rh\u00e5llande upp och det \u00e4r intressant att se hur fullst\u00e4ndigt dominerande bilden av kvinnan som offer \u00e4r. Jag skulle rekommendera alla att stanna upp och t\u00e4nka efter varje g\u00e5ng man l\u00e4ser om kvinnor som \u00e4r f\u00f6rf\u00f6rdelade, diskriminerade eller p\u00e5 annat s\u00e4tt offer och se p\u00e5 saken fr\u00e5n ett annat perspektiv. Exempelvis debatten om festivalbokningarna som hade en manlig \u00f6vervikt. \u00c4r 50\/50-f\u00f6rdelning r\u00e4ttvist om andelen bokningsbara kvinnliga akter \u00e4r t ex 25 %? (Jag har efterfr\u00e5gat statistik p\u00e5 ut\u00f6vande kvinnliga artister fr\u00e5n Musikerf\u00f6rbundet, men inte f\u00e5tt svar&#8230;)<\/p>\n<p>Vad det nya filmavtalet inneb\u00e4r kan ni l\u00e4sa om p\u00e5 P\u00e4r Str\u00f6ms blogg:<\/p>\n<p><a href=\"http:\/\/genusnytt.wordpress.com\/2012\/01\/26\/mansdiskrimineringen-inom-filmproduktion-ska-oka\/\">http:\/\/genusnytt.wordpress.com\/2012\/01\/26\/mansdiskrimineringen-inom-filmproduktion-ska-oka\/<\/a><\/p>\n<p>Feminismen som ideologi kommer att f\u00e5 sv\u00e5rt att \u00f6verleva om man inte \u00e4r beredd att se och erk\u00e4nna problemen inom sin r\u00f6relse och sin ideologi. Genusvetenskapen \u00e4r i sina stycken l\u00e5ngt ute p\u00e5 den tunna isen och cyklar och skulle \u00e4ven den m\u00e5 bra av att \u00e5tminstone f\u00f6rs\u00f6ka implementera vetenskapliga metoder. Det beh\u00f6vs en uppg\u00f6relse med en del feministiska myter och f\u00f6rm\u00e5ga att se verkligheten som den \u00e4r, inte hur den borde vara f\u00f6r att passa det ideologiska ramverket. Feminismen idag \u00e4r en kvinnlig intresseorganisation som prim\u00e4rt arbetar f\u00f6r kvinnors intressen, inte f\u00f6r j\u00e4mlikhet.<\/p>\n<p>&nbsp;<\/p>\n","protected":false},"excerpt":{"rendered":"<p>\u00a0\u00a0Foto fr\u00e5n Andreainspired F\u00f6r att l\u00e5na ett citat (i fri \u00f6vers\u00e4ttning) fr\u00e5n Twin Peaks. Det h\u00e4nder att man snubblar \u00f6ver saker som f\u00e5r ens v\u00e4rldsbild att skaka till lite, vridas lite \u00e5t n\u00e5got h\u00e5ll, kanske till och med smulas s\u00f6nder &hellip; <a href=\"http:\/\/www.susannavaris.com\/blogg\/2012\/02\/ugglorna-ar-inte-vad-de-verkar\/\">Forts\u00e4tt l\u00e4sa <span class=\"meta-nav\">&rarr;<\/span><\/a><\/p>\n","protected":false},"author":1,"featured_media":0,"comment_status":"open","ping_status":"open","sticky":false,"template":"","format":"standard","meta":{"footnotes":""},"categories":[181,259,589,1,590,403,384],"tags":[174,4900,4903,1245,1164,1247,1244,151,1246,229],"class_list":["post-4118","post","type-post","status-publish","format-standard","hentry","category-feminism","category-genusvetenskap","category-medier","category-okategoriserade","category-politik","category-pseudovetenskap","category-tv","tag-bengt-ohlsson","tag-feminism","tag-genusvetenskap","tag-kulturdebatt","tag-kulturvanstern","tag-loglady","tag-par-strom","tag-tanja-bergkvist","tag-twin-peaks","tag-vanstern"],"_links":{"self":[{"href":"http:\/\/www.susannavaris.com\/blogg\/wp-json\/wp\/v2\/posts\/4118","targetHints":{"allow":["GET"]}}],"collection":[{"href":"http:\/\/www.susannavaris.com\/blogg\/wp-json\/wp\/v2\/posts"}],"about":[{"href":"http:\/\/www.susannavaris.com\/blogg\/wp-json\/wp\/v2\/types\/post"}],"author":[{"embeddable":true,"href":"http:\/\/www.susannavaris.com\/blogg\/wp-json\/wp\/v2\/users\/1"}],"replies":[{"embeddable":true,"href":"http:\/\/www.susannavaris.com\/blogg\/wp-json\/wp\/v2\/comments?post=4118"}],"version-history":[{"count":7,"href":"http:\/\/www.susannavaris.com\/blogg\/wp-json\/wp\/v2\/posts\/4118\/revisions"}],"predecessor-version":[{"id":4129,"href":"http:\/\/www.susannavaris.com\/blogg\/wp-json\/wp\/v2\/posts\/4118\/revisions\/4129"}],"wp:attachment":[{"href":"http:\/\/www.susannavaris.com\/blogg\/wp-json\/wp\/v2\/media?parent=4118"}],"wp:term":[{"taxonomy":"category","embeddable":true,"href":"http:\/\/www.susannavaris.com\/blogg\/wp-json\/wp\/v2\/categories?post=4118"},{"taxonomy":"post_tag","embeddable":true,"href":"http:\/\/www.susannavaris.com\/blogg\/wp-json\/wp\/v2\/tags?post=4118"}],"curies":[{"name":"wp","href":"https:\/\/api.w.org\/{rel}","templated":true}]}}