{"id":4186,"date":"2012-02-05T19:12:03","date_gmt":"2012-02-05T18:12:03","guid":{"rendered":"http:\/\/www.susannavaris.com\/blogg\/?p=4186"},"modified":"2012-02-11T19:51:16","modified_gmt":"2012-02-11T18:51:16","slug":"vidriga-kroppsideal-och-avundsjuka","status":"publish","type":"post","link":"http:\/\/www.susannavaris.com\/blogg\/2012\/02\/vidriga-kroppsideal-och-avundsjuka\/","title":{"rendered":"Vidriga kroppsideal och avundsjuka"},"content":{"rendered":"<p style=\"text-align: center;\"><a href=\"http:\/\/www.susannavaris.com\/blogg\/wp-content\/uploads\/2012\/02\/AkufE9rCAAAxoek.png\"><img loading=\"lazy\" decoding=\"async\" class=\"aligncenter size-full wp-image-4187\" title=\"AkufE9rCAAAxoek\" src=\"http:\/\/www.susannavaris.com\/blogg\/wp-content\/uploads\/2012\/02\/AkufE9rCAAAxoek.png\" alt=\"\" width=\"459\" height=\"779\" srcset=\"http:\/\/www.susannavaris.com\/blogg\/wp-content\/uploads\/2012\/02\/AkufE9rCAAAxoek.png 459w, http:\/\/www.susannavaris.com\/blogg\/wp-content\/uploads\/2012\/02\/AkufE9rCAAAxoek-176x300.png 176w\" sizes=\"auto, (max-width: 459px) 100vw, 459px\" \/><\/a>\u00a0<em>Bild fr\u00e5n Ajour<\/em><\/p>\n<p>Isabella &#8221;Blondinbella&#8221; L\u00f6wengrip har i dagarna r\u00e5kat ut f\u00f6r n\u00e4tmobbing \u00a0p\u00e5 grund av semesterbilder som hon har lagt upp p\u00e5 sin blogg. Det tycks vara fr\u00e4mst kvinnliga tyckare och bloggare som anser att Isabella inte \u00e4r en godk\u00e4nd representant f\u00f6r det anorektiska idealet som r\u00e5der. Bra jobbat, flickor! Det \u00e4r min erfarenhet att det fr\u00e4mst \u00e4r tjejer\/kvinnor som har \u00e5sikter om hur andra tjejer\/kvinnor ska se ut. Sj\u00e4lvklart deltar en del m\u00e4n (fr\u00e4mst omogna och os\u00e4kra) i det slags tyckande ocks\u00e5, men m\u00e4n i allm\u00e4nhet verkar inte ha size zero som ideal. Modeindustrin, som fr\u00e4mst p\u00e5verkar kvinnor och deras ideal, dras med det gravaste skelettdyrkandet. \u00c4ven herrtidningar, som mera p\u00e5verkar pojkars ideal, har ofta mycket tunna modeller men med de obligatoriska silikonbollarna. Dessutom \u00e4r modellbilder alltid retuscherade till \u00e4n mer overklighet.<\/p>\n<p>\u00c5ter till Blondinbella; stark och fram\u00e5t som hon \u00e4r st\u00e5r hon upp f\u00f6r sina kurvor och \u00e4r stolt \u00f6ver sin kropp. Bara d\u00e4r borde hon f\u00f6rtj\u00e4na \u00e5rets tjejegoboostarpris.\u00a0Till saken h\u00f6r att Isabella L\u00f6wengrip p\u00e5 intet vis ens \u00e4r tjock, hon har en h\u00f6gst normal och sund fysik och \u00e4r dessutom fantastisk vacker. Sund, frisk och str\u00e5lande eller osund, sjuk och matneurotisk? Vilket kan t\u00e4nkas vara vettigare?<\/p>\n<p>Isabella g\u00f6r sin grej och fogar sig inte i hur omgivningen tycker att hon ska vara. Det sticker v\u00e4l i \u00f6gonen. Springa runt och vara snygg och framg\u00e5ngsrik och dessutom gilla sin kurviga kropp? N\u00e4, s\u00e5 kan vi verkligen inte ha det. In i ledet med dig med d\u00e5ligt sj\u00e4lvf\u00f6rtroende, \u00e5ngest, missbruk och matneuroser s\u00e5 vi kan identifiera oss och suga n\u00e4ring ur andras misslyckanden n\u00e4r vi sj\u00e4lva k\u00e4nner oss s\u00e5 misslyckade.<\/p>\n<p style=\"text-align: center;\"><a href=\"http:\/\/www.susannavaris.com\/blogg\/wp-content\/uploads\/2012\/02\/20120129-151447.jpg\"><img loading=\"lazy\" decoding=\"async\" class=\"aligncenter size-full wp-image-4188\" title=\"20120129-151447\" src=\"http:\/\/www.susannavaris.com\/blogg\/wp-content\/uploads\/2012\/02\/20120129-151447.jpg\" alt=\"\" width=\"640\" height=\"480\" srcset=\"http:\/\/www.susannavaris.com\/blogg\/wp-content\/uploads\/2012\/02\/20120129-151447.jpg 640w, http:\/\/www.susannavaris.com\/blogg\/wp-content\/uploads\/2012\/02\/20120129-151447-300x225.jpg 300w\" sizes=\"auto, (max-width: 640px) 100vw, 640px\" \/><\/a>\u00a0<em>Isabella p\u00e5 Bahamas. Surt sa r\u00e4ven&#8230;Foto fr\u00e5n:\u00a0<a href=\"http:\/\/blondinbella.se\/\">http:\/\/blondinbella.se\/<\/a>\u00a0<\/em><\/p>\n<p style=\"text-align: center;\">&#8211; : &#8211; : &#8211; : &#8211;<\/p>\n<p style=\"text-align: center;\">120211<\/p>\n<p style=\"text-align: center;\">Kloka Anna B\u00e4s\u00e8n skriver i sin kr\u00f6nika:<\/p>\n<p style=\"text-align: center;\"><a href=\"http:\/\/www.expressen.se\/halsa\/anna-basen\/anna-basen-det-ar-lasarna-som-har-problem---inte-hon\/\">http:\/\/www.expressen.se\/halsa\/anna-basen\/anna-basen-det-ar-lasarna-som-har-problem&#8212;inte-hon\/<\/a><\/p>\n","protected":false},"excerpt":{"rendered":"<p>\u00a0Bild fr\u00e5n Ajour Isabella &#8221;Blondinbella&#8221; L\u00f6wengrip har i dagarna r\u00e5kat ut f\u00f6r n\u00e4tmobbing \u00a0p\u00e5 grund av semesterbilder som hon har lagt upp p\u00e5 sin blogg. Det tycks vara fr\u00e4mst kvinnliga tyckare och bloggare som anser att Isabella inte \u00e4r en &hellip; <a href=\"http:\/\/www.susannavaris.com\/blogg\/2012\/02\/vidriga-kroppsideal-och-avundsjuka\/\">Forts\u00e4tt l\u00e4sa <span class=\"meta-nav\">&rarr;<\/span><\/a><\/p>\n","protected":false},"author":1,"featured_media":0,"comment_status":"open","ping_status":"open","sticky":false,"template":"","format":"standard","meta":{"footnotes":""},"categories":[181,589,1],"tags":[284,1229,147,755,1267,1268,1266],"class_list":["post-4186","post","type-post","status-publish","format-standard","hentry","category-feminism","category-medier","category-okategoriserade","tag-blogg","tag-bloggare","tag-blondinbella","tag-isabella-lowengrip","tag-mobbing","tag-skonhetsideal","tag-viktmobbing"],"_links":{"self":[{"href":"http:\/\/www.susannavaris.com\/blogg\/wp-json\/wp\/v2\/posts\/4186","targetHints":{"allow":["GET"]}}],"collection":[{"href":"http:\/\/www.susannavaris.com\/blogg\/wp-json\/wp\/v2\/posts"}],"about":[{"href":"http:\/\/www.susannavaris.com\/blogg\/wp-json\/wp\/v2\/types\/post"}],"author":[{"embeddable":true,"href":"http:\/\/www.susannavaris.com\/blogg\/wp-json\/wp\/v2\/users\/1"}],"replies":[{"embeddable":true,"href":"http:\/\/www.susannavaris.com\/blogg\/wp-json\/wp\/v2\/comments?post=4186"}],"version-history":[{"count":5,"href":"http:\/\/www.susannavaris.com\/blogg\/wp-json\/wp\/v2\/posts\/4186\/revisions"}],"predecessor-version":[{"id":4308,"href":"http:\/\/www.susannavaris.com\/blogg\/wp-json\/wp\/v2\/posts\/4186\/revisions\/4308"}],"wp:attachment":[{"href":"http:\/\/www.susannavaris.com\/blogg\/wp-json\/wp\/v2\/media?parent=4186"}],"wp:term":[{"taxonomy":"category","embeddable":true,"href":"http:\/\/www.susannavaris.com\/blogg\/wp-json\/wp\/v2\/categories?post=4186"},{"taxonomy":"post_tag","embeddable":true,"href":"http:\/\/www.susannavaris.com\/blogg\/wp-json\/wp\/v2\/tags?post=4186"}],"curies":[{"name":"wp","href":"https:\/\/api.w.org\/{rel}","templated":true}]}}