{"id":4192,"date":"2012-02-06T12:24:38","date_gmt":"2012-02-06T11:24:38","guid":{"rendered":"http:\/\/www.susannavaris.com\/blogg\/?p=4192"},"modified":"2012-02-06T12:24:38","modified_gmt":"2012-02-06T11:24:38","slug":"provocerande-lakan","status":"publish","type":"post","link":"http:\/\/www.susannavaris.com\/blogg\/2012\/02\/provocerande-lakan\/","title":{"rendered":"Provocerande lakan"},"content":{"rendered":"<p style=\"text-align: center;\"><a href=\"http:\/\/www.susannavaris.com\/blogg\/wp-content\/uploads\/2012\/02\/2005-08-madonna-tim-walker-2_182741339056.jpg_article_gallery_slideshow_v2.jpg\"><img loading=\"lazy\" decoding=\"async\" class=\"aligncenter size-full wp-image-4193\" title=\"2005-08-madonna-tim-walker-2_182741339056.jpg_article_gallery_slideshow_v2\" src=\"http:\/\/www.susannavaris.com\/blogg\/wp-content\/uploads\/2012\/02\/2005-08-madonna-tim-walker-2_182741339056.jpg_article_gallery_slideshow_v2.jpg\" alt=\"\" width=\"364\" height=\"460\" srcset=\"http:\/\/www.susannavaris.com\/blogg\/wp-content\/uploads\/2012\/02\/2005-08-madonna-tim-walker-2_182741339056.jpg_article_gallery_slideshow_v2.jpg 364w, http:\/\/www.susannavaris.com\/blogg\/wp-content\/uploads\/2012\/02\/2005-08-madonna-tim-walker-2_182741339056.jpg_article_gallery_slideshow_v2-237x300.jpg 237w\" sizes=\"auto, (max-width: 364px) 100vw, 364px\" \/><\/a><em>\u00a0Madonna sov i tidningspapperslakan p\u00e5 sitt engelska gods redan 2005. Foto: Tim Walker\/Vogue<\/em><\/p>\n<p style=\"text-align: center;\"><a href=\"http:\/\/www.susannavaris.com\/blogg\/wp-content\/uploads\/2012\/02\/snurk.jpg\"><img loading=\"lazy\" decoding=\"async\" class=\"aligncenter size-full wp-image-4194\" title=\"snurk\" src=\"http:\/\/www.susannavaris.com\/blogg\/wp-content\/uploads\/2012\/02\/snurk.jpg\" alt=\"\" width=\"946\" height=\"566\" srcset=\"http:\/\/www.susannavaris.com\/blogg\/wp-content\/uploads\/2012\/02\/snurk.jpg 946w, http:\/\/www.susannavaris.com\/blogg\/wp-content\/uploads\/2012\/02\/snurk-300x179.jpg 300w\" sizes=\"auto, (max-width: 946px) 100vw, 946px\" \/><\/a>\u00a0Bild fr\u00e5n\u00a0<a href=\"https:\/\/www.snurkbeddengoed.nl\/?lang=EN\">https:\/\/www.snurkbeddengoed.nl\/?lang=EN<\/a><\/p>\n<p>Cynisk exploatering av m\u00e4nsklig tragik och lyckad marknadsf\u00f6ring, eller ett initiativ med verklig ambition att belysa samh\u00e4llsproblem? Kanske b\u00e5de och? Svaret finns hos den enskilda betraktaren och varierar allt efter preferens.<\/p>\n<p>NK: satsning &#8221;Design With Conscious&#8221; st\u00e5r f\u00f6r den senaste twitterstormen (vid sidan av Thorsten Flinks rumpgrepp i Melodifestivalen). Trendexperten Stefan Nilsson och Pia Karlsson fr\u00e5n NK Glas, Porslin och K\u00f6k har st\u00e4llt samman ett urval av produkter av designers fr\u00e5n olika h\u00e5ll i v\u00e4rlden. Den gemensamma n\u00e4mnaren \u00e4r att produkterna \u00e4r tillverkade p\u00e5 ett socialt medvetet s\u00e4tt eller syftar till att uppm\u00e4rksamma olika sociala problem och har ett slags &#8221;socialt samvete&#8221; f\u00f6rknippat till sig. De uppm\u00e4rksammade lakanen i denna kollektion, fr\u00e5n holl\u00e4ndska f\u00f6retaget Snurk, med m\u00f6nster av pappkartonger f\u00f6r att associera till uteliggare verkar ha uppr\u00f6rt mest. \u00d6verskottet av just dessa lakan g\u00e5r till unga uteliggare, f\u00f6r de andra produkterna best\u00e4mmer designfirmorna sj\u00e4lva hur vinsten anv\u00e4nds till v\u00e4lg\u00f6renhet.<\/p>\n<p><a href=\"http:\/\/www.susannavaris.com\/blogg\/wp-content\/uploads\/2012\/02\/miski.jpg\"><img loading=\"lazy\" decoding=\"async\" class=\"aligncenter size-full wp-image-4195\" title=\"miski\" src=\"http:\/\/www.susannavaris.com\/blogg\/wp-content\/uploads\/2012\/02\/miski.jpg\" alt=\"\" width=\"597\" height=\"307\" srcset=\"http:\/\/www.susannavaris.com\/blogg\/wp-content\/uploads\/2012\/02\/miski.jpg 597w, http:\/\/www.susannavaris.com\/blogg\/wp-content\/uploads\/2012\/02\/miski-300x154.jpg 300w\" sizes=\"auto, (max-width: 597px) 100vw, 597px\" \/><\/a><em>\u00a0Sk\u00e5l med bitm\u00e4rken f\u00f6r att p\u00e5minna om v\u00e4rldssv\u00e4lten. Design Karina Marusinska.\u00a0<\/em><\/p>\n<p style=\"text-align: center;\"><a href=\"http:\/\/www.marusinska.pl\/pl\/dizajn\/8\/\">http:\/\/www.marusinska.pl\/pl\/dizajn\/8\/<\/a><\/p>\n<p>Sj\u00e4lvklart v\u00e4cker detta k\u00e4nslor; ska dessa v\u00e4lb\u00e4rgade m\u00e4nniskor som handlar p\u00e5 NK k\u00f6pa sig b\u00e4ttre socialt samvete genom ett chict b\u00e4ddset? Jag tror att det \u00e4r just det faktum att det \u00e4r NK, det traditionellt lyxiga varuhuset, som st\u00e5r f\u00f6r satsningen som v\u00e4cker k\u00e4nslor. Hade satsningen gjorts snart sagt var som helst annanstans, t ex p\u00e5 ett hippt galleri, eller s\u00e4g, Kulturhuset, hade twitterfl\u00f6det snarare handlat om unisona hyllningar. NK:s varum\u00e4rke med lyx, tradition, kvalitet, burgenhet kolliderar med &#8221;socialt samvete&#8221; som varum\u00e4rke. Detta \u00e4r man f\u00f6rmodligen mycket v\u00e4l medvetna om, i dagens mediasamh\u00e4lle g\u00e4ller det att sticka ut och v\u00e4cka k\u00e4nslor.<\/p>\n<p style=\"text-align: center;\"><a href=\"http:\/\/www.susannavaris.com\/blogg\/wp-content\/uploads\/2012\/02\/NK_Popupbutik3.jpg\"><img loading=\"lazy\" decoding=\"async\" class=\"aligncenter size-full wp-image-4196\" title=\"NK_Popupbutik3\" src=\"http:\/\/www.susannavaris.com\/blogg\/wp-content\/uploads\/2012\/02\/NK_Popupbutik3.jpg\" alt=\"\" width=\"454\" height=\"302\" srcset=\"http:\/\/www.susannavaris.com\/blogg\/wp-content\/uploads\/2012\/02\/NK_Popupbutik3.jpg 454w, http:\/\/www.susannavaris.com\/blogg\/wp-content\/uploads\/2012\/02\/NK_Popupbutik3-300x199.jpg 300w\" sizes=\"auto, (max-width: 454px) 100vw, 454px\" \/><\/a>\u00a0<a href=\"http:\/\/www.susannavaris.com\/blogg\/wp-content\/uploads\/2012\/02\/NK_Popupbutik7.jpg\"><img loading=\"lazy\" decoding=\"async\" class=\"aligncenter size-full wp-image-4197\" title=\"NK_Popupbutik7\" src=\"http:\/\/www.susannavaris.com\/blogg\/wp-content\/uploads\/2012\/02\/NK_Popupbutik7.jpg\" alt=\"\" width=\"454\" height=\"302\" srcset=\"http:\/\/www.susannavaris.com\/blogg\/wp-content\/uploads\/2012\/02\/NK_Popupbutik7.jpg 454w, http:\/\/www.susannavaris.com\/blogg\/wp-content\/uploads\/2012\/02\/NK_Popupbutik7-300x199.jpg 300w\" sizes=\"auto, (max-width: 454px) 100vw, 454px\" \/><\/a>\u00a0<em>NK:s &#8221;popupbutik&#8221; med Design With a Conscious<\/em><\/p>\n<p>Jag kan delvis f\u00f6rst\u00e5 uppr\u00f6rdheten, men samtidigt undrar jag om det \u00e4r s\u00e5 hemskt uppr\u00f6rande? Pengar till goda \u00e4ndam\u00e5l, lakan och porslin som kommer att p\u00e5minna dig l\u00e5ngt efter du har lagt ner en slant i insamlingsb\u00f6ssan om den sociala problematiken bakom designen&#8230;jag vet inte om den av v\u00e4nstern omhuldade skattev\u00e4gen b\u00e4ttre manar till eftertanke. Skatter och f\u00f6rdelning beh\u00f6vs, men alla s\u00e4tten \u00e4r v\u00e4l goda, eller?<\/p>\n<p><a href=\"http:\/\/www.dn.se\/ekonomi\/uteliggarlakan-pa-nk-far-kritik\">http:\/\/www.dn.se\/ekonomi\/uteliggarlakan-pa-nk-far-kritik<\/a><\/p>\n<p><a href=\"http:\/\/www.svd.se\/nyheter\/stockholm\/uteliggarlakan-pa-nk-far-kritik_6824531.svd\">http:\/\/www.svd.se\/nyheter\/stockholm\/uteliggarlakan-pa-nk-far-kritik_6824531.svd<\/a><\/p>\n<p><a href=\"http:\/\/www.mynewsdesk.com\/se\/pressroom\/nordiska_kompaniet\/news\/view\/stefan-nilsson-och-nk-glas-porslin-koek-kommenterar-reaktionerna-paa-design-with-a-conscious-35418\">http:\/\/www.mynewsdesk.com\/se\/pressroom\/nordiska_kompaniet\/news\/view\/stefan-nilsson-och-nk-glas-porslin-koek-kommenterar-reaktionerna-paa-design-with-a-conscious-35418<\/a><\/p>\n<p><a href=\"http:\/\/www.aftonbladet.se\/nyheter\/article14320112.ab\">http:\/\/www.aftonbladet.se\/nyheter\/article14320112.ab<\/a><\/p>\n<p>&nbsp;<\/p>\n","protected":false},"excerpt":{"rendered":"<p>\u00a0Madonna sov i tidningspapperslakan p\u00e5 sitt engelska gods redan 2005. Foto: Tim Walker\/Vogue \u00a0Bild fr\u00e5n\u00a0https:\/\/www.snurkbeddengoed.nl\/?lang=EN Cynisk exploatering av m\u00e4nsklig tragik och lyckad marknadsf\u00f6ring, eller ett initiativ med verklig ambition att belysa samh\u00e4llsproblem? Kanske b\u00e5de och? Svaret finns hos den enskilda &hellip; <a href=\"http:\/\/www.susannavaris.com\/blogg\/2012\/02\/provocerande-lakan\/\">Forts\u00e4tt l\u00e4sa <span class=\"meta-nav\">&rarr;<\/span><\/a><\/p>\n","protected":false},"author":1,"featured_media":0,"comment_status":"open","ping_status":"open","sticky":false,"template":"","format":"standard","meta":{"footnotes":""},"categories":[213,1162,589,1,590],"tags":[1274,1269,1273,1000,1271,1272,1270,1275,1276],"class_list":["post-4192","post","type-post","status-publish","format-standard","hentry","category-inredning","category-kultur","category-medier","category-okategoriserade","category-politik","tag-design","tag-design-with-a-conscious","tag-karina-marusinska","tag-nk","tag-pia-karlsson","tag-snurk","tag-stefan-nilsson","tag-uteliggare","tag-uteliggarlakan"],"_links":{"self":[{"href":"http:\/\/www.susannavaris.com\/blogg\/wp-json\/wp\/v2\/posts\/4192","targetHints":{"allow":["GET"]}}],"collection":[{"href":"http:\/\/www.susannavaris.com\/blogg\/wp-json\/wp\/v2\/posts"}],"about":[{"href":"http:\/\/www.susannavaris.com\/blogg\/wp-json\/wp\/v2\/types\/post"}],"author":[{"embeddable":true,"href":"http:\/\/www.susannavaris.com\/blogg\/wp-json\/wp\/v2\/users\/1"}],"replies":[{"embeddable":true,"href":"http:\/\/www.susannavaris.com\/blogg\/wp-json\/wp\/v2\/comments?post=4192"}],"version-history":[{"count":5,"href":"http:\/\/www.susannavaris.com\/blogg\/wp-json\/wp\/v2\/posts\/4192\/revisions"}],"predecessor-version":[{"id":4202,"href":"http:\/\/www.susannavaris.com\/blogg\/wp-json\/wp\/v2\/posts\/4192\/revisions\/4202"}],"wp:attachment":[{"href":"http:\/\/www.susannavaris.com\/blogg\/wp-json\/wp\/v2\/media?parent=4192"}],"wp:term":[{"taxonomy":"category","embeddable":true,"href":"http:\/\/www.susannavaris.com\/blogg\/wp-json\/wp\/v2\/categories?post=4192"},{"taxonomy":"post_tag","embeddable":true,"href":"http:\/\/www.susannavaris.com\/blogg\/wp-json\/wp\/v2\/tags?post=4192"}],"curies":[{"name":"wp","href":"https:\/\/api.w.org\/{rel}","templated":true}]}}