{"id":4230,"date":"2012-02-08T16:49:43","date_gmt":"2012-02-08T15:49:43","guid":{"rendered":"http:\/\/www.susannavaris.com\/blogg\/?p=4230"},"modified":"2012-02-22T11:35:36","modified_gmt":"2012-02-22T10:35:36","slug":"maria-sveland-i-dn","status":"publish","type":"post","link":"http:\/\/www.susannavaris.com\/blogg\/2012\/02\/maria-sveland-i-dn\/","title":{"rendered":"Maria Sveland i DN"},"content":{"rendered":"<p style=\"text-align: center;\"><a href=\"http:\/\/www.susannavaris.com\/blogg\/wp-content\/uploads\/2012\/02\/54_Maria-Sveland.jpg\"><img loading=\"lazy\" decoding=\"async\" class=\"aligncenter size-full wp-image-4231\" title=\"54_Maria-Sveland\" src=\"http:\/\/www.susannavaris.com\/blogg\/wp-content\/uploads\/2012\/02\/54_Maria-Sveland.jpg\" alt=\"\" width=\"400\" height=\"600\" srcset=\"http:\/\/www.susannavaris.com\/blogg\/wp-content\/uploads\/2012\/02\/54_Maria-Sveland.jpg 400w, http:\/\/www.susannavaris.com\/blogg\/wp-content\/uploads\/2012\/02\/54_Maria-Sveland-200x300.jpg 200w\" sizes=\"auto, (max-width: 400px) 100vw, 400px\" \/><\/a>\u00a0<em>Maria Sveland. Foto fr\u00e5n Roosmark.com<\/em><\/p>\n<p>Jag hade t\u00e4nkt att pyssla med konsten ett tag till idag, men n\u00e5gon hade p\u00e5 facebook delat en text fr\u00e5n DN som jag typiskt nog blev nyfiken p\u00e5. Det visade sig vara Maria Sveland, f\u00f6rfattare och mediearbetare, som i en l\u00e5ng svada och med n\u00e4stan o\u00f6vertr\u00e4ffad m\u00e4ngd olika f\u00f6reteelser kokar en saftig guilt by association-soppa. \u00c5sa Linderborg lyckades ju bunta ihop Breivik och G\u00f6ran H\u00e4gglund efter att hon blivit f\u00f6rn\u00e4rmad av Bengt Ohlssons text om kulturv\u00e4nstern, men Sveland har i samma artikel tryckt ihop det mesta hon finner ideologiskt misshagligt och ser en stor sammansv\u00e4rjning bakom allt detta.<\/p>\n<p>H\u00e4r finns texten:\u00a0<a href=\"http:\/\/www.dn.se\/kultur-noje\/debatt-essa\/hatet-som-gor-mig-politiskt-deprimerad\">http:\/\/www.dn.se\/kultur-noje\/debatt-essa\/hatet-som-gor-mig-politiskt-deprimerad<\/a><\/p>\n<p>Jobbik, Geert Wilders PVV, kriminalisering av islam, Sannfinnl\u00e4ndrana, Dansk Folkeparti, Front National, SD, Fremskrittspartiet, framv\u00e4xten av nationalsocialismen, Ny Demokrati, tokh\u00f6ger, nationalismen i sportkulturen, Annie L\u00f6\u00f6f, programledaren Lennart Dahl\u00e9us, Moderaterna, KD, Angela Merkel, Carl Bildt, reaktion\u00e4ra ledarskribenter, h\u00f6gerkonservativa och liberala tankesmedjor som Timbro och Access, bloggar, n\u00e4tdebbat\u00f6rer, alla som talar om politisk korrekthet eller kulturmarxism, Aktuellt, antifeministiska bloggare som Pelle Billing och P\u00e4r Str\u00f6m (som kallas f\u00f6r extremister), vanliga mainstream-kr\u00f6nik\u00f6rer, f\u00f6rfattare och journalister, M\u00e4nniskor\u00e4tt f\u00f6r Of\u00f6dda, Marcus Birro, Bengt Ohlsson samt medier och litteraturkritiker som hyllat Knausg\u00e5rds &#8221;Min Kamp&#8221; buntas alla ihop med massm\u00f6rdaren Breivik. (Observera att alla definitioner ovan i detta stycke \u00e4r Svelands, inte mina. P\u00e4r Str\u00f6m och Pelle Billing kallar sig j\u00e4mst\u00e4lldister, vilket \u00e4r ett utm\u00e4rkt begrepp f\u00f6r vad det handlar om.)<\/p>\n<p>Jag antar att det l\u00e4tt blir s\u00e5 h\u00e4r n\u00e4r man \u00e4r van vid att se kollektiv ist\u00e4llet f\u00f6r individer. Feminismen \u00e4r ett mycket omfattande begrepp och inneh\u00e5ller vitt skilda &#8221;skolor&#8221;. Den sp\u00e4nner \u00f6ver hela det politiska spektrat, men det som blivit mest dominerande i politiken, inom media och inom akademierna, \u00e4r en feminism byggd p\u00e5 socialistisk &#8211; och radikalfeminism. D\u00e4rf\u00f6r \u00e4r redan angreppet &#8221;antifeminist&#8221; mycket grovt tillyxat. Feminismen som ideologi (genom genusvetenskapen) har er\u00f6vrat stor makt och \u00e5terfinns i allt fr\u00e5n pedagogik p\u00e5 f\u00f6rskola till lagstiftning till olika &#8221;genuscertifierings&#8221;-ansatser inom h\u00f6gskolor och universitet (dessutom finns i dagsl\u00e4get excellenssatsningar i genusvetenskap vid tre olika l\u00e4ros\u00e4ten f\u00f6r 81 miljoner kronor) mm mm. En s\u00e5dan m\u00e4ktig ideologi m\u00e5ste granskas. Om Maria Sveland vill att feminismen ska ha ett fortsatt liv, m\u00e5ste hon inse att det inte g\u00e5r att spela prinsessan p\u00e5 \u00e4rten s\u00e5 fort den egna ideologin ifr\u00e5gas\u00e4tts. Jag vill h\u00e4vda att feminismen idag, till sina delar, har ingenting med allas lika v\u00e4rde eller j\u00e4mst\u00e4lldhet att g\u00f6ra.<\/p>\n<p>Maria Sveland tar till ett annat, retoriskt diskutabelt knep: hon kopplar ihop ifr\u00e5gas\u00e4ttandet av feminismen\/v\u00e4nstern med kvinnomisshandel.<\/p>\n<p><em><strong>&#8221;Jag kommer att t\u00e4nka p\u00e5 det som Susan Brownmiller skrev\u00a0<\/strong>i sin bok fr\u00e5n 1976, \u201dAgainst our will \u2013 Men, women and rape\u201d, hur det faktum att ett f\u00e5tal m\u00e4n v\u00e5ldtar kvinnor uppr\u00e4tth\u00e5ller en maktobalans och skapar en r\u00e4dsla som \u00e4ven de m\u00e4n som inte v\u00e5ldtar kvinnor tj\u00e4nar p\u00e5 \u2013 eftersom r\u00e4dslan f\u00f6r v\u00e5ldt\u00e4kt p\u00e5verkar alla kvinnors beteende, r\u00f6relsem\u00f6nster, sj\u00e4lvbild, sexualitet. \u00c4ven de som inte blir v\u00e5ldtagna tvingas f\u00f6rh\u00e5lla sig till att detta \u00e4r n\u00e5got som kan ske och sker n\u00e4r som helst.<\/em><\/p>\n<p><em><strong>Detsamma sker n\u00e4r de h\u00f6ger\u00adradikala spyr ut sitt hat.<\/strong>\u00a0Inf\u00f6r sj\u00e4lva hotet om v\u00e5ld p\u00e5verkas grupper av m\u00e4nniskor och anpassar sig p\u00e5 olika s\u00e4tt. Det ligger i hatets natur att det tvingar de hatade att f\u00f6rh\u00e5lla sig till dess existens.&#8221;<\/em><\/p>\n<p>Kritiken, h\u00e4r kallad f\u00f6r &#8221;hatet&#8221;, \u00e4r allts\u00e5 ett \u00f6vergrepp.<\/p>\n<p>Maria Sveland ser heller inga som helst problem med att det starkt manshatiska SCUM-manifestet s\u00e4tts upp och spelas f\u00f6r obligatoriskt infunnen skolungdom. D\u00e4remot ser hon problem med reaktionerna:<\/p>\n<p><em><strong>&#8221;Hatet mot Turteaterns upps\u00e4ttning av Scum-manifestet\u00a0<\/strong>gick i samma anda. B\u00e5de P\u00e4r Str\u00f6m och Pelle Billing skapade ett drev p\u00e5 sina bloggar som flera andra antifeministiska bloggare snabbt ansl\u00f6t sig till och skrev egna texter p\u00e5 samma tema. F\u00f6rutom en v\u00e5g av protester och demonstrationer uttalades rena d\u00f6dshot. L\u00e4ngst gick bloggaren \u201dMedborgare X\u201d som skrev:<\/em><\/p>\n<p><em>\u201dF\u00f6r visst \u00e4r det s\u00e5 att inte enbart en v\u00e5ldtagen feminist \u00e4r en bra feminist. En m\u00f6rdad feminist \u00e4r en \u00e4nnu b\u00e4ttre feminist. Varf\u00f6r inte b\u00f6rja med Andrea Edwards sj\u00e4lv. Henne kan man hitta p\u00e5 f\u00f6ljande adress.\u201d&#8221;<\/em><\/p>\n<p>Jag f\u00f6rsvarar absolut inte Medborgare X:s reaktion, men kan bara konstatera att den har exakt samma ton som sj\u00e4lva SCUM-manifestet. Han parafraserar Solanas.<\/p>\n<p>Alla tycker inte likadant (vi gillar olika?) och var och en m\u00e5ste vara beredda att argumentera f\u00f6r sina st\u00e5ndpunkter och helst d\u00e5 p\u00e5 ett mera sakligt s\u00e4tt \u00e4n Maria Sveland ger uttryck f\u00f6r i denna artikel. Jag skulle \u00f6nska att Sveland plockade genusglas\u00f6gonen av sig och l\u00e4ste t ex Tanja Bergkvists, Pelle Billings eller P\u00e4r Str\u00f6ms bloggar f\u00f6ruts\u00e4ttningsl\u00f6st. Om man \u00e4r of\u00f6rm\u00f6gen att ta till sig relevant kritik finns det inte mycket utrymme f\u00f6r utveckling.<\/p>\n<p style=\"text-align: center;\">&#8211; : &#8211; : &#8211; : &#8211;<\/p>\n<p style=\"text-align: center;\">P\u00e4r Str\u00f6ms replik p\u00e5 Maria Svelands artikel publicerades i DN 120210:<\/p>\n<p style=\"text-align: center;\"><a href=\"http:\/\/www.dn.se\/kultur-noje\/debatt-essa\/par-strom-feministerna-har-inte-kunnat-hantera-sin-framgang\">http:\/\/www.dn.se\/kultur-noje\/debatt-essa\/par-strom-feministerna-har-inte-kunnat-hantera-sin-framgang<\/a><\/p>\n<p style=\"text-align: center;\">Pelle Billings replik i DN:<\/p>\n<p style=\"text-align: center;\"><a href=\"http:\/\/www.dn.se\/kultur-noje\/debatt-essa\/pelle-billing-mansfragorna-har-forsvunnit-till-forman-for-kvinnorna\">http:\/\/www.dn.se\/kultur-noje\/debatt-essa\/pelle-billing-mansfragorna-har-forsvunnit-till-forman-for-kvinnorna<\/a><\/p>\n<p style=\"text-align: center;\">&#8211; : &#8211; : &#8211; : &#8211;<\/p>\n<p style=\"text-align: center;\">Fredrik Ekelund skriver en balanserad kommentar till Maria Sveland 21. feb:<\/p>\n<p style=\"text-align: center;\"><a href=\"http:\/\/www.dn.se\/kultur-noje\/debatt-essa\/vanstern-vagrar-att-tala-om-hela-verkligheten\">http:\/\/www.dn.se\/kultur-noje\/debatt-essa\/vanstern-vagrar-att-tala-om-hela-verkligheten<\/a><\/p>\n<p style=\"text-align: center;\">&#8211; : &#8211; : &#8211; : &#8211;<\/p>\n","protected":false},"excerpt":{"rendered":"<p>\u00a0Maria Sveland. Foto fr\u00e5n Roosmark.com Jag hade t\u00e4nkt att pyssla med konsten ett tag till idag, men n\u00e5gon hade p\u00e5 facebook delat en text fr\u00e5n DN som jag typiskt nog blev nyfiken p\u00e5. Det visade sig vara Maria Sveland, f\u00f6rfattare &hellip; <a href=\"http:\/\/www.susannavaris.com\/blogg\/2012\/02\/maria-sveland-i-dn\/\">Forts\u00e4tt l\u00e4sa <span class=\"meta-nav\">&rarr;<\/span><\/a><\/p>\n","protected":false},"author":1,"featured_media":0,"comment_status":"open","ping_status":"open","sticky":false,"template":"","format":"standard","meta":{"footnotes":""},"categories":[178,181,259,1162,589,1,590],"tags":[1290,1287,175,4900,1286,1359,4903,1289,1285,1244,548,1288,151],"class_list":["post-4230","post","type-post","status-publish","format-standard","hentry","category-blodtryckshojare","category-feminism","category-genusvetenskap","category-kultur","category-medier","category-okategoriserade","category-politik","tag-anti-feminism","tag-bitterfittan","tag-dn","tag-feminism","tag-forfattare","tag-fredrik-ekelund","tag-genusvetenskap","tag-kulturmarxism","tag-maria-sveland","tag-par-strom","tag-pelle-billing","tag-politiskt-korrekt","tag-tanja-bergkvist"],"_links":{"self":[{"href":"http:\/\/www.susannavaris.com\/blogg\/wp-json\/wp\/v2\/posts\/4230","targetHints":{"allow":["GET"]}}],"collection":[{"href":"http:\/\/www.susannavaris.com\/blogg\/wp-json\/wp\/v2\/posts"}],"about":[{"href":"http:\/\/www.susannavaris.com\/blogg\/wp-json\/wp\/v2\/types\/post"}],"author":[{"embeddable":true,"href":"http:\/\/www.susannavaris.com\/blogg\/wp-json\/wp\/v2\/users\/1"}],"replies":[{"embeddable":true,"href":"http:\/\/www.susannavaris.com\/blogg\/wp-json\/wp\/v2\/comments?post=4230"}],"version-history":[{"count":10,"href":"http:\/\/www.susannavaris.com\/blogg\/wp-json\/wp\/v2\/posts\/4230\/revisions"}],"predecessor-version":[{"id":4234,"href":"http:\/\/www.susannavaris.com\/blogg\/wp-json\/wp\/v2\/posts\/4230\/revisions\/4234"}],"wp:attachment":[{"href":"http:\/\/www.susannavaris.com\/blogg\/wp-json\/wp\/v2\/media?parent=4230"}],"wp:term":[{"taxonomy":"category","embeddable":true,"href":"http:\/\/www.susannavaris.com\/blogg\/wp-json\/wp\/v2\/categories?post=4230"},{"taxonomy":"post_tag","embeddable":true,"href":"http:\/\/www.susannavaris.com\/blogg\/wp-json\/wp\/v2\/tags?post=4230"}],"curies":[{"name":"wp","href":"https:\/\/api.w.org\/{rel}","templated":true}]}}