{"id":4244,"date":"2012-02-09T23:37:19","date_gmt":"2012-02-09T22:37:19","guid":{"rendered":"http:\/\/www.susannavaris.com\/blogg\/?p=4244"},"modified":"2012-02-11T20:07:15","modified_gmt":"2012-02-11T19:07:15","slug":"astras-nedlaggning-av-neuroforskningen-i-sodertalje","status":"publish","type":"post","link":"http:\/\/www.susannavaris.com\/blogg\/2012\/02\/astras-nedlaggning-av-neuroforskningen-i-sodertalje\/","title":{"rendered":"Astras nedl\u00e4ggning av neuroforskningen i S\u00f6dert\u00e4lje"},"content":{"rendered":"<p style=\"text-align: center;\"><a href=\"http:\/\/www.susannavaris.com\/blogg\/wp-content\/uploads\/2012\/02\/275.jpg\"><img loading=\"lazy\" decoding=\"async\" class=\"aligncenter size-full wp-image-4245\" title=\"275\" src=\"http:\/\/www.susannavaris.com\/blogg\/wp-content\/uploads\/2012\/02\/275.jpg\" alt=\"\" width=\"550\" height=\"368\" srcset=\"http:\/\/www.susannavaris.com\/blogg\/wp-content\/uploads\/2012\/02\/275.jpg 550w, http:\/\/www.susannavaris.com\/blogg\/wp-content\/uploads\/2012\/02\/275-300x200.jpg 300w\" sizes=\"auto, (max-width: 550px) 100vw, 550px\" \/><\/a>\u00a0<em>Foto fr\u00e5n www.pharmaceutical-technology.com<\/em><\/p>\n<p>I dagens Svd skriver ett antal personer fr\u00e5n bl a Karolinska Institutet om vikten av att beh\u00e5lla viktig kompetens:<\/p>\n<p><strong>&#8221;Den omedelbara uppgiften \u00e4r dock att f\u00f6rs\u00f6ka ta tillvara all kompetens som kommer att frist\u00e4llas och riskera att g\u00e5 f\u00f6rlorad f\u00f6r Sverige. Den spetskompetens inom biotekniskt och medicintekniskt f\u00f6retagande som neuroforskarna vid Astra Zeneca genom \u00e5ren skaffat sig, \u00e4r en mycket viktig framg\u00e5ngsfaktor f\u00f6r v\u00e5rt land.&#8221;\u00a0<\/strong><\/p>\n<p><a href=\"http:\/\/www.svd.se\/opinion\/brannpunkt\/neuroforskningen-far-inte-ga-forlorad_6835017.svd\">http:\/\/www.svd.se\/opinion\/brannpunkt\/neuroforskningen-far-inte-ga-forlorad_6835017.svd<\/a><\/p>\n<p>Astra Zeneca naggar allts\u00e5 inte l\u00e4ngre i kanten av verksamheten i S\u00f6dert\u00e4lje, det \u00e4r all forskning i staden som nu l\u00e4ggs ner. Tillverkningen som \u00e4r lokaliserad hit kommer \u00e4n s\u00e5 l\u00e4nge att vara kvar, men vilken slags arbeten och n\u00e4ringsliv ska Sverige satsa p\u00e5 i framtiden? Min bild av det hela \u00e4r att just tillverkningsindustri inte har setts som det som Sverige ska sikta in sig p\u00e5 i framtiden, snarare har man framh\u00e5llit de kunskapsintensiva branscherna och arbetena som en ledstj\u00e4rna. Nu f\u00f6rsvinner, efter en successiv utflyttning den sista spillran av den kunskapsintensiva delen av en av de traditionellt stora &#8221;svenska&#8221; flaggskeppen fr\u00e5n S\u00f6dert\u00e4lje. I M\u00f6lndal kommer dock de 1800 forskarna att forts\u00e4tta forska kring mag- och tarm-, samt hj\u00e4rt- och k\u00e4rlsjukdomar.<\/p>\n<p>N\u00e4r forskningen i Lund f\u00f6r n\u00e5gra \u00e5r sedan lades ner, reagerade m\u00e5nga stora akt\u00f6rer snabbt. Samma kv\u00e4ll som beslutet togs, tr\u00e4ffades viktiga akt\u00f6rer f\u00f6r att utforma en plan. Region Sk\u00e5ne, Lunds universitet och kommunerna Lund och Malm\u00f6 gav exminister Allan Larsson i uppdrag att f\u00f6rs\u00f6ka beh\u00e5lla forskningskompetensen i omr\u00e5det. Det har startats ett n\u00e4tverk, Supernova, som samlar 75 tidigare anst\u00e4llda vilka driver ett 30-tal olika f\u00f6retag. Man hyr lokaler i de gamla laboratorierna, s\u00e4ljer forskningskompetens p\u00e5 kontrakt och har p\u00e5 s\u00e5 s\u00e4tt blivit underleverant\u00f6rer f\u00f6r l\u00e4kemedelsf\u00f6retag.<\/p>\n<p>Kommunstyrelsens ordf\u00f6rande i S\u00f6dert\u00e4lje Boel Godner (S) s\u00e4ger sig vara intresserad av det som gjordes i Lund:<\/p>\n<p><em>&#8221;Det \u00e4r v\u00e4ldigt intressant men vi beh\u00f6ver prata mer med dem. Sen ska man t\u00e4nka p\u00e5 att konjunkturen \u00e4r ett helt annat.&#8221;<\/em><\/p>\n<p>Hon ber\u00e4ttar ocks\u00e5 att man kommer att ha ett extrainsatt m\u00f6te i kommunstyrelsen f\u00f6r att tr\u00e4ffa Lars Lejonborg (som har f\u00e5tt regeringens uppdrag att rapportera om hur man kan ta tillvara kompetensen vid nedl\u00e4ggningen), representanter f\u00f6r Arbetsf\u00f6rmedlingen och Astra Zeneca.<\/p>\n<p>Jag hoppas att man nu verkligen ser till att g\u00f6ra detta: ta tillvara p\u00e5 kompetensen. Sverige har inte r\u00e5d att f\u00f6rlora ett enda kunskapsintensivt arbete till utlandet och allra helst borde vi v\u00e4xa p\u00e5 det omr\u00e5det. Varf\u00f6r inte lyssna p\u00e5 artikelf\u00f6rfattarna i SvD? Kanske en excellenssatsning i en forskningsmilj\u00f6 kring KI, med kompetensen fr\u00e5n S\u00f6dert\u00e4lje? Eventuellt kunde v\u00e4l de gamla lokalerna anv\u00e4ndas, som i exemplet Lund? Konjunkturen borde inte spela s\u00e5 stor roll n\u00e4r det handlar om Sveriges framtid p\u00e5 l\u00e4ngre sikt. Forskningskompetens tar l\u00e5ng tid att er\u00f6vra, betydligt kortare tid att f\u00f6rlora. Med all respekt: Arbetsf\u00f6rmedlingen \u00e4r kanske inte s\u00e5 mycket att hoppas p\u00e5.<\/p>\n<p>Om det handlar om resurser s\u00e5 f\u00f6resl\u00e5r jag att man ser \u00f6ver satsningarna p\u00e5 t ex genusforskning i landet (fn tre excellenssatsningar vid tre l\u00e4ros\u00e4ten f\u00f6r 81 miljoner kronor ut\u00f6ver den vanliga forskningen och institutionerna). Eller vi kanske s\u00e5 sm\u00e5ningom kan exportera l\u00f6sningar inom t ex &#8221;k\u00f6nsbest\u00e4mning av matbestick&#8221;? Urs\u00e4kta den raljanta tonen, men ibland k\u00e4nns v\u00e4rlden mer \u00e4n lovligt galen. Och galen blir man garanterat om man f\u00f6rs\u00f6ker s\u00e4tta sig in i vad genusvetenskapen handlar om och framf\u00f6r allt hur mycket resurser som l\u00e4ggs ner p\u00e5 denna, h\u00f6gst diskutabla forskning.<\/p>\n<p style=\"text-align: center;\">&#8211; : &#8211; : &#8211; : &#8211;<\/p>\n<p style=\"text-align: center;\">10. februari 2012<\/p>\n<p style=\"text-align: left;\">Boel Godner uttryckte \u00e5terigen f\u00f6rhoppningar i Arbetsf\u00f6rmedlingens riktning p\u00e5 TV4-nyheterna nyss. Suck. Det prim\u00e4ra i sammanhanget \u00e4r inte att alla ska ha syssels\u00e4ttning (vilket ju i sig \u00e4r viktigt). Det absolut mest angel\u00e4gna \u00e4r att r\u00e4dda kompetensen!!!!! S\u00e4tt press p\u00e5 Astra Zeneca, som nu hastigt vill l\u00e4gga ner, att sk\u00e4nka lokalerna till de anst\u00e4llda (goodwill \u00e5t Astra Zeneca), som i sin tur kan bilda bolag enligt ovanst\u00e5ende modell (kanske i samarbete med KI) och d\u00e4rigenom forts\u00e4tta forska och beh\u00e5lla en kvalificerad forskningsmilj\u00f6.<\/p>\n<p>Fler artiklar:<\/p>\n<p><a href=\"http:\/\/www.nyteknik.se\/nyheter\/innovation\/forskning_utveckling\/article3403831.ece\">http:\/\/www.nyteknik.se\/nyheter\/innovation\/forskning_utveckling\/article3403831.ece<\/a><\/p>\n<p><a href=\"http:\/\/sverigesradio.se\/sida\/artikel.aspx?programid=103&amp;artikel=4959289\">http:\/\/sverigesradio.se\/sida\/artikel.aspx?programid=103&amp;artikel=4959289<\/a><\/p>\n<p><a href=\"http:\/\/www.dn.se\/debatt\/efter-astra-zenecas-besked-behovs-en-offensiv-regering\">http:\/\/www.dn.se\/debatt\/efter-astra-zenecas-besked-behovs-en-offensiv-regering<\/a><\/p>\n<p style=\"text-align: center;\">&#8211; : &#8211; : &#8211; : &#8211;<\/p>\n<p style=\"text-align: center;\">Ledare i DN 120203:<\/p>\n<p style=\"text-align: center;\"><a href=\"http:\/\/www.dn.se\/ledare\/huvudledare\/kunskap-i-flyttkartonger\">http:\/\/www.dn.se\/ledare\/huvudledare\/kunskap-i-flyttkartonger<\/a><\/p>\n","protected":false},"excerpt":{"rendered":"<p>\u00a0Foto fr\u00e5n www.pharmaceutical-technology.com I dagens Svd skriver ett antal personer fr\u00e5n bl a Karolinska Institutet om vikten av att beh\u00e5lla viktig kompetens: &#8221;Den omedelbara uppgiften \u00e4r dock att f\u00f6rs\u00f6ka ta tillvara all kompetens som kommer att frist\u00e4llas och riskera att &hellip; <a href=\"http:\/\/www.susannavaris.com\/blogg\/2012\/02\/astras-nedlaggning-av-neuroforskningen-i-sodertalje\/\">Forts\u00e4tt l\u00e4sa <span class=\"meta-nav\">&rarr;<\/span><\/a><\/p>\n","protected":false},"author":1,"featured_media":0,"comment_status":"open","ping_status":"open","sticky":false,"template":"","format":"standard","meta":{"footnotes":""},"categories":[674,1,590,1060,889,117],"tags":[1298,1299,1252,1294,1295,1296,1297,121],"class_list":["post-4244","post","type-post","status-publish","format-standard","hentry","category-historia","category-okategoriserade","category-politik","category-samhallsplanering","category-teknik","category-vetenskap","tag-arbete","tag-arbeten","tag-astra-zeneca","tag-astrazeneca","tag-forskning","tag-forskningspolitik","tag-kunskapsintensiv","tag-sodertalje"],"_links":{"self":[{"href":"http:\/\/www.susannavaris.com\/blogg\/wp-json\/wp\/v2\/posts\/4244","targetHints":{"allow":["GET"]}}],"collection":[{"href":"http:\/\/www.susannavaris.com\/blogg\/wp-json\/wp\/v2\/posts"}],"about":[{"href":"http:\/\/www.susannavaris.com\/blogg\/wp-json\/wp\/v2\/types\/post"}],"author":[{"embeddable":true,"href":"http:\/\/www.susannavaris.com\/blogg\/wp-json\/wp\/v2\/users\/1"}],"replies":[{"embeddable":true,"href":"http:\/\/www.susannavaris.com\/blogg\/wp-json\/wp\/v2\/comments?post=4244"}],"version-history":[{"count":15,"href":"http:\/\/www.susannavaris.com\/blogg\/wp-json\/wp\/v2\/posts\/4244\/revisions"}],"predecessor-version":[{"id":4272,"href":"http:\/\/www.susannavaris.com\/blogg\/wp-json\/wp\/v2\/posts\/4244\/revisions\/4272"}],"wp:attachment":[{"href":"http:\/\/www.susannavaris.com\/blogg\/wp-json\/wp\/v2\/media?parent=4244"}],"wp:term":[{"taxonomy":"category","embeddable":true,"href":"http:\/\/www.susannavaris.com\/blogg\/wp-json\/wp\/v2\/categories?post=4244"},{"taxonomy":"post_tag","embeddable":true,"href":"http:\/\/www.susannavaris.com\/blogg\/wp-json\/wp\/v2\/tags?post=4244"}],"curies":[{"name":"wp","href":"https:\/\/api.w.org\/{rel}","templated":true}]}}