{"id":4282,"date":"2012-02-11T16:24:34","date_gmt":"2012-02-11T15:24:34","guid":{"rendered":"http:\/\/www.susannavaris.com\/blogg\/?p=4282"},"modified":"2012-02-11T23:12:23","modified_gmt":"2012-02-11T22:12:23","slug":"vara-aventyr","status":"publish","type":"post","link":"http:\/\/www.susannavaris.com\/blogg\/2012\/02\/vara-aventyr\/","title":{"rendered":"V\u00e5ra \u00e4ventyr"},"content":{"rendered":"<p>Jag lovade tidigare en liten nostalgitripp p\u00e5 tema Eijas och mina \u00e4ventyr i ungdomen, s\u00e5 h\u00e5ll till godo!<\/p>\n<p style=\"text-align: center;\"><a href=\"http:\/\/www.susannavaris.com\/blogg\/wp-content\/uploads\/2012\/02\/IMG_0003-adj.jpg\"><img loading=\"lazy\" decoding=\"async\" class=\"aligncenter size-full wp-image-4283\" title=\"IMG_0003-adj\" src=\"http:\/\/www.susannavaris.com\/blogg\/wp-content\/uploads\/2012\/02\/IMG_0003-adj.jpg\" alt=\"\" width=\"704\" height=\"602\" srcset=\"http:\/\/www.susannavaris.com\/blogg\/wp-content\/uploads\/2012\/02\/IMG_0003-adj.jpg 704w, http:\/\/www.susannavaris.com\/blogg\/wp-content\/uploads\/2012\/02\/IMG_0003-adj-300x256.jpg 300w\" sizes=\"auto, (max-width: 704px) 100vw, 704px\" \/><\/a><em>\u00a080-tal, Pub Shakespeare i S\u00f6dert\u00e4lje. Vi bodde p\u00e5 den puben p\u00e5 helgerna och \u00e4ven i veckorna, det blev ett stamst\u00e4lle dit alla gick. Sedan skulle tomten vid Tom Tit\u00b4s bli parkering (!), puben packades ihop och s\u00e5ldes enligt uppgift till Estland.<\/em><\/p>\n<p style=\"text-align: center;\"><a href=\"http:\/\/www.susannavaris.com\/blogg\/wp-content\/uploads\/2012\/02\/IMG_0036-adj.jpg\"><img loading=\"lazy\" decoding=\"async\" class=\"aligncenter size-large wp-image-4284\" title=\"IMG_0036-adj\" src=\"http:\/\/www.susannavaris.com\/blogg\/wp-content\/uploads\/2012\/02\/IMG_0036-adj-1024x679.jpg\" alt=\"\" width=\"640\" height=\"424\" srcset=\"http:\/\/www.susannavaris.com\/blogg\/wp-content\/uploads\/2012\/02\/IMG_0036-adj-1024x679.jpg 1024w, http:\/\/www.susannavaris.com\/blogg\/wp-content\/uploads\/2012\/02\/IMG_0036-adj-300x199.jpg 300w, http:\/\/www.susannavaris.com\/blogg\/wp-content\/uploads\/2012\/02\/IMG_0036-adj.jpg 1784w\" sizes=\"auto, (max-width: 640px) 100vw, 640px\" \/><\/a>\u00a0<em>80-tal. Eija och jag \u00e4r p\u00e5 v\u00e4g till Stockholm f\u00f6r att se en konsert med finska bandet Sielun Veljet.<\/em><\/p>\n<p style=\"text-align: center;\"><a href=\"http:\/\/www.susannavaris.com\/blogg\/wp-content\/uploads\/2012\/02\/IMG_0068.jpg\"><img loading=\"lazy\" decoding=\"async\" class=\"aligncenter size-large wp-image-4285\" title=\"IMG_0068\" src=\"http:\/\/www.susannavaris.com\/blogg\/wp-content\/uploads\/2012\/02\/IMG_0068-710x1024.jpg\" alt=\"\" width=\"640\" height=\"923\" srcset=\"http:\/\/www.susannavaris.com\/blogg\/wp-content\/uploads\/2012\/02\/IMG_0068-710x1024.jpg 710w, http:\/\/www.susannavaris.com\/blogg\/wp-content\/uploads\/2012\/02\/IMG_0068-208x300.jpg 208w, http:\/\/www.susannavaris.com\/blogg\/wp-content\/uploads\/2012\/02\/IMG_0068.jpg 1032w\" sizes=\"auto, (max-width: 640px) 100vw, 640px\" \/><\/a>\u00a0<a href=\"http:\/\/www.susannavaris.com\/blogg\/wp-content\/uploads\/2012\/02\/IMG_0070-crop.jpg\"><img loading=\"lazy\" decoding=\"async\" class=\"aligncenter size-large wp-image-4286\" title=\"IMG_0070-crop\" src=\"http:\/\/www.susannavaris.com\/blogg\/wp-content\/uploads\/2012\/02\/IMG_0070-crop-490x1024.jpg\" alt=\"\" width=\"490\" height=\"1024\" srcset=\"http:\/\/www.susannavaris.com\/blogg\/wp-content\/uploads\/2012\/02\/IMG_0070-crop-490x1024.jpg 490w, http:\/\/www.susannavaris.com\/blogg\/wp-content\/uploads\/2012\/02\/IMG_0070-crop-143x300.jpg 143w, http:\/\/www.susannavaris.com\/blogg\/wp-content\/uploads\/2012\/02\/IMG_0070-crop.jpg 649w\" sizes=\"auto, (max-width: 490px) 100vw, 490px\" \/><\/a><em>90-talets b\u00f6rjan.<\/em> <em>Partybrudar p\u00e5 v\u00e4g ut i nattlivet&#8230;<\/em><\/p>\n<p style=\"text-align: center;\"><a href=\"http:\/\/www.susannavaris.com\/blogg\/wp-content\/uploads\/2012\/02\/IMG_0005.jpg\"><img loading=\"lazy\" decoding=\"async\" class=\"aligncenter size-large wp-image-4287\" title=\"IMG_0005\" src=\"http:\/\/www.susannavaris.com\/blogg\/wp-content\/uploads\/2012\/02\/IMG_0005-1024x692.jpg\" alt=\"\" width=\"640\" height=\"432\" srcset=\"http:\/\/www.susannavaris.com\/blogg\/wp-content\/uploads\/2012\/02\/IMG_0005-1024x692.jpg 1024w, http:\/\/www.susannavaris.com\/blogg\/wp-content\/uploads\/2012\/02\/IMG_0005-300x202.jpg 300w, http:\/\/www.susannavaris.com\/blogg\/wp-content\/uploads\/2012\/02\/IMG_0005.jpg 1744w\" sizes=\"auto, (max-width: 640px) 100vw, 640px\" \/><\/a>\u00a0<em>P\u00e5 inter-rail i Sagres, Portugal<\/em><\/p>\n<p style=\"text-align: center;\"><a href=\"http:\/\/www.susannavaris.com\/blogg\/wp-content\/uploads\/2012\/02\/IMG_0048.jpg\"><img loading=\"lazy\" decoding=\"async\" class=\"aligncenter size-large wp-image-4288\" title=\"IMG_0048\" src=\"http:\/\/www.susannavaris.com\/blogg\/wp-content\/uploads\/2012\/02\/IMG_0048-693x1024.jpg\" alt=\"\" width=\"640\" height=\"945\" srcset=\"http:\/\/www.susannavaris.com\/blogg\/wp-content\/uploads\/2012\/02\/IMG_0048-693x1024.jpg 693w, http:\/\/www.susannavaris.com\/blogg\/wp-content\/uploads\/2012\/02\/IMG_0048-203x300.jpg 203w, http:\/\/www.susannavaris.com\/blogg\/wp-content\/uploads\/2012\/02\/IMG_0048.jpg 1184w\" sizes=\"auto, (max-width: 640px) 100vw, 640px\" \/><\/a><em>Tidigare p\u00e5 samma inter-rail. Skinnf\u00e4rgning i Medina, F\u00e8s.<\/em><\/p>\n<p style=\"text-align: center;\"><a href=\"http:\/\/www.susannavaris.com\/blogg\/wp-content\/uploads\/2012\/02\/IMG_0006.jpg\"><img loading=\"lazy\" decoding=\"async\" class=\"aligncenter size-large wp-image-4289\" title=\"IMG_0006\" src=\"http:\/\/www.susannavaris.com\/blogg\/wp-content\/uploads\/2012\/02\/IMG_0006-1024x688.jpg\" alt=\"\" width=\"640\" height=\"430\" srcset=\"http:\/\/www.susannavaris.com\/blogg\/wp-content\/uploads\/2012\/02\/IMG_0006-1024x688.jpg 1024w, http:\/\/www.susannavaris.com\/blogg\/wp-content\/uploads\/2012\/02\/IMG_0006-300x201.jpg 300w, http:\/\/www.susannavaris.com\/blogg\/wp-content\/uploads\/2012\/02\/IMG_0006.jpg 1748w\" sizes=\"auto, (max-width: 640px) 100vw, 640px\" \/><\/a>\u00a0<em>Samma resa, framf\u00f6r Buckingham Palace. T\u00e4nk er ungar; ingen internet, inga mobiler&#8230;vi var ute i en m\u00e5nad och reste runt i nio l\u00e4nder.<\/em><\/p>\n<p style=\"text-align: center;\"><a href=\"http:\/\/www.susannavaris.com\/blogg\/wp-content\/uploads\/2012\/02\/IMG_0044.jpg\"><img loading=\"lazy\" decoding=\"async\" class=\"aligncenter size-large wp-image-4290\" title=\"IMG_0044\" src=\"http:\/\/www.susannavaris.com\/blogg\/wp-content\/uploads\/2012\/02\/IMG_0044-692x1024.jpg\" alt=\"\" width=\"640\" height=\"947\" srcset=\"http:\/\/www.susannavaris.com\/blogg\/wp-content\/uploads\/2012\/02\/IMG_0044-692x1024.jpg 692w, http:\/\/www.susannavaris.com\/blogg\/wp-content\/uploads\/2012\/02\/IMG_0044-202x300.jpg 202w, http:\/\/www.susannavaris.com\/blogg\/wp-content\/uploads\/2012\/02\/IMG_0044.jpg 1184w\" sizes=\"auto, (max-width: 640px) 100vw, 640px\" \/><\/a>\u00a0<em>Fortfarande samma resa. I djurparken i Barcelona.<\/em><\/p>\n<p style=\"text-align: center;\"><a href=\"http:\/\/www.susannavaris.com\/blogg\/wp-content\/uploads\/2012\/02\/IMG_0079.jpg\"><img loading=\"lazy\" decoding=\"async\" class=\"aligncenter size-large wp-image-4291\" title=\"IMG_0079\" src=\"http:\/\/www.susannavaris.com\/blogg\/wp-content\/uploads\/2012\/02\/IMG_0079-683x1024.jpg\" alt=\"\" width=\"640\" height=\"959\" srcset=\"http:\/\/www.susannavaris.com\/blogg\/wp-content\/uploads\/2012\/02\/IMG_0079-683x1024.jpg 683w, http:\/\/www.susannavaris.com\/blogg\/wp-content\/uploads\/2012\/02\/IMG_0079-200x300.jpg 200w, http:\/\/www.susannavaris.com\/blogg\/wp-content\/uploads\/2012\/02\/IMG_0079.jpg 1180w\" sizes=\"auto, (max-width: 640px) 100vw, 640px\" \/><\/a>\u00a0<em>Eija sydde en hel del kl\u00e4der sj\u00e4lv, bl a den h\u00e4r fina kl\u00e4nningen. Hemma i min Scania-l\u00e4genhet p\u00e5 24 kvadrat i S\u00f6dert\u00e4lje. Eija hade alltid koll p\u00e5 stil och musik. Hon fick hemleverans fr\u00e5n Ginza och hade en samling p\u00e5 metervis med lp-skivor. En guldgruva. Hon prenumererade p\u00e5 creddiga musikmagasin och visste alltid vad som g\u00e4llde&#8230;<\/em><\/p>\n<p style=\"text-align: center;\"><a href=\"http:\/\/www.susannavaris.com\/blogg\/wp-content\/uploads\/2012\/02\/IMG_0086.jpg\"><img loading=\"lazy\" decoding=\"async\" class=\"aligncenter size-full wp-image-4292\" title=\"IMG_0086\" src=\"http:\/\/www.susannavaris.com\/blogg\/wp-content\/uploads\/2012\/02\/IMG_0086.jpg\" alt=\"\" width=\"720\" height=\"764\" srcset=\"http:\/\/www.susannavaris.com\/blogg\/wp-content\/uploads\/2012\/02\/IMG_0086.jpg 720w, http:\/\/www.susannavaris.com\/blogg\/wp-content\/uploads\/2012\/02\/IMG_0086-282x300.jpg 282w\" sizes=\"auto, (max-width: 720px) 100vw, 720px\" \/><\/a>\u00a0<em>P\u00e5 Hultsfredsfestivalen 1991 (?)<\/em><\/p>\n<p style=\"text-align: center;\"><a href=\"http:\/\/www.susannavaris.com\/blogg\/wp-content\/uploads\/2012\/02\/IMG_0100.jpg\"><img loading=\"lazy\" decoding=\"async\" class=\"aligncenter size-large wp-image-4293\" title=\"IMG_0100\" src=\"http:\/\/www.susannavaris.com\/blogg\/wp-content\/uploads\/2012\/02\/IMG_0100-696x1024.jpg\" alt=\"\" width=\"640\" height=\"941\" srcset=\"http:\/\/www.susannavaris.com\/blogg\/wp-content\/uploads\/2012\/02\/IMG_0100-696x1024.jpg 696w, http:\/\/www.susannavaris.com\/blogg\/wp-content\/uploads\/2012\/02\/IMG_0100-204x300.jpg 204w, http:\/\/www.susannavaris.com\/blogg\/wp-content\/uploads\/2012\/02\/IMG_0100.jpg 1184w\" sizes=\"auto, (max-width: 640px) 100vw, 640px\" \/><\/a>\u00a0<em>Rockbrud<\/em><\/p>\n<p style=\"text-align: center;\"><a href=\"http:\/\/www.susannavaris.com\/blogg\/wp-content\/uploads\/2012\/02\/IMG_0095-adj.jpg\"><img loading=\"lazy\" decoding=\"async\" class=\"aligncenter size-large wp-image-4294\" title=\"IMG_0095-adj\" src=\"http:\/\/www.susannavaris.com\/blogg\/wp-content\/uploads\/2012\/02\/IMG_0095-adj-708x1024.jpg\" alt=\"\" width=\"640\" height=\"925\" srcset=\"http:\/\/www.susannavaris.com\/blogg\/wp-content\/uploads\/2012\/02\/IMG_0095-adj-708x1024.jpg 708w, http:\/\/www.susannavaris.com\/blogg\/wp-content\/uploads\/2012\/02\/IMG_0095-adj-207x300.jpg 207w, http:\/\/www.susannavaris.com\/blogg\/wp-content\/uploads\/2012\/02\/IMG_0095-adj.jpg 1032w\" sizes=\"auto, (max-width: 640px) 100vw, 640px\" \/><\/a><em>\u00a0Fix och trix f\u00f6re uteg\u00e5ng. Hemma hos Eija i hennes lilla l\u00e4genhet i Viks\u00e4ngen, S\u00f6dert\u00e4lje.<\/em><\/p>\n<p style=\"text-align: center;\"><a href=\"http:\/\/www.susannavaris.com\/blogg\/wp-content\/uploads\/2012\/02\/IMG_0099.jpg\"><img loading=\"lazy\" decoding=\"async\" class=\"aligncenter size-large wp-image-4295\" title=\"IMG_0099\" src=\"http:\/\/www.susannavaris.com\/blogg\/wp-content\/uploads\/2012\/02\/IMG_0099-686x1024.jpg\" alt=\"\" width=\"640\" height=\"955\" srcset=\"http:\/\/www.susannavaris.com\/blogg\/wp-content\/uploads\/2012\/02\/IMG_0099-686x1024.jpg 686w, http:\/\/www.susannavaris.com\/blogg\/wp-content\/uploads\/2012\/02\/IMG_0099-201x300.jpg 201w, http:\/\/www.susannavaris.com\/blogg\/wp-content\/uploads\/2012\/02\/IMG_0099.jpg 1188w\" sizes=\"auto, (max-width: 640px) 100vw, 640px\" \/><\/a><em>\u00a0En sommar \u00e5kte vi till Finland p\u00e5 festival. V\u00e5r budget var ungef\u00e4r 400 kronor per skalle exkl boende. Det gick suver\u00e4nt, vi beh\u00f6vde bara st\u00e4lla oss vid v\u00e4gkanten s\u00e5 fick vi lift. Sl\u00e4ktingarna var strategiskt bosatta precis s\u00e5 att vi kunde v\u00e5ldsg\u00e4sta. Vi klarade n\u00e4stan en vecka p\u00e5 den summan. H\u00e4r \u00e4r vi p\u00e5 Ahvenlampi rock.<\/em><\/p>\n<p style=\"text-align: center;\"><a href=\"http:\/\/www.susannavaris.com\/blogg\/wp-content\/uploads\/2012\/02\/IMG_0100-crop.jpg\"><img loading=\"lazy\" decoding=\"async\" class=\"aligncenter size-full wp-image-4296\" title=\"IMG_0100-crop\" src=\"http:\/\/www.susannavaris.com\/blogg\/wp-content\/uploads\/2012\/02\/IMG_0100-crop.jpg\" alt=\"\" width=\"719\" height=\"993\" srcset=\"http:\/\/www.susannavaris.com\/blogg\/wp-content\/uploads\/2012\/02\/IMG_0100-crop.jpg 719w, http:\/\/www.susannavaris.com\/blogg\/wp-content\/uploads\/2012\/02\/IMG_0100-crop-217x300.jpg 217w\" sizes=\"auto, (max-width: 719px) 100vw, 719px\" \/><\/a>\u00a0<em>Jag hos en moster som l\u00e4gligt bodde n\u00e5gra kilometer ifr\u00e5n festivalplatsen.\u00a0<\/em><\/p>\n<p style=\"text-align: center;\"><a href=\"http:\/\/www.susannavaris.com\/blogg\/wp-content\/uploads\/2012\/02\/IMG_00471.jpg\"><img loading=\"lazy\" decoding=\"async\" class=\"aligncenter size-large wp-image-4297\" title=\"IMG_0047\" src=\"http:\/\/www.susannavaris.com\/blogg\/wp-content\/uploads\/2012\/02\/IMG_00471-1024x693.jpg\" alt=\"\" width=\"640\" height=\"433\" srcset=\"http:\/\/www.susannavaris.com\/blogg\/wp-content\/uploads\/2012\/02\/IMG_00471-1024x693.jpg 1024w, http:\/\/www.susannavaris.com\/blogg\/wp-content\/uploads\/2012\/02\/IMG_00471-300x203.jpg 300w, http:\/\/www.susannavaris.com\/blogg\/wp-content\/uploads\/2012\/02\/IMG_00471.jpg 1736w\" sizes=\"auto, (max-width: 640px) 100vw, 640px\" \/><\/a>\u00a0<em>En annan englandsresa.<\/em><\/p>\n<p style=\"text-align: center;\"><a href=\"http:\/\/www.susannavaris.com\/blogg\/wp-content\/uploads\/2012\/02\/IMG_0065.jpg\"><img loading=\"lazy\" decoding=\"async\" class=\"aligncenter size-large wp-image-4298\" title=\"IMG_0065\" src=\"http:\/\/www.susannavaris.com\/blogg\/wp-content\/uploads\/2012\/02\/IMG_0065-1024x682.jpg\" alt=\"\" width=\"640\" height=\"426\" srcset=\"http:\/\/www.susannavaris.com\/blogg\/wp-content\/uploads\/2012\/02\/IMG_0065-1024x682.jpg 1024w, http:\/\/www.susannavaris.com\/blogg\/wp-content\/uploads\/2012\/02\/IMG_0065-300x200.jpg 300w, http:\/\/www.susannavaris.com\/blogg\/wp-content\/uploads\/2012\/02\/IMG_0065.jpg 1764w\" sizes=\"auto, (max-width: 640px) 100vw, 640px\" \/><\/a>\u00a0<em>Camden Lock<\/em><\/p>\n<p style=\"text-align: center;\"><a href=\"http:\/\/www.susannavaris.com\/blogg\/wp-content\/uploads\/2012\/02\/IMG_0046.jpg\"><img loading=\"lazy\" decoding=\"async\" class=\"aligncenter size-large wp-image-4299\" title=\"IMG_0046\" src=\"http:\/\/www.susannavaris.com\/blogg\/wp-content\/uploads\/2012\/02\/IMG_0046-686x1024.jpg\" alt=\"\" width=\"640\" height=\"955\" srcset=\"http:\/\/www.susannavaris.com\/blogg\/wp-content\/uploads\/2012\/02\/IMG_0046-686x1024.jpg 686w, http:\/\/www.susannavaris.com\/blogg\/wp-content\/uploads\/2012\/02\/IMG_0046-201x300.jpg 201w, http:\/\/www.susannavaris.com\/blogg\/wp-content\/uploads\/2012\/02\/IMG_0046.jpg 1180w\" sizes=\"auto, (max-width: 640px) 100vw, 640px\" \/><\/a>\u00a0<em>Eijas h\u00f6k\u00f6ga spanar p\u00e5 fynd. H\u00e4r k\u00f6pte vi bootsen. Numera har Eijas passion f\u00f6r kl\u00e4der inf\u00f6rlivats i passionen f\u00f6r inredning&#8230;<\/em><\/p>\n<p style=\"text-align: center;\"><a href=\"http:\/\/www.susannavaris.com\/blogg\/wp-content\/uploads\/2012\/02\/IMG_0021.jpg\"><img loading=\"lazy\" decoding=\"async\" class=\"aligncenter size-large wp-image-4300\" title=\"IMG_0021\" src=\"http:\/\/www.susannavaris.com\/blogg\/wp-content\/uploads\/2012\/02\/IMG_0021-1024x683.jpg\" alt=\"\" width=\"640\" height=\"426\" srcset=\"http:\/\/www.susannavaris.com\/blogg\/wp-content\/uploads\/2012\/02\/IMG_0021-1024x683.jpg 1024w, http:\/\/www.susannavaris.com\/blogg\/wp-content\/uploads\/2012\/02\/IMG_0021-300x200.jpg 300w, http:\/\/www.susannavaris.com\/blogg\/wp-content\/uploads\/2012\/02\/IMG_0021.jpg 1768w\" sizes=\"auto, (max-width: 640px) 100vw, 640px\" \/><\/a>\u00a0<em>Sedan k\u00f6pte Eija ett hus i Stj\u00e4rnhov&#8230;<\/em><\/p>\n<p style=\"text-align: center;\"><a href=\"http:\/\/www.susannavaris.com\/blogg\/wp-content\/uploads\/2012\/02\/IMG_0020.jpg\"><img loading=\"lazy\" decoding=\"async\" class=\"aligncenter size-large wp-image-4301\" title=\"IMG_0020\" src=\"http:\/\/www.susannavaris.com\/blogg\/wp-content\/uploads\/2012\/02\/IMG_0020-694x1024.jpg\" alt=\"\" width=\"640\" height=\"944\" srcset=\"http:\/\/www.susannavaris.com\/blogg\/wp-content\/uploads\/2012\/02\/IMG_0020-694x1024.jpg 694w, http:\/\/www.susannavaris.com\/blogg\/wp-content\/uploads\/2012\/02\/IMG_0020-203x300.jpg 203w, http:\/\/www.susannavaris.com\/blogg\/wp-content\/uploads\/2012\/02\/IMG_0020.jpg 1196w\" sizes=\"auto, (max-width: 640px) 100vw, 640px\" \/><\/a>\u00a0<em>&#8230;och det stora renoverings-, byggnadsv\u00e5rds- och inredningsintresset tog vid!\u00a0<\/em><\/p>\n<p style=\"text-align: center;\">F\u00f6rresten s\u00e5g huset i Stj\u00e4rnhov ut s\u00e5 h\u00e4r n\u00e4r Eija och Mika var klara med det och flyttade till Sollefte\u00e5:<\/p>\n<p style=\"text-align: center;\"><a href=\"http:\/\/www.susannavaris.com\/blogg\/wp-content\/uploads\/2012\/02\/k\u00e4xlev\u00e4gen-4.jpg\"><img loading=\"lazy\" decoding=\"async\" class=\"aligncenter size-full wp-image-4302\" title=\"k\u00e4xlev\u00e4gen 4\" src=\"http:\/\/www.susannavaris.com\/blogg\/wp-content\/uploads\/2012\/02\/k\u00e4xlev\u00e4gen-4.jpg\" alt=\"\" width=\"500\" height=\"331\" srcset=\"http:\/\/www.susannavaris.com\/blogg\/wp-content\/uploads\/2012\/02\/k\u00e4xlev\u00e4gen-4.jpg 500w, http:\/\/www.susannavaris.com\/blogg\/wp-content\/uploads\/2012\/02\/k\u00e4xlev\u00e4gen-4-300x198.jpg 300w\" sizes=\"auto, (max-width: 500px) 100vw, 500px\" \/><\/a><em>\u00a0Foto fr\u00e5n Norrfrid.blogg<\/em><\/p>\n<p style=\"text-align: center;\">\n","protected":false},"excerpt":{"rendered":"<p>Jag lovade tidigare en liten nostalgitripp p\u00e5 tema Eijas och mina \u00e4ventyr i ungdomen, s\u00e5 h\u00e5ll till godo! \u00a080-tal, Pub Shakespeare i S\u00f6dert\u00e4lje. Vi bodde p\u00e5 den puben p\u00e5 helgerna och \u00e4ven i veckorna, det blev ett stamst\u00e4lle dit alla &hellip; <a href=\"http:\/\/www.susannavaris.com\/blogg\/2012\/02\/vara-aventyr\/\">Forts\u00e4tt l\u00e4sa <span class=\"meta-nav\">&rarr;<\/span><\/a><\/p>\n","protected":false},"author":1,"featured_media":0,"comment_status":"open","ping_status":"open","sticky":false,"template":"","format":"standard","meta":{"footnotes":""},"categories":[1200,213,994,1],"tags":[1311,849,1306,4896,1312,1313,1308,1177,850,1309,1310,1305,1307],"class_list":["post-4282","post","type-post","status-publish","format-standard","hentry","category-fran-arkiven","category-inredning","category-musik","category-okategoriserade","tag-ahvenlampi-rock","tag-eija","tag-england","tag-finland","tag-hultsfred","tag-hultsfredsfestivalen","tag-marocco","tag-norrfrid","tag-norrfrids-eija","tag-portugal","tag-sagres","tag-stjarnhov","tag-storbritannien"],"_links":{"self":[{"href":"http:\/\/www.susannavaris.com\/blogg\/wp-json\/wp\/v2\/posts\/4282","targetHints":{"allow":["GET"]}}],"collection":[{"href":"http:\/\/www.susannavaris.com\/blogg\/wp-json\/wp\/v2\/posts"}],"about":[{"href":"http:\/\/www.susannavaris.com\/blogg\/wp-json\/wp\/v2\/types\/post"}],"author":[{"embeddable":true,"href":"http:\/\/www.susannavaris.com\/blogg\/wp-json\/wp\/v2\/users\/1"}],"replies":[{"embeddable":true,"href":"http:\/\/www.susannavaris.com\/blogg\/wp-json\/wp\/v2\/comments?post=4282"}],"version-history":[{"count":3,"href":"http:\/\/www.susannavaris.com\/blogg\/wp-json\/wp\/v2\/posts\/4282\/revisions"}],"predecessor-version":[{"id":4317,"href":"http:\/\/www.susannavaris.com\/blogg\/wp-json\/wp\/v2\/posts\/4282\/revisions\/4317"}],"wp:attachment":[{"href":"http:\/\/www.susannavaris.com\/blogg\/wp-json\/wp\/v2\/media?parent=4282"}],"wp:term":[{"taxonomy":"category","embeddable":true,"href":"http:\/\/www.susannavaris.com\/blogg\/wp-json\/wp\/v2\/categories?post=4282"},{"taxonomy":"post_tag","embeddable":true,"href":"http:\/\/www.susannavaris.com\/blogg\/wp-json\/wp\/v2\/tags?post=4282"}],"curies":[{"name":"wp","href":"https:\/\/api.w.org\/{rel}","templated":true}]}}