{"id":4326,"date":"2012-02-12T23:26:23","date_gmt":"2012-02-12T22:26:23","guid":{"rendered":"http:\/\/www.susannavaris.com\/blogg\/?p=4326"},"modified":"2012-02-12T23:26:23","modified_gmt":"2012-02-12T22:26:23","slug":"konst-i-kungstradgarden-2012","status":"publish","type":"post","link":"http:\/\/www.susannavaris.com\/blogg\/2012\/02\/konst-i-kungstradgarden-2012\/","title":{"rendered":"Konst i Kungstr\u00e4dg\u00e5rden 2012"},"content":{"rendered":"<p style=\"text-align: center;\"><a href=\"http:\/\/www.susannavaris.com\/blogg\/wp-content\/uploads\/2012\/02\/Kungstr\u00e4dg\u00e5rden-10-11-sep.-11-012-25.jpg\"><img loading=\"lazy\" decoding=\"async\" class=\"aligncenter size-full wp-image-4329\" title=\"Kungstr\u00e4dg\u00e5rden-10-11-sep.-11-012-25\" src=\"http:\/\/www.susannavaris.com\/blogg\/wp-content\/uploads\/2012\/02\/Kungstr\u00e4dg\u00e5rden-10-11-sep.-11-012-25.jpg\" alt=\"\" width=\"612\" height=\"816\" srcset=\"http:\/\/www.susannavaris.com\/blogg\/wp-content\/uploads\/2012\/02\/Kungstr\u00e4dg\u00e5rden-10-11-sep.-11-012-25.jpg 612w, http:\/\/www.susannavaris.com\/blogg\/wp-content\/uploads\/2012\/02\/Kungstr\u00e4dg\u00e5rden-10-11-sep.-11-012-25-225x300.jpg 225w\" sizes=\"auto, (max-width: 612px) 100vw, 612px\" \/><\/a>\u00a0<em>Fr\u00e5n Konst i Kungstr\u00e4dg\u00e5rden 2011. Foto: Nils Mohlin<\/em><\/p>\n<p>Jag fick precis besked om att jag har blivit antagen till att st\u00e4lla ut p\u00e5 Konst i Kungstr\u00e4dg\u00e5rden 28. &#8211; 29. april 2012! Det ska bli s\u00e5\u00e5 kul!<\/p>\n<p>Konst i Kungstr\u00e4dg\u00e5rden har skapats av eldsj\u00e4len och konstn\u00e4ren Nils Mohlin och \u00e4r en avgiftsfri promenadutst\u00e4llning utomhus i Kungstr\u00e4dg\u00e5rden. Flera nya konstn\u00e4rsv\u00e4nner kommer ocks\u00e5 att st\u00e4lla ut och det ska bli j\u00e4tteroligt. Jag s\u00e4tter ig\u00e5ng och hoppas p\u00e5 bra v\u00e4der redan nu.<\/p>\n<p><a href=\"http:\/\/nilsmohlin.se\/wordpress\/\">http:\/\/nilsmohlin.se\/wordpress\/<\/a><\/p>\n","protected":false},"excerpt":{"rendered":"<p>\u00a0Fr\u00e5n Konst i Kungstr\u00e4dg\u00e5rden 2011. Foto: Nils Mohlin Jag fick precis besked om att jag har blivit antagen till att st\u00e4lla ut p\u00e5 Konst i Kungstr\u00e4dg\u00e5rden 28. &#8211; 29. april 2012! Det ska bli s\u00e5\u00e5 kul! Konst i Kungstr\u00e4dg\u00e5rden har &hellip; <a href=\"http:\/\/www.susannavaris.com\/blogg\/2012\/02\/konst-i-kungstradgarden-2012\/\">Forts\u00e4tt l\u00e4sa <span class=\"meta-nav\">&rarr;<\/span><\/a><\/p>\n","protected":false},"author":1,"featured_media":0,"comment_status":"open","ping_status":"open","sticky":false,"template":"","format":"standard","meta":{"footnotes":""},"categories":[3,1323,1162,1,4],"tags":[418,1147,17,1325,1324,122],"class_list":["post-4326","post","type-post","status-publish","format-standard","hentry","category-konst","category-konst-i-kungstradgarden","category-kultur","category-okategoriserade","category-utstallning","tag-art","tag-exhibition","tag-konst-2","tag-konst-i-kungstradgarden-2","tag-nils-mohlin","tag-utstallning-2"],"_links":{"self":[{"href":"http:\/\/www.susannavaris.com\/blogg\/wp-json\/wp\/v2\/posts\/4326","targetHints":{"allow":["GET"]}}],"collection":[{"href":"http:\/\/www.susannavaris.com\/blogg\/wp-json\/wp\/v2\/posts"}],"about":[{"href":"http:\/\/www.susannavaris.com\/blogg\/wp-json\/wp\/v2\/types\/post"}],"author":[{"embeddable":true,"href":"http:\/\/www.susannavaris.com\/blogg\/wp-json\/wp\/v2\/users\/1"}],"replies":[{"embeddable":true,"href":"http:\/\/www.susannavaris.com\/blogg\/wp-json\/wp\/v2\/comments?post=4326"}],"version-history":[{"count":2,"href":"http:\/\/www.susannavaris.com\/blogg\/wp-json\/wp\/v2\/posts\/4326\/revisions"}],"predecessor-version":[{"id":4331,"href":"http:\/\/www.susannavaris.com\/blogg\/wp-json\/wp\/v2\/posts\/4326\/revisions\/4331"}],"wp:attachment":[{"href":"http:\/\/www.susannavaris.com\/blogg\/wp-json\/wp\/v2\/media?parent=4326"}],"wp:term":[{"taxonomy":"category","embeddable":true,"href":"http:\/\/www.susannavaris.com\/blogg\/wp-json\/wp\/v2\/categories?post=4326"},{"taxonomy":"post_tag","embeddable":true,"href":"http:\/\/www.susannavaris.com\/blogg\/wp-json\/wp\/v2\/tags?post=4326"}],"curies":[{"name":"wp","href":"https:\/\/api.w.org\/{rel}","templated":true}]}}