{"id":4333,"date":"2012-02-13T09:52:52","date_gmt":"2012-02-13T08:52:52","guid":{"rendered":"http:\/\/www.susannavaris.com\/blogg\/?p=4333"},"modified":"2012-02-13T09:52:52","modified_gmt":"2012-02-13T08:52:52","slug":"fantastiska-fororten","status":"publish","type":"post","link":"http:\/\/www.susannavaris.com\/blogg\/2012\/02\/fantastiska-fororten\/","title":{"rendered":"Fantastiska f\u00f6rorten"},"content":{"rendered":"<p style=\"text-align: center;\"><a href=\"http:\/\/www.susannavaris.com\/blogg\/wp-content\/uploads\/2012\/02\/DSC_0669-50.jpg\"><img loading=\"lazy\" decoding=\"async\" class=\"aligncenter size-large wp-image-4334\" title=\"DSC_0669-50\" src=\"http:\/\/www.susannavaris.com\/blogg\/wp-content\/uploads\/2012\/02\/DSC_0669-50-1024x682.jpg\" alt=\"\" width=\"640\" height=\"426\" srcset=\"http:\/\/www.susannavaris.com\/blogg\/wp-content\/uploads\/2012\/02\/DSC_0669-50-1024x682.jpg 1024w, http:\/\/www.susannavaris.com\/blogg\/wp-content\/uploads\/2012\/02\/DSC_0669-50-300x200.jpg 300w\" sizes=\"auto, (max-width: 640px) 100vw, 640px\" \/><\/a>\u00a0<em>Utsikt fr\u00e5n betongen<\/em><\/p>\n<p>P\u00e5 tv-nyheterna finns en stackars familj i tr\u00e5ngboddhetens Stockholm som har byggt om sin l\u00e4genhet p\u00e5 44 kvadratmeter till en fyrarummare. T\u00e4nk att man ska beh\u00f6va ha det p\u00e5 det viset&#8230;tr\u00e5ngboddheten skapar ju allehanda problem med sociala slitningar och st\u00f6rre spridning av sjukdomar. (Obs! Satir&#8230;men det \u00e4r ungef\u00e4r i dessa termer omr\u00e5den som mitt brukar beskrivas i media)<\/p>\n<p>Jag \u00e4r s\u00e5 glad att jag har m\u00f6jlighet att breda ut mig p\u00e5 84 h\u00e4rliga kvadrat i betongen, med ren luft och n\u00e4rhet till naturen! P\u00e5 riktigt. Jag trivs helt utm\u00e4rkt i betongen, vilket tycks vara sv\u00e5rt f\u00f6r vissa m\u00e4nniskor att begripa. Vad jag inte begriper \u00e4r varf\u00f6r man hellre bor i en l\u00e4genhet av garderobsstorlek bara f\u00f6r att kunna s\u00e4ga att man bor innanf\u00f6r tullarna? Status, kosta vad det kosta vill.<\/p>\n<p>Jag tror att jag ska \u00e5terkomma med ett &#8221;hemma hos mig i betongen&#8221;-reportage s\u00e5 sm\u00e5ningom&#8230;<\/p>\n","protected":false},"excerpt":{"rendered":"<p>\u00a0Utsikt fr\u00e5n betongen P\u00e5 tv-nyheterna finns en stackars familj i tr\u00e5ngboddhetens Stockholm som har byggt om sin l\u00e4genhet p\u00e5 44 kvadratmeter till en fyrarummare. T\u00e4nk att man ska beh\u00f6va ha det p\u00e5 det viset&#8230;tr\u00e5ngboddheten skapar ju allehanda problem med sociala &hellip; <a href=\"http:\/\/www.susannavaris.com\/blogg\/2012\/02\/fantastiska-fororten\/\">Forts\u00e4tt l\u00e4sa <span class=\"meta-nav\">&rarr;<\/span><\/a><\/p>\n","protected":false},"author":1,"featured_media":0,"comment_status":"open","ping_status":"open","sticky":false,"template":"","format":"standard","meta":{"footnotes":""},"categories":[1,1060],"tags":[1326,176,1327,1329,1328],"class_list":["post-4333","post","type-post","status-publish","format-standard","hentry","category-okategoriserade","category-samhallsplanering","tag-betongen","tag-forort","tag-innerstad","tag-levnadsstandard","tag-trangboddhet"],"_links":{"self":[{"href":"http:\/\/www.susannavaris.com\/blogg\/wp-json\/wp\/v2\/posts\/4333","targetHints":{"allow":["GET"]}}],"collection":[{"href":"http:\/\/www.susannavaris.com\/blogg\/wp-json\/wp\/v2\/posts"}],"about":[{"href":"http:\/\/www.susannavaris.com\/blogg\/wp-json\/wp\/v2\/types\/post"}],"author":[{"embeddable":true,"href":"http:\/\/www.susannavaris.com\/blogg\/wp-json\/wp\/v2\/users\/1"}],"replies":[{"embeddable":true,"href":"http:\/\/www.susannavaris.com\/blogg\/wp-json\/wp\/v2\/comments?post=4333"}],"version-history":[{"count":4,"href":"http:\/\/www.susannavaris.com\/blogg\/wp-json\/wp\/v2\/posts\/4333\/revisions"}],"predecessor-version":[{"id":4338,"href":"http:\/\/www.susannavaris.com\/blogg\/wp-json\/wp\/v2\/posts\/4333\/revisions\/4338"}],"wp:attachment":[{"href":"http:\/\/www.susannavaris.com\/blogg\/wp-json\/wp\/v2\/media?parent=4333"}],"wp:term":[{"taxonomy":"category","embeddable":true,"href":"http:\/\/www.susannavaris.com\/blogg\/wp-json\/wp\/v2\/categories?post=4333"},{"taxonomy":"post_tag","embeddable":true,"href":"http:\/\/www.susannavaris.com\/blogg\/wp-json\/wp\/v2\/tags?post=4333"}],"curies":[{"name":"wp","href":"https:\/\/api.w.org\/{rel}","templated":true}]}}