{"id":4339,"date":"2012-02-14T11:43:26","date_gmt":"2012-02-14T10:43:26","guid":{"rendered":"http:\/\/www.susannavaris.com\/blogg\/?p=4339"},"modified":"2012-02-14T11:53:51","modified_gmt":"2012-02-14T10:53:51","slug":"finska-man-oftare-utsatta-for-grov-relationsvald-an-finska-kvinnor","status":"publish","type":"post","link":"http:\/\/www.susannavaris.com\/blogg\/2012\/02\/finska-man-oftare-utsatta-for-grov-relationsvald-an-finska-kvinnor\/","title":{"rendered":"Finska m\u00e4n oftare utsatta f\u00f6r grov relationsv\u00e5ld \u00e4n finska kvinnor"},"content":{"rendered":"<p><a href=\"http:\/\/www.susannavaris.com\/blogg\/wp-content\/uploads\/2012\/02\/images.jpg\"><img loading=\"lazy\" decoding=\"async\" class=\"aligncenter size-full wp-image-4340\" title=\"images\" src=\"http:\/\/www.susannavaris.com\/blogg\/wp-content\/uploads\/2012\/02\/images.jpg\" alt=\"\" width=\"248\" height=\"188\" \/><\/a><\/p>\n<p>Med tanke p\u00e5 att j\u00e4mst\u00e4lldhetsarbetet i fr\u00e5ga om relationsv\u00e5ld oftast riktar sig mot kvinnor och \u00e4ven allt som oftast kallas f\u00f6r &#8221;kvinnov\u00e5ld&#8221;, \u00e4r det intressant att ta del av den nya statistiken i Finland. Fortfarande \u00e4r kvinnor \u00f6verrepresenterade som offer f\u00f6r d\u00f6dligt relationsv\u00e5ld samt icke-grovt relationsv\u00e5ld, men i kategorin grovt relationsv\u00e5ld \u00e4r numera m\u00e4nnen \u00f6verrepresenterade som offer. F\u00f6rdelningen f\u00f6r 2008 ger vid handen en f\u00f6rdelning p\u00e5 116 manliga offer mot 111 kvinnliga. I fr\u00e5ga om barnmisshandel \u00e4r b\u00e5da k\u00f6nen j\u00e4mt representerade som ut\u00f6vare.<\/p>\n<p>Kvinnor \u00e4r allts\u00e5 fortfarande den mer drabbade kategorin, men att \u00e4ven m\u00e4nnen \u00e4r utsatta i s\u00e5 h\u00e4r h\u00f6g utstr\u00e4ckning borde leda till mer eftertanke n\u00e4r resurser till kvinno- och mansjourer (i den m\u00e5n de alls finns eller har en inriktning mot m\u00e4n som offer och inte som ut\u00f6vare) f\u00f6rdelas. Dessutom finns det ett stort m\u00f6rkertal och det \u00e4r inte orimligt att anta att det m\u00f6rkertalet \u00e4r st\u00f6rre f\u00f6r kategorin drabbade m\u00e4n.<\/p>\n<p>Jag antar att j\u00e4mst\u00e4lldhetsarbetet, som i h\u00f6g grad formas efter bl a genusvetenskaplig expertis, lider av en brist p\u00e5 helhetssyn. Genusvetenskapen bygger p\u00e5 den feministiska ideologin och har som utg\u00e5ngspunkt den kvinnliga underordningen. V\u00e4rldsbilden och forskningsresultaten formas efter denna grundf\u00f6ruts\u00e4ttning. I den m\u00e5n det \u00f6ver huvudtaget inkulderas m\u00e4n i den sk mansforskningen inom genusvetenskapen, \u00e4r det i regel med utg\u00e5ngspunkt i en problematiserad manlighet.<\/p>\n<p>Varf\u00f6r ska en s\u00e5 tydligt obalanserad forskning\/ideologi ha i det n\u00e4rmaste monopol p\u00e5 begreppet j\u00e4mst\u00e4lldhet?<\/p>\n<p>M\u00e4n lever inte lika l\u00e4nge som kvinnor, m\u00e4n \u00e4r \u00f6verrepresenterade bland de utslagna, m\u00e4n \u00e4r tydligt \u00f6verrepresenterade i statistiken \u00f6ver arbetsplatsolyckor (inkl s\u00e5dana med d\u00f6dlig utg\u00e5ng), m\u00e4n \u00e4r \u00f6verrepresenterade i sj\u00e4lvmordsstatistiken, m\u00e4n \u00e4r diskriminierade vid skilsm\u00e4ssor och v\u00e5rdnadstvister, m\u00e4n \u00e4r i mycket h\u00f6gre utstr\u00e4ckning utsatta f\u00f6r v\u00e5ld, pojkar uppvisar genomg\u00e5ende s\u00e4mre skolresultat etc etc.<\/p>\n<p>Alla dessa omst\u00e4ndigheter talar mot det feministiska mantrat &#8221;kvinnor som kollektiv \u00e4r underordnade m\u00e4n som kollektiv&#8221;.<\/p>\n<p>Finska YLE (Yleisradio) motsv. SVT\/SR:<\/p>\n<p><a href=\"http:\/\/yle.fi\/uutiset\/kotimaa\/2010\/01\/torkea_perhevakivalta_kohdistuu_miehiin_naisia_useammin_1352897.html\">http:\/\/yle.fi\/uutiset\/kotimaa\/2010\/01\/torkea_perhevakivalta_kohdistuu_miehiin_naisia_useammin_1352897.html<\/a><\/p>\n<p>YLE Solarplexus p\u00e5 svenska:<\/p>\n<p><a href=\"http:\/\/yle.fi\/vintti\/yle.fi\/solarplexus\/arkivef86.html?avsnitt=Varf%F6r%20tar%20vi%20till%20v%E5ld?\">http:\/\/yle.fi\/vintti\/yle.fi\/solarplexus\/arkivef86.html?avsnitt=Varf%F6r%20tar%20vi%20till%20v%E5ld?<\/a><\/p>\n<p>&nbsp;<\/p>\n","protected":false},"excerpt":{"rendered":"<p>Med tanke p\u00e5 att j\u00e4mst\u00e4lldhetsarbetet i fr\u00e5ga om relationsv\u00e5ld oftast riktar sig mot kvinnor och \u00e4ven allt som oftast kallas f\u00f6r &#8221;kvinnov\u00e5ld&#8221;, \u00e4r det intressant att ta del av den nya statistiken i Finland. Fortfarande \u00e4r kvinnor \u00f6verrepresenterade som offer &hellip; <a href=\"http:\/\/www.susannavaris.com\/blogg\/2012\/02\/finska-man-oftare-utsatta-for-grov-relationsvald-an-finska-kvinnor\/\">Forts\u00e4tt l\u00e4sa <span class=\"meta-nav\">&rarr;<\/span><\/a><\/p>\n","protected":false},"author":1,"featured_media":0,"comment_status":"open","ping_status":"open","sticky":false,"template":"","format":"standard","meta":{"footnotes":""},"categories":[181,259,589,590],"tags":[4900,4896,4903,1127,1331,1128,1330],"class_list":["post-4339","post","type-post","status-publish","format-standard","hentry","category-feminism","category-genusvetenskap","category-medier","category-politik","tag-feminism","tag-finland","tag-genusvetenskap","tag-kvinnomisshandel","tag-kvinnors-vald","tag-relationsvald","tag-yle"],"_links":{"self":[{"href":"http:\/\/www.susannavaris.com\/blogg\/wp-json\/wp\/v2\/posts\/4339","targetHints":{"allow":["GET"]}}],"collection":[{"href":"http:\/\/www.susannavaris.com\/blogg\/wp-json\/wp\/v2\/posts"}],"about":[{"href":"http:\/\/www.susannavaris.com\/blogg\/wp-json\/wp\/v2\/types\/post"}],"author":[{"embeddable":true,"href":"http:\/\/www.susannavaris.com\/blogg\/wp-json\/wp\/v2\/users\/1"}],"replies":[{"embeddable":true,"href":"http:\/\/www.susannavaris.com\/blogg\/wp-json\/wp\/v2\/comments?post=4339"}],"version-history":[{"count":3,"href":"http:\/\/www.susannavaris.com\/blogg\/wp-json\/wp\/v2\/posts\/4339\/revisions"}],"predecessor-version":[{"id":4343,"href":"http:\/\/www.susannavaris.com\/blogg\/wp-json\/wp\/v2\/posts\/4339\/revisions\/4343"}],"wp:attachment":[{"href":"http:\/\/www.susannavaris.com\/blogg\/wp-json\/wp\/v2\/media?parent=4339"}],"wp:term":[{"taxonomy":"category","embeddable":true,"href":"http:\/\/www.susannavaris.com\/blogg\/wp-json\/wp\/v2\/categories?post=4339"},{"taxonomy":"post_tag","embeddable":true,"href":"http:\/\/www.susannavaris.com\/blogg\/wp-json\/wp\/v2\/tags?post=4339"}],"curies":[{"name":"wp","href":"https:\/\/api.w.org\/{rel}","templated":true}]}}