{"id":436,"date":"2011-05-20T21:15:27","date_gmt":"2011-05-20T19:15:27","guid":{"rendered":"http:\/\/www.susannavaris.com\/blogg\/?p=436"},"modified":"2023-02-13T16:21:06","modified_gmt":"2023-02-13T15:21:06","slug":"elisabeth-ohlson-wallin","status":"publish","type":"post","link":"http:\/\/www.susannavaris.com\/blogg\/2011\/05\/elisabeth-ohlson-wallin\/","title":{"rendered":"Elisabeth Ohlson Wallin"},"content":{"rendered":"<div class=\"wp-block-image\">\n<figure class=\"aligncenter size-large\"><img loading=\"lazy\" decoding=\"async\" width=\"1024\" height=\"762\" src=\"http:\/\/www.susannavaris.com\/blogg\/wp-content\/uploads\/2023\/02\/000-Elisabeth_Ohlson_Wallin-jan-ainali-1024x762.jpg\" alt=\"\" class=\"wp-image-17668\" title=\"eow08\" srcset=\"http:\/\/www.susannavaris.com\/blogg\/wp-content\/uploads\/2023\/02\/000-Elisabeth_Ohlson_Wallin-jan-ainali-1024x762.jpg 1024w, http:\/\/www.susannavaris.com\/blogg\/wp-content\/uploads\/2023\/02\/000-Elisabeth_Ohlson_Wallin-jan-ainali-300x223.jpg 300w, http:\/\/www.susannavaris.com\/blogg\/wp-content\/uploads\/2023\/02\/000-Elisabeth_Ohlson_Wallin-jan-ainali-768x572.jpg 768w, http:\/\/www.susannavaris.com\/blogg\/wp-content\/uploads\/2023\/02\/000-Elisabeth_Ohlson_Wallin-jan-ainali-1536x1143.jpg 1536w, http:\/\/www.susannavaris.com\/blogg\/wp-content\/uploads\/2023\/02\/000-Elisabeth_Ohlson_Wallin-jan-ainali.jpg 1920w\" sizes=\"auto, (max-width: 1024px) 100vw, 1024px\" \/><figcaption class=\"wp-element-caption\">Elisabeth Ohlson Wallin. Foto: Wikipedia\/Jan Ainali\/ <a rel=\"noreferrer noopener\" href=\"https:\/\/creativecommons.org\/licenses\/by-sa\/3.0\" target=\"_blank\">CC BY-SA 3.0<\/a><\/figcaption><\/figure>\n<\/div>\n\n\n<p class=\"has-text-align-center\">Aprop\u00e5 la Chapelle h\u00e4romdagen&#8230;Elisabeth Ohlson Wallin \u00e4r lite lite samma andas barn med tanke p\u00e5 storslagna scenerier som h\u00e4mtade ur barockm\u00e5lningar. Men d\u00e4r la Chapelle \u00e4r gr\u00e4ll och popkulturell, \u00e4r Ohlson Wallin m\u00f6rk och allvarsam. Jag beundrar hennes or\u00e4ddhet, s\u00e4rskilt i dessa tider d\u00e5 konstn\u00e4rer blir utsatta f\u00f6r allehanda hot och attacker av ofta religi\u00f6st l\u00e4ttkr\u00e4nkta individer. N\u00e4r n\u00e5got blir s\u00e5 &#8221;heligt&#8221; att det inte g\u00e5r att driva med eller debattera, eller ibland inte ens avbilda, d\u00e5 blir det farligt.<\/p>\n\n\n\n<p class=\"has-text-align-center\">H\u00e4r n\u00e5gra exempel p\u00e5 Elisabeth Ohlson Wallins fantastiska verk, fr\u00e5n bl a serierna &#8221;In Hate We Trust&#8221;, &#8221;Ecce Homo&#8221; och &#8221;Tjackhora&#8221;:<\/p>\n\n\n<div class=\"wp-block-image\">\n<figure class=\"aligncenter size-large\"><img loading=\"lazy\" decoding=\"async\" width=\"1024\" height=\"1024\" src=\"http:\/\/www.susannavaris.com\/blogg\/wp-content\/uploads\/2023\/02\/Bild-borttagen-2-1024x1024.jpg\" alt=\"\" class=\"wp-image-17623\" srcset=\"http:\/\/www.susannavaris.com\/blogg\/wp-content\/uploads\/2023\/02\/Bild-borttagen-2-1024x1024.jpg 1024w, http:\/\/www.susannavaris.com\/blogg\/wp-content\/uploads\/2023\/02\/Bild-borttagen-2-300x300.jpg 300w, http:\/\/www.susannavaris.com\/blogg\/wp-content\/uploads\/2023\/02\/Bild-borttagen-2-150x150.jpg 150w, http:\/\/www.susannavaris.com\/blogg\/wp-content\/uploads\/2023\/02\/Bild-borttagen-2-768x768.jpg 768w, http:\/\/www.susannavaris.com\/blogg\/wp-content\/uploads\/2023\/02\/Bild-borttagen-2-1536x1536.jpg 1536w, http:\/\/www.susannavaris.com\/blogg\/wp-content\/uploads\/2023\/02\/Bild-borttagen-2-2048x2048.jpg 2048w\" sizes=\"auto, (max-width: 1024px) 100vw, 1024px\" \/><\/figure>\n<\/div>\n\n<div class=\"wp-block-image\">\n<figure class=\"aligncenter size-large\"><img loading=\"lazy\" decoding=\"async\" width=\"1024\" height=\"1024\" src=\"http:\/\/www.susannavaris.com\/blogg\/wp-content\/uploads\/2023\/02\/Bild-borttagen-1024x1024.jpg\" alt=\"\" class=\"wp-image-17619\" title=\"Picture 858\" srcset=\"http:\/\/www.susannavaris.com\/blogg\/wp-content\/uploads\/2023\/02\/Bild-borttagen-1024x1024.jpg 1024w, http:\/\/www.susannavaris.com\/blogg\/wp-content\/uploads\/2023\/02\/Bild-borttagen-300x300.jpg 300w, http:\/\/www.susannavaris.com\/blogg\/wp-content\/uploads\/2023\/02\/Bild-borttagen-150x150.jpg 150w, http:\/\/www.susannavaris.com\/blogg\/wp-content\/uploads\/2023\/02\/Bild-borttagen-768x768.jpg 768w, http:\/\/www.susannavaris.com\/blogg\/wp-content\/uploads\/2023\/02\/Bild-borttagen-1536x1536.jpg 1536w, http:\/\/www.susannavaris.com\/blogg\/wp-content\/uploads\/2023\/02\/Bild-borttagen-2048x2048.jpg 2048w\" sizes=\"auto, (max-width: 1024px) 100vw, 1024px\" \/><\/figure>\n<\/div>\n\n<div class=\"wp-block-image\">\n<figure class=\"aligncenter size-large\"><img loading=\"lazy\" decoding=\"async\" width=\"1024\" height=\"1024\" src=\"http:\/\/www.susannavaris.com\/blogg\/wp-content\/uploads\/2023\/02\/Bild-borttagen-1024x1024.jpg\" alt=\"\" class=\"wp-image-17619\" title=\"eow03\" srcset=\"http:\/\/www.susannavaris.com\/blogg\/wp-content\/uploads\/2023\/02\/Bild-borttagen-1024x1024.jpg 1024w, http:\/\/www.susannavaris.com\/blogg\/wp-content\/uploads\/2023\/02\/Bild-borttagen-300x300.jpg 300w, http:\/\/www.susannavaris.com\/blogg\/wp-content\/uploads\/2023\/02\/Bild-borttagen-150x150.jpg 150w, http:\/\/www.susannavaris.com\/blogg\/wp-content\/uploads\/2023\/02\/Bild-borttagen-768x768.jpg 768w, http:\/\/www.susannavaris.com\/blogg\/wp-content\/uploads\/2023\/02\/Bild-borttagen-1536x1536.jpg 1536w, http:\/\/www.susannavaris.com\/blogg\/wp-content\/uploads\/2023\/02\/Bild-borttagen-2048x2048.jpg 2048w\" sizes=\"auto, (max-width: 1024px) 100vw, 1024px\" \/><\/figure>\n<\/div>\n\n\n<p class=\"has-text-align-center\"><\/p>\n\n\n\n<p class=\"has-text-align-center\">Elisabeth Ohlson Wallin:<\/p>\n\n\n\n<p class=\"has-text-align-center\"><a href=\"http:\/\/www.ohlson.se\/i-2.htm\">http:\/\/www.ohlson.se\/i-2.htm<\/a><\/p>\n","protected":false},"excerpt":{"rendered":"<p>Aprop\u00e5 la Chapelle h\u00e4romdagen&#8230;Elisabeth Ohlson Wallin \u00e4r lite lite samma andas barn med tanke p\u00e5 storslagna scenerier som h\u00e4mtade ur barockm\u00e5lningar. Men d\u00e4r la Chapelle \u00e4r gr\u00e4ll och popkulturell, \u00e4r Ohlson Wallin m\u00f6rk och allvarsam. Jag beundrar hennes or\u00e4ddhet, s\u00e4rskilt &hellip; <a href=\"http:\/\/www.susannavaris.com\/blogg\/2011\/05\/elisabeth-ohlson-wallin\/\">Forts\u00e4tt l\u00e4sa <span class=\"meta-nav\">&rarr;<\/span><\/a><\/p>\n","protected":false},"author":1,"featured_media":447,"comment_status":"open","ping_status":"open","sticky":false,"template":"","format":"standard","meta":{"footnotes":""},"categories":[110,13,3,1],"tags":[139,138],"class_list":["post-436","post","type-post","status-publish","format-standard","has-post-thumbnail","hentry","category-foto","category-inspiration","category-konst","category-okategoriserade","tag-ecce-homo","tag-elisabeth-ohlson-wallin"],"_links":{"self":[{"href":"http:\/\/www.susannavaris.com\/blogg\/wp-json\/wp\/v2\/posts\/436","targetHints":{"allow":["GET"]}}],"collection":[{"href":"http:\/\/www.susannavaris.com\/blogg\/wp-json\/wp\/v2\/posts"}],"about":[{"href":"http:\/\/www.susannavaris.com\/blogg\/wp-json\/wp\/v2\/types\/post"}],"author":[{"embeddable":true,"href":"http:\/\/www.susannavaris.com\/blogg\/wp-json\/wp\/v2\/users\/1"}],"replies":[{"embeddable":true,"href":"http:\/\/www.susannavaris.com\/blogg\/wp-json\/wp\/v2\/comments?post=436"}],"version-history":[{"count":5,"href":"http:\/\/www.susannavaris.com\/blogg\/wp-json\/wp\/v2\/posts\/436\/revisions"}],"predecessor-version":[{"id":17669,"href":"http:\/\/www.susannavaris.com\/blogg\/wp-json\/wp\/v2\/posts\/436\/revisions\/17669"}],"wp:featuredmedia":[{"embeddable":true,"href":"http:\/\/www.susannavaris.com\/blogg\/wp-json\/wp\/v2\/media\/447"}],"wp:attachment":[{"href":"http:\/\/www.susannavaris.com\/blogg\/wp-json\/wp\/v2\/media?parent=436"}],"wp:term":[{"taxonomy":"category","embeddable":true,"href":"http:\/\/www.susannavaris.com\/blogg\/wp-json\/wp\/v2\/categories?post=436"},{"taxonomy":"post_tag","embeddable":true,"href":"http:\/\/www.susannavaris.com\/blogg\/wp-json\/wp\/v2\/tags?post=436"}],"curies":[{"name":"wp","href":"https:\/\/api.w.org\/{rel}","templated":true}]}}