{"id":4397,"date":"2012-02-20T11:06:51","date_gmt":"2012-02-20T10:06:51","guid":{"rendered":"http:\/\/www.susannavaris.com\/blogg\/?p=4397"},"modified":"2012-02-20T11:06:51","modified_gmt":"2012-02-20T10:06:51","slug":"magsjuke-elande","status":"publish","type":"post","link":"http:\/\/www.susannavaris.com\/blogg\/2012\/02\/magsjuke-elande\/","title":{"rendered":"Magsjuke-el\u00e4nde"},"content":{"rendered":"<p>Ikv\u00e4ll var jag bjuden p\u00e5 det h\u00e4r:<\/p>\n<p style=\"text-align: center;\"><a href=\"http:\/\/www.susannavaris.com\/blogg\/wp-content\/uploads\/2012\/02\/50307_248238101918865_331469848_n.jpg\"><img loading=\"lazy\" decoding=\"async\" class=\"aligncenter size-full wp-image-4399\" title=\"50307_248238101918865_331469848_n\" src=\"http:\/\/www.susannavaris.com\/blogg\/wp-content\/uploads\/2012\/02\/50307_248238101918865_331469848_n.jpg\" alt=\"\" width=\"180\" height=\"255\" \/><\/a><em>\u00a0\u00c4ngelen med Cecilia Frode!\u00a0<\/em><\/p>\n<p style=\"text-align: center;\">Men sj\u00e4lvklart har jag nu dragit p\u00e5 mig den h\u00e4r magsjukan och f\u00e5r tillbringa dagen i soffan med v\u00e4tske-ers\u00e4ttning. Skojigt v\u00e4rre. Eller inte alls. Cecilia Frode \u00e4r ju helt underbar, hon var bara b\u00e4st i M\u00e4klarna. Fan ocks\u00e5.<\/p>\n","protected":false},"excerpt":{"rendered":"<p>Ikv\u00e4ll var jag bjuden p\u00e5 det h\u00e4r: \u00a0\u00c4ngelen med Cecilia Frode!\u00a0 Men sj\u00e4lvklart har jag nu dragit p\u00e5 mig den h\u00e4r magsjukan och f\u00e5r tillbringa dagen i soffan med v\u00e4tske-ers\u00e4ttning. Skojigt v\u00e4rre. Eller inte alls. Cecilia Frode \u00e4r ju helt &hellip; <a href=\"http:\/\/www.susannavaris.com\/blogg\/2012\/02\/magsjuke-elande\/\">Forts\u00e4tt l\u00e4sa <span class=\"meta-nav\">&rarr;<\/span><\/a><\/p>\n","protected":false},"author":1,"featured_media":0,"comment_status":"open","ping_status":"open","sticky":false,"template":"","format":"standard","meta":{"footnotes":""},"categories":[555,1],"tags":[1350,1349,1351],"class_list":["post-4397","post","type-post","status-publish","format-standard","hentry","category-events","category-okategoriserade","tag-angelen","tag-cecilia-frode","tag-magsjuka"],"_links":{"self":[{"href":"http:\/\/www.susannavaris.com\/blogg\/wp-json\/wp\/v2\/posts\/4397","targetHints":{"allow":["GET"]}}],"collection":[{"href":"http:\/\/www.susannavaris.com\/blogg\/wp-json\/wp\/v2\/posts"}],"about":[{"href":"http:\/\/www.susannavaris.com\/blogg\/wp-json\/wp\/v2\/types\/post"}],"author":[{"embeddable":true,"href":"http:\/\/www.susannavaris.com\/blogg\/wp-json\/wp\/v2\/users\/1"}],"replies":[{"embeddable":true,"href":"http:\/\/www.susannavaris.com\/blogg\/wp-json\/wp\/v2\/comments?post=4397"}],"version-history":[{"count":2,"href":"http:\/\/www.susannavaris.com\/blogg\/wp-json\/wp\/v2\/posts\/4397\/revisions"}],"predecessor-version":[{"id":4401,"href":"http:\/\/www.susannavaris.com\/blogg\/wp-json\/wp\/v2\/posts\/4397\/revisions\/4401"}],"wp:attachment":[{"href":"http:\/\/www.susannavaris.com\/blogg\/wp-json\/wp\/v2\/media?parent=4397"}],"wp:term":[{"taxonomy":"category","embeddable":true,"href":"http:\/\/www.susannavaris.com\/blogg\/wp-json\/wp\/v2\/categories?post=4397"},{"taxonomy":"post_tag","embeddable":true,"href":"http:\/\/www.susannavaris.com\/blogg\/wp-json\/wp\/v2\/tags?post=4397"}],"curies":[{"name":"wp","href":"https:\/\/api.w.org\/{rel}","templated":true}]}}