{"id":4402,"date":"2012-02-20T18:19:26","date_gmt":"2012-02-20T17:19:26","guid":{"rendered":"http:\/\/www.susannavaris.com\/blogg\/?p=4402"},"modified":"2012-02-20T20:30:56","modified_gmt":"2012-02-20T19:30:56","slug":"dagens-blodtryckshojare-5","status":"publish","type":"post","link":"http:\/\/www.susannavaris.com\/blogg\/2012\/02\/dagens-blodtryckshojare-5\/","title":{"rendered":"Dagens blodtrycksh\u00f6jare&#8230;"},"content":{"rendered":"<p style=\"text-align: center;\"><a href=\"http:\/\/www.susannavaris.com\/blogg\/wp-content\/uploads\/2012\/02\/articleimage-28420-0.jpg\"><img loading=\"lazy\" decoding=\"async\" class=\"aligncenter size-full wp-image-4403\" title=\"articleimage-28420-0\" src=\"http:\/\/www.susannavaris.com\/blogg\/wp-content\/uploads\/2012\/02\/articleimage-28420-0.jpg\" alt=\"\" width=\"616\" height=\"260\" srcset=\"http:\/\/www.susannavaris.com\/blogg\/wp-content\/uploads\/2012\/02\/articleimage-28420-0.jpg 616w, http:\/\/www.susannavaris.com\/blogg\/wp-content\/uploads\/2012\/02\/articleimage-28420-0-300x126.jpg 300w\" sizes=\"auto, (max-width: 616px) 100vw, 616px\" \/><\/a>\u00a0<em>\u00c5sa Linderborg. Foto: Scanpix<\/em><\/p>\n<p>Jaha. Min magsjuka blir knappast b\u00e4ttre av att l\u00e4sa Aftonbladets kultursida (varf\u00f6r jag nu \u00f6ver huvudtaget skulle g\u00e5 in d\u00e4r, jag m\u00e5ste vara n\u00e5gon slags masochist). Fru Linderborg \u00a0skriver i en m\u00e4rklig artikel \u00e5ter om kopplingen mellan Breivik och h\u00f6gern i st\u00f6rsta allm\u00e4nhet och jo, 30-talet kl\u00e4ms in den h\u00e4r g\u00e5ngen ocks\u00e5. Det \u00e4r sorgligt att niv\u00e5n hos en kulturchef p\u00e5 en av landets st\u00f6rsta tidningar \u00e4r s\u00e5 h\u00e4r l\u00e5g.<\/p>\n<p>Linderborg f\u00f6rnekar sig inte i Aftonbladet:<\/p>\n<p><a href=\"http:\/\/www.aftonbladet.se\/kultur\/article14396930.ab\">http:\/\/www.aftonbladet.se\/kultur\/article14396930.ab<\/a><\/p>\n<p>Dessutom \u00e4r det fascinerande att representanter f\u00f6r den kulturella v\u00e4nstern tillm\u00e4ter olika manifest skrivna av psykiskt st\u00f6rda personer s\u00e5 stort v\u00e4rde (SCUM-manifestet \u00e4r ett annat exempel; ett manifest som enligt m\u00e5nga v\u00e4nsterdebatt\u00f6rer \u00e4r mycket viktigt att visa som teaterupps\u00e4ttning f\u00f6r skolungdom). F\u00f6r Linderborg spelar det ingen roll att Breivik \u00e4r psykiskt sjuk:<\/p>\n<p><em>&#8221;Man f\u00f6rst\u00e5r varf\u00f6r borgerligheten k\u00e4mpar f\u00f6r att framst\u00e4lla Brevik som en solit\u00e4r d\u00e5re, men projektet \u00e4r d\u00f6mt att misslyckas d\u00e5 han skrivit ett femtonhundra sidor l\u00e5ngt manifest. Som\u00a0<strong>Magnus<\/strong>\u00a0<strong>Linton<\/strong>\u00a0konstaterar i sin nyutkomna ess\u00e4\u00a0De hatade: \u201dDet sl\u00e5ende med Anders Behring Breiviks manifest \u00e4r inte dess monomana galenskap utan dess mainstreama omv\u00e4rldsanalys.\u201d<\/em><\/p>\n<p><em><strong>Breiviks<\/strong>\u00a0v\u00e4rdsbild vilar p\u00e5 tre ben: antikommunism, antifeminism och islamofobi.&#8221;\u00a0<\/em><\/p>\n<p>Egentligen orkar jag inte ens kommentera det hela. Artikeln forts\u00e4tter med &#8221;anklagelser&#8221; mot regeringen ang\u00e5ende att SD i ett antal fr\u00e5gor har r\u00f6stat som regeringen (det verkar som att de r\u00f6dgr\u00f6na i lika stor utstr\u00e4ckning r\u00f6stat med regeringen, men det passar ju inte in i analysen) och till slut mynnar det ut i 30-talet. Suck.<\/p>\n<p>Hela &#8221;h\u00f6gern&#8221; borde kollektivt ta avst\u00e5nd fr\u00e5n Breiviks manifest och be fru Linderborg om urs\u00e4kt f\u00f6r sin existens. Eller s\u00e5.<\/p>\n<p>Linderborg borde kanske v\u00e4nda blicken in\u00e5t en stund och i s\u00e5 fall studera de l\u00e4nder i v\u00e4rlden d\u00e4r man har fullf\u00f6ljt hennes egna favoritideologi: Nordkorea, Ryssland och Kina t ex.<\/p>\n<p style=\"text-align: center;\"><a href=\"http:\/\/www.susannavaris.com\/blogg\/wp-content\/uploads\/2012\/02\/Tifo-Nordkorea-1.jpeg\"><img loading=\"lazy\" decoding=\"async\" class=\"aligncenter size-full wp-image-4404\" title=\"Tifo Nordkorea (1)\" src=\"http:\/\/www.susannavaris.com\/blogg\/wp-content\/uploads\/2012\/02\/Tifo-Nordkorea-1.jpeg\" alt=\"\" width=\"576\" height=\"434\" srcset=\"http:\/\/www.susannavaris.com\/blogg\/wp-content\/uploads\/2012\/02\/Tifo-Nordkorea-1.jpeg 576w, http:\/\/www.susannavaris.com\/blogg\/wp-content\/uploads\/2012\/02\/Tifo-Nordkorea-1-300x226.jpg 300w\" sizes=\"auto, (max-width: 576px) 100vw, 576px\" \/><\/a><em>\u00a0<em>H\u00e4romm\u00e5naden undrade fru Linderborg i en artikel vilka \u00e5sikter som borde vara till\u00e5tna&#8230;m<\/em>\u00e4nsklig mosaik i det kommunistiska paradiset Nordkorea. En utopi f\u00f6r Linderborg (?) Ov\u00e4lkomna \u00e5sikter elimineras garanterat.\u00a0<\/em><\/p>\n<p>&nbsp;<\/p>\n","protected":false},"excerpt":{"rendered":"<p>\u00a0\u00c5sa Linderborg. Foto: Scanpix Jaha. Min magsjuka blir knappast b\u00e4ttre av att l\u00e4sa Aftonbladets kultursida (varf\u00f6r jag nu \u00f6ver huvudtaget skulle g\u00e5 in d\u00e4r, jag m\u00e5ste vara n\u00e5gon slags masochist). Fru Linderborg \u00a0skriver i en m\u00e4rklig artikel \u00e5ter om kopplingen &hellip; <a href=\"http:\/\/www.susannavaris.com\/blogg\/2012\/02\/dagens-blodtryckshojare-5\/\">Forts\u00e4tt l\u00e4sa <span class=\"meta-nav\">&rarr;<\/span><\/a><\/p>\n","protected":false},"author":1,"featured_media":0,"comment_status":"open","ping_status":"open","sticky":false,"template":"","format":"standard","meta":{"footnotes":""},"categories":[178,589,1,590],"tags":[149,225,1353,1355,1354,1356,1352],"class_list":["post-4402","post","type-post","status-publish","format-standard","hentry","category-blodtryckshojare","category-medier","category-okategoriserade","category-politik","tag-aftonbladet","tag-asa-linderborg","tag-breivik","tag-hoger","tag-kommunism","tag-magnus-linton","tag-nordkorea"],"_links":{"self":[{"href":"http:\/\/www.susannavaris.com\/blogg\/wp-json\/wp\/v2\/posts\/4402","targetHints":{"allow":["GET"]}}],"collection":[{"href":"http:\/\/www.susannavaris.com\/blogg\/wp-json\/wp\/v2\/posts"}],"about":[{"href":"http:\/\/www.susannavaris.com\/blogg\/wp-json\/wp\/v2\/types\/post"}],"author":[{"embeddable":true,"href":"http:\/\/www.susannavaris.com\/blogg\/wp-json\/wp\/v2\/users\/1"}],"replies":[{"embeddable":true,"href":"http:\/\/www.susannavaris.com\/blogg\/wp-json\/wp\/v2\/comments?post=4402"}],"version-history":[{"count":4,"href":"http:\/\/www.susannavaris.com\/blogg\/wp-json\/wp\/v2\/posts\/4402\/revisions"}],"predecessor-version":[{"id":4413,"href":"http:\/\/www.susannavaris.com\/blogg\/wp-json\/wp\/v2\/posts\/4402\/revisions\/4413"}],"wp:attachment":[{"href":"http:\/\/www.susannavaris.com\/blogg\/wp-json\/wp\/v2\/media?parent=4402"}],"wp:term":[{"taxonomy":"category","embeddable":true,"href":"http:\/\/www.susannavaris.com\/blogg\/wp-json\/wp\/v2\/categories?post=4402"},{"taxonomy":"post_tag","embeddable":true,"href":"http:\/\/www.susannavaris.com\/blogg\/wp-json\/wp\/v2\/tags?post=4402"}],"curies":[{"name":"wp","href":"https:\/\/api.w.org\/{rel}","templated":true}]}}