{"id":4407,"date":"2012-02-20T20:05:40","date_gmt":"2012-02-20T19:05:40","guid":{"rendered":"http:\/\/www.susannavaris.com\/blogg\/?p=4407"},"modified":"2012-02-20T20:05:40","modified_gmt":"2012-02-20T19:05:40","slug":"20-februari","status":"publish","type":"post","link":"http:\/\/www.susannavaris.com\/blogg\/2012\/02\/20-februari\/","title":{"rendered":"20. februari"},"content":{"rendered":"<p><a href=\"http:\/\/www.susannavaris.com\/blogg\/wp-content\/uploads\/2012\/02\/magsjuka_123839371_126977560.jpg\"><img loading=\"lazy\" decoding=\"async\" class=\"aligncenter size-full wp-image-4408\" title=\"magsjuka_123839371_126977560\" src=\"http:\/\/www.susannavaris.com\/blogg\/wp-content\/uploads\/2012\/02\/magsjuka_123839371_126977560.jpg\" alt=\"\" width=\"358\" height=\"330\" srcset=\"http:\/\/www.susannavaris.com\/blogg\/wp-content\/uploads\/2012\/02\/magsjuka_123839371_126977560.jpg 358w, http:\/\/www.susannavaris.com\/blogg\/wp-content\/uploads\/2012\/02\/magsjuka_123839371_126977560-300x276.jpg 300w\" sizes=\"auto, (max-width: 358px) 100vw, 358px\" \/><\/a><\/p>\n<p>F\u00f6r \u00f6vrigt \u00e4r jag tr\u00f6tt p\u00e5 att vara sjuk. Mitt immunf\u00f6rsvar har tydligen packat ihop sig n\u00e4stan helt. Sjuksk\u00f6terskan p\u00e5 telefon idag trodde som l\u00e4karen i h\u00f6stas, att mitt immunf\u00f6rsvar \u00e4r nedsatt sedan operationen. Det kan tydligen vara s\u00e5 i upp till ett \u00e5r efter\u00e5t. I h\u00f6stas, n\u00e4r jag \u00e5terkom till arbetet, \u00e5kte jag genast p\u00e5 evighetsinfluensan med hosta och feber, sedan dess har jag varit sjuk titt som t\u00e4tt. Jag vill bli bra n\u00e5gon g\u00e5ng. Jag ska se till att f\u00e5 en grundlig h\u00e4lsounders\u00f6kning.<\/p>\n<p>Magen har lugnat ner sig n\u00e5got nu, men jag \u00e4r matt och det g\u00f6r ont fortfarande. Och jag missade Cecilia Frodes \u00c4ngelen. Fan fan fan<\/p>\n<p>F\u00f6r \u00f6vrigt kan jag notera att Socialdemokraterna verkar ha vaskat fram en klok ledare:<\/p>\n<p><a href=\"http:\/\/www.expressen.se\/nyheter\/sa-vill-stefan-lofven-andra-naringspolitiken\/\">http:\/\/www.expressen.se\/nyheter\/sa-vill-stefan-lofven-andra-naringspolitiken\/<\/a><\/p>\n<p>Jag har alltid tyckt att Stefan L\u00f6fven verkat vettig. Han kan nog bli en riktig utmaning f\u00f6r Alliansen. Om nu inte hans parti splittras i limningen innan dess.<\/p>\n","protected":false},"excerpt":{"rendered":"<p>F\u00f6r \u00f6vrigt \u00e4r jag tr\u00f6tt p\u00e5 att vara sjuk. Mitt immunf\u00f6rsvar har tydligen packat ihop sig n\u00e4stan helt. Sjuksk\u00f6terskan p\u00e5 telefon idag trodde som l\u00e4karen i h\u00f6stas, att mitt immunf\u00f6rsvar \u00e4r nedsatt sedan operationen. Det kan tydligen vara s\u00e5 i &hellip; <a href=\"http:\/\/www.susannavaris.com\/blogg\/2012\/02\/20-februari\/\">Forts\u00e4tt l\u00e4sa <span class=\"meta-nav\">&rarr;<\/span><\/a><\/p>\n","protected":false},"author":1,"featured_media":0,"comment_status":"open","ping_status":"open","sticky":false,"template":"","format":"standard","meta":{"footnotes":""},"categories":[1,590],"tags":[1351,1358,1357],"class_list":["post-4407","post","type-post","status-publish","format-standard","hentry","category-okategoriserade","category-politik","tag-magsjuka","tag-socialdemokraterna","tag-stefan-lofven"],"_links":{"self":[{"href":"http:\/\/www.susannavaris.com\/blogg\/wp-json\/wp\/v2\/posts\/4407","targetHints":{"allow":["GET"]}}],"collection":[{"href":"http:\/\/www.susannavaris.com\/blogg\/wp-json\/wp\/v2\/posts"}],"about":[{"href":"http:\/\/www.susannavaris.com\/blogg\/wp-json\/wp\/v2\/types\/post"}],"author":[{"embeddable":true,"href":"http:\/\/www.susannavaris.com\/blogg\/wp-json\/wp\/v2\/users\/1"}],"replies":[{"embeddable":true,"href":"http:\/\/www.susannavaris.com\/blogg\/wp-json\/wp\/v2\/comments?post=4407"}],"version-history":[{"count":3,"href":"http:\/\/www.susannavaris.com\/blogg\/wp-json\/wp\/v2\/posts\/4407\/revisions"}],"predecessor-version":[{"id":4411,"href":"http:\/\/www.susannavaris.com\/blogg\/wp-json\/wp\/v2\/posts\/4407\/revisions\/4411"}],"wp:attachment":[{"href":"http:\/\/www.susannavaris.com\/blogg\/wp-json\/wp\/v2\/media?parent=4407"}],"wp:term":[{"taxonomy":"category","embeddable":true,"href":"http:\/\/www.susannavaris.com\/blogg\/wp-json\/wp\/v2\/categories?post=4407"},{"taxonomy":"post_tag","embeddable":true,"href":"http:\/\/www.susannavaris.com\/blogg\/wp-json\/wp\/v2\/tags?post=4407"}],"curies":[{"name":"wp","href":"https:\/\/api.w.org\/{rel}","templated":true}]}}