{"id":4439,"date":"2012-02-22T19:14:41","date_gmt":"2012-02-22T18:14:41","guid":{"rendered":"http:\/\/www.susannavaris.com\/blogg\/?p=4439"},"modified":"2012-02-22T21:09:45","modified_gmt":"2012-02-22T20:09:45","slug":"apropa-individenkollektivet-och-anna-clara-bratt","status":"publish","type":"post","link":"http:\/\/www.susannavaris.com\/blogg\/2012\/02\/apropa-individenkollektivet-och-anna-clara-bratt\/","title":{"rendered":"Aprop\u00e5 individen\/kollektivet och Anna-Clara Bratt"},"content":{"rendered":"<p style=\"text-align: center;\"><a href=\"http:\/\/www.susannavaris.com\/blogg\/wp-content\/uploads\/2012\/02\/IMG_1727.jpg\"><img loading=\"lazy\" decoding=\"async\" class=\"aligncenter size-full wp-image-4440\" title=\"IMG_1727\" src=\"http:\/\/www.susannavaris.com\/blogg\/wp-content\/uploads\/2012\/02\/IMG_1727.jpg\" alt=\"\" width=\"768\" height=\"509\" srcset=\"http:\/\/www.susannavaris.com\/blogg\/wp-content\/uploads\/2012\/02\/IMG_1727.jpg 768w, http:\/\/www.susannavaris.com\/blogg\/wp-content\/uploads\/2012\/02\/IMG_1727-300x198.jpg 300w\" sizes=\"auto, (max-width: 768px) 100vw, 768px\" \/><\/a><em>\u00a0Anna-Clara Bratt och Mian Lodalen. Foto: Isabelle \u00d6densj\u00f6<\/em><\/p>\n<p>Anna-Clara Bratt, som jag i f\u00f6rra inl\u00e4gget skrev om och problematiken med de kollektiva r\u00e4ttigheterna p\u00e5 bekostnad av de individuella (och d\u00e4rmed r\u00e4ttsstaten), som jag skrev om i inl\u00e4gget innan det, visar sig ha gemensamma ber\u00f6ringspunkter.<\/p>\n<p>Det visar sig att Anna-Clara Bratt har, tillsammans med Mian Lodalen, skrivit en bok med titeln <em>K\u00f6nsbalans &#8211; s\u00e5 jobbar du j\u00e4mst\u00e4llt .<\/em> Bratt, som blev den f\u00f6rsta kvinnliga chefredakt\u00f6ren f\u00f6r den syndikalistiska tidningen <em>Arbetaren,<\/em> genomf\u00f6rde p\u00e5 sin tidning en strikt 50\/50-f\u00f6rdelning mellan k\u00f6nen p\u00e5 ett personellt, strukturellt och redaktionellt plan. Boken handlar om dessa erfarenheter och \u00e4r t\u00e4nkt att anv\u00e4ndas som en handbok p\u00e5 vilken arbetsplats som helst. Bratt och Lodalen \u00e4r inte fr\u00e4mmande f\u00f6r kvotering.<\/p>\n<p>Men vad h\u00e4nder om inte m\u00e4nniskors val av arbete och utbildning sammanfaller med denna enda v\u00e4g till &#8221;j\u00e4mst\u00e4lldhet&#8221;? Om det inte alltid, \u00f6verallt, finns ett underlag av s\u00f6kande som speglar en 50\/50-f\u00f6rdelning? Om antalet s\u00f6kanden till t ex brandf\u00f6rsvaret best\u00e5r av 10 % kvinnor och 90 % m\u00e4n? Eller om s\u00f6kanden till fris\u00f6rsutbildningarna best\u00e5r av 20 % av m\u00e4n och 80 % av kvinnor? (Eller om s\u00f6kanden till de genusvetenskapliga utbildningarna best\u00e5r av 95 % kvinnor och 5 % m\u00e4n?) Ska man d\u00e5 tv\u00e5ngsrekrytera representanter av det underrepresenterade k\u00f6net? Inneb\u00e4r denna &#8221;j\u00e4mst\u00e4lldhet&#8221; att m\u00e4nniskor har en f\u00f6rpliktelse att s\u00f6ka sig till utbildningar och yrken s\u00e5 att en perfekt k\u00f6nsbalans uppn\u00e5s? Eller kan man m\u00f6jligen t\u00e4nka sig att individen sj\u00e4lv kan f\u00e5 v\u00e4lja vad den vill g\u00f6ra av sitt liv? Finns det ett grundantagande hos f\u00f6rfattarna att \u00f6nskem\u00e5len ang\u00e5ende yrkeskarri\u00e4r \u00e4r exakt lika f\u00f6rdelade bland kvinnor och m\u00e4n? Jag antar det. Att det inte ser ut s\u00e5 i verkligheten antar jag f\u00f6rklaras med &#8221;strukturer&#8221;, &#8221;patriarkalt f\u00f6rtryck&#8221; och &#8221;bristande genusperspektiv p\u00e5 f\u00f6rskola och i skolan&#8221;. I ett utopiskt samh\u00e4lle befriat fr\u00e5n dessa strukturer och annat kommer lika m\u00e5nga tjejer som killar att vilja bli gr\u00e4vmaskinister och nagelskulptriser.<\/p>\n<p>Jag har skrivit en hel del om det h\u00e4r nu och problematiken med att s\u00e4tta de kollektiva r\u00e4ttigheterna \u00f6ver de individuella behandlas h\u00e4r:<\/p>\n<p><a href=\"http:\/\/www.susannavaris.com\/blogg\/2012\/02\/individ-eller-kollektiv\/\">http:\/\/www.susannavaris.com\/blogg\/2012\/02\/individ-eller-kollektiv\/<\/a><\/p>\n<p>Genusvetenskapliga institutioner och 50\/50-f\u00f6rdelning:<\/p>\n<p><a href=\"http:\/\/www.susannavaris.com\/blogg\/2012\/02\/apropa-vikten-av-5050-fordelning\/\">http:\/\/www.susannavaris.com\/blogg\/2012\/02\/apropa-vikten-av-5050-fordelning\/<\/a><\/p>\n<p>&nbsp;<\/p>\n<p>&nbsp;<\/p>\n","protected":false},"excerpt":{"rendered":"<p>\u00a0Anna-Clara Bratt och Mian Lodalen. Foto: Isabelle \u00d6densj\u00f6 Anna-Clara Bratt, som jag i f\u00f6rra inl\u00e4gget skrev om och problematiken med de kollektiva r\u00e4ttigheterna p\u00e5 bekostnad av de individuella (och d\u00e4rmed r\u00e4ttsstaten), som jag skrev om i inl\u00e4gget innan det, visar &hellip; <a href=\"http:\/\/www.susannavaris.com\/blogg\/2012\/02\/apropa-individenkollektivet-och-anna-clara-bratt\/\">Forts\u00e4tt l\u00e4sa <span class=\"meta-nav\">&rarr;<\/span><\/a><\/p>\n","protected":false},"author":1,"featured_media":0,"comment_status":"open","ping_status":"open","sticky":false,"template":"","format":"standard","meta":{"footnotes":""},"categories":[1364,181,259,1321,1162,1,590,403],"tags":[1373,1379,4900,1380,4899,1376,1375,1378,1377],"class_list":["post-4439","post","type-post","status-publish","format-standard","hentry","category-bocker","category-feminism","category-genusvetenskap","category-jamstalldhet","category-kultur","category-okategoriserade","category-politik","category-pseudovetenskap","tag-anna-clara-bratt","tag-arbetaren","tag-feminism","tag-feministiskt-perspektiv","tag-genus","tag-konsbalans-sa-jobbar-du-jamstallt","tag-mian-lodalen","tag-syndikalism","tag-syndikalist"],"_links":{"self":[{"href":"http:\/\/www.susannavaris.com\/blogg\/wp-json\/wp\/v2\/posts\/4439","targetHints":{"allow":["GET"]}}],"collection":[{"href":"http:\/\/www.susannavaris.com\/blogg\/wp-json\/wp\/v2\/posts"}],"about":[{"href":"http:\/\/www.susannavaris.com\/blogg\/wp-json\/wp\/v2\/types\/post"}],"author":[{"embeddable":true,"href":"http:\/\/www.susannavaris.com\/blogg\/wp-json\/wp\/v2\/users\/1"}],"replies":[{"embeddable":true,"href":"http:\/\/www.susannavaris.com\/blogg\/wp-json\/wp\/v2\/comments?post=4439"}],"version-history":[{"count":3,"href":"http:\/\/www.susannavaris.com\/blogg\/wp-json\/wp\/v2\/posts\/4439\/revisions"}],"predecessor-version":[{"id":4443,"href":"http:\/\/www.susannavaris.com\/blogg\/wp-json\/wp\/v2\/posts\/4439\/revisions\/4443"}],"wp:attachment":[{"href":"http:\/\/www.susannavaris.com\/blogg\/wp-json\/wp\/v2\/media?parent=4439"}],"wp:term":[{"taxonomy":"category","embeddable":true,"href":"http:\/\/www.susannavaris.com\/blogg\/wp-json\/wp\/v2\/categories?post=4439"},{"taxonomy":"post_tag","embeddable":true,"href":"http:\/\/www.susannavaris.com\/blogg\/wp-json\/wp\/v2\/tags?post=4439"}],"curies":[{"name":"wp","href":"https:\/\/api.w.org\/{rel}","templated":true}]}}