{"id":4446,"date":"2012-02-23T10:41:05","date_gmt":"2012-02-23T09:41:05","guid":{"rendered":"http:\/\/www.susannavaris.com\/blogg\/?p=4446"},"modified":"2012-02-23T10:51:33","modified_gmt":"2012-02-23T09:51:33","slug":"ny-tronarvinge-ar-fodd","status":"publish","type":"post","link":"http:\/\/www.susannavaris.com\/blogg\/2012\/02\/ny-tronarvinge-ar-fodd\/","title":{"rendered":"Ny tronarvinge \u00e4r f\u00f6dd"},"content":{"rendered":"<p style=\"text-align: center;\"><a href=\"http:\/\/www.susannavaris.com\/blogg\/wp-content\/uploads\/2012\/02\/2168165_520_292.jpg\"><img loading=\"lazy\" decoding=\"async\" class=\"aligncenter size-full wp-image-4447\" title=\"2168165_520_292\" src=\"http:\/\/www.susannavaris.com\/blogg\/wp-content\/uploads\/2012\/02\/2168165_520_292.jpg\" alt=\"\" width=\"520\" height=\"292\" srcset=\"http:\/\/www.susannavaris.com\/blogg\/wp-content\/uploads\/2012\/02\/2168165_520_292.jpg 520w, http:\/\/www.susannavaris.com\/blogg\/wp-content\/uploads\/2012\/02\/2168165_520_292-300x168.jpg 300w\" sizes=\"auto, (max-width: 520px) 100vw, 520px\" \/><\/a>\u00a0<em>Prins Daniel m\u00e5ttar l\u00e4ngden p\u00e5 den nya tronarvingen. Foto: Jonas Ekstr\u00f6mer\/Scanpix<\/em><\/p>\n<p>Klockan 4.26 i morse f\u00f6ddes en ny tronarvinge f\u00f6r Sverige. Kronprinsessan Victoria nedkom med en v\u00e4lskapt flicka p\u00e5 51 centimeter och 3280 gram.<\/p>\n<p>Som barn, bosatt i 70-talets Helsingfors, blev jag en stenh\u00e5rd rojalist efter mitt f\u00f6rsta bes\u00f6k i Stockholm; lejon p\u00e5 varje stolpe, ett enormt stort slott med en k\u00e4llare full av dragshow-utstyrslar f\u00f6r h\u00e4star (nj\u00e4, s\u00e5 t\u00e4nkte jag ju inte d\u00e5, prinsess-estetiken var i sig sj\u00e4lv tillr\u00e4ckligt f\u00f6r att sn\u00e4rja ett litet flicksinne), riktiga kungligheter&#8230;! Jag tecknade h\u00e4star i fantasifulla stassar och med plymer p\u00e5 skallarna l\u00e5ngt efter\u00e5t.<\/p>\n<p>Allt detta, samt det faktum att vi skulle flytta till Sverige, gjorde mig starkt intresserad av Sveriges historia och kungligheter, Jag hade l\u00e4st Zacharias Topelius <em>F\u00e4ltsk\u00e4rns Ber\u00e4ttelser <\/em>och blev nu bara \u00e4nnu mera intresserad. Jag samlade p\u00e5 vykort och bilder med historiska kungligheter, sammanst\u00e4llde historik i egna h\u00e4ften och kunde det mesta (inklusive hela den svenska regentl\u00e4ngden) redan innan vi \u00e5r 1979 flyttade hit.<\/p>\n<p>Jag \u00e4r tudelad; jag kan tycka att statsskicket \u00e4r \u00e5lderdomligt med det \u00e4rvda statschefsskapet, men jag faller \u00e4nd\u00e5 som en fura f\u00f6r den kungliga glamouren. F\u00f6r mig var det dessutom en fantastiskt rolig ing\u00e5ng till historiestudier.<\/p>\n<p>S\u00e5 ett stort grattis till Kronprinsessan Victoria och Prins Daniel!!<\/p>\n<p style=\"text-align: center;\"><a href=\"http:\/\/www.susannavaris.com\/blogg\/wp-content\/uploads\/2012\/02\/Ingvard+Lidholm-priset+2011.jpg\"><img loading=\"lazy\" decoding=\"async\" class=\"aligncenter size-full wp-image-4448\" title=\"Ingvard+Lidholm-priset+2011\" src=\"http:\/\/www.susannavaris.com\/blogg\/wp-content\/uploads\/2012\/02\/Ingvard+Lidholm-priset+2011.jpg\" alt=\"\" width=\"710\" height=\"472\" srcset=\"http:\/\/www.susannavaris.com\/blogg\/wp-content\/uploads\/2012\/02\/Ingvard+Lidholm-priset+2011.jpg 710w, http:\/\/www.susannavaris.com\/blogg\/wp-content\/uploads\/2012\/02\/Ingvard+Lidholm-priset+2011-300x199.jpg 300w\" sizes=\"auto, (max-width: 710px) 100vw, 710px\" \/><\/a><em>\u00a0Victoria vid Musikaliska Akademien i h\u00f6stas<\/em><\/p>\n<p style=\"text-align: center;\"><a href=\"http:\/\/www.susannavaris.com\/blogg\/wp-content\/uploads\/2012\/02\/SY9914CD.jpg\"><img loading=\"lazy\" decoding=\"async\" class=\"aligncenter size-full wp-image-4449\" title=\"SY9914CD\" src=\"http:\/\/www.susannavaris.com\/blogg\/wp-content\/uploads\/2012\/02\/SY9914CD.jpg\" alt=\"\" width=\"284\" height=\"472\" srcset=\"http:\/\/www.susannavaris.com\/blogg\/wp-content\/uploads\/2012\/02\/SY9914CD.jpg 284w, http:\/\/www.susannavaris.com\/blogg\/wp-content\/uploads\/2012\/02\/SY9914CD-180x300.jpg 180w\" sizes=\"auto, (max-width: 284px) 100vw, 284px\" \/><\/a>\u00a0<em>&#8230;Noblefesten i december&#8230;<\/em><\/p>\n<p style=\"text-align: center;\"><a href=\"http:\/\/www.susannavaris.com\/blogg\/wp-content\/uploads\/2012\/02\/50s99-magen0221-189.jpg\"><img loading=\"lazy\" decoding=\"async\" class=\"aligncenter size-full wp-image-4450\" title=\"50s99-magen0221-189\" src=\"http:\/\/www.susannavaris.com\/blogg\/wp-content\/uploads\/2012\/02\/50s99-magen0221-189.jpg\" alt=\"\" width=\"222\" height=\"472\" srcset=\"http:\/\/www.susannavaris.com\/blogg\/wp-content\/uploads\/2012\/02\/50s99-magen0221-189.jpg 222w, http:\/\/www.susannavaris.com\/blogg\/wp-content\/uploads\/2012\/02\/50s99-magen0221-189-141x300.jpg 141w\" sizes=\"auto, (max-width: 222px) 100vw, 222px\" \/><\/a>\u00a0<em>&#8230;sista officiella uppdraget; m\u00f6te med Finlands president Tarja Halonen. 21. februari 2012.<\/em><\/p>\n<p>&nbsp;<\/p>\n","protected":false},"excerpt":{"rendered":"<p>\u00a0Prins Daniel m\u00e5ttar l\u00e4ngden p\u00e5 den nya tronarvingen. Foto: Jonas Ekstr\u00f6mer\/Scanpix Klockan 4.26 i morse f\u00f6ddes en ny tronarvinge f\u00f6r Sverige. Kronprinsessan Victoria nedkom med en v\u00e4lskapt flicka p\u00e5 51 centimeter och 3280 gram. Som barn, bosatt i 70-talets Helsingfors, &hellip; <a href=\"http:\/\/www.susannavaris.com\/blogg\/2012\/02\/ny-tronarvinge-ar-fodd\/\">Forts\u00e4tt l\u00e4sa <span class=\"meta-nav\">&rarr;<\/span><\/a><\/p>\n","protected":false},"author":1,"featured_media":0,"comment_status":"open","ping_status":"open","sticky":false,"template":"","format":"standard","meta":{"footnotes":""},"categories":[107,674,1],"tags":[1381,1386,1382,1384,1385,1383],"class_list":["post-4446","post","type-post","status-publish","format-standard","hentry","category-finland","category-historia","category-okategoriserade","tag-kronprinsessan-victoria","tag-monarki","tag-prins-daniel","tag-rojalism","tag-statsskick","tag-tronarvinge"],"_links":{"self":[{"href":"http:\/\/www.susannavaris.com\/blogg\/wp-json\/wp\/v2\/posts\/4446","targetHints":{"allow":["GET"]}}],"collection":[{"href":"http:\/\/www.susannavaris.com\/blogg\/wp-json\/wp\/v2\/posts"}],"about":[{"href":"http:\/\/www.susannavaris.com\/blogg\/wp-json\/wp\/v2\/types\/post"}],"author":[{"embeddable":true,"href":"http:\/\/www.susannavaris.com\/blogg\/wp-json\/wp\/v2\/users\/1"}],"replies":[{"embeddable":true,"href":"http:\/\/www.susannavaris.com\/blogg\/wp-json\/wp\/v2\/comments?post=4446"}],"version-history":[{"count":3,"href":"http:\/\/www.susannavaris.com\/blogg\/wp-json\/wp\/v2\/posts\/4446\/revisions"}],"predecessor-version":[{"id":4453,"href":"http:\/\/www.susannavaris.com\/blogg\/wp-json\/wp\/v2\/posts\/4446\/revisions\/4453"}],"wp:attachment":[{"href":"http:\/\/www.susannavaris.com\/blogg\/wp-json\/wp\/v2\/media?parent=4446"}],"wp:term":[{"taxonomy":"category","embeddable":true,"href":"http:\/\/www.susannavaris.com\/blogg\/wp-json\/wp\/v2\/categories?post=4446"},{"taxonomy":"post_tag","embeddable":true,"href":"http:\/\/www.susannavaris.com\/blogg\/wp-json\/wp\/v2\/tags?post=4446"}],"curies":[{"name":"wp","href":"https:\/\/api.w.org\/{rel}","templated":true}]}}