{"id":4460,"date":"2012-02-23T16:20:46","date_gmt":"2012-02-23T15:20:46","guid":{"rendered":"http:\/\/www.susannavaris.com\/blogg\/?p=4460"},"modified":"2012-02-23T16:20:46","modified_gmt":"2012-02-23T15:20:46","slug":"zelda","status":"publish","type":"post","link":"http:\/\/www.susannavaris.com\/blogg\/2012\/02\/zelda\/","title":{"rendered":"Zelda"},"content":{"rendered":"<p style=\"text-align: center;\"><a href=\"http:\/\/www.susannavaris.com\/blogg\/wp-content\/uploads\/2012\/02\/zelda_stor1.jpg\"><img loading=\"lazy\" decoding=\"async\" class=\"aligncenter size-full wp-image-4461\" title=\"zelda_stor1\" src=\"http:\/\/www.susannavaris.com\/blogg\/wp-content\/uploads\/2012\/02\/zelda_stor1.jpg\" alt=\"\" width=\"688\" height=\"841\" srcset=\"http:\/\/www.susannavaris.com\/blogg\/wp-content\/uploads\/2012\/02\/zelda_stor1.jpg 688w, http:\/\/www.susannavaris.com\/blogg\/wp-content\/uploads\/2012\/02\/zelda_stor1-245x300.jpg 245w\" sizes=\"auto, (max-width: 688px) 100vw, 688px\" \/><\/a>\u00a0<em>Bilder: Lina Neidestam<\/em><\/p>\n<p>Ikv\u00e4ll \u00e4r jag bjuden p\u00e5 bokrelease med Lina Neidestam och Julia Thorell som ger ut var sitt nytt alster, Zelda II och Juni. Det ska bli kanonroligt!!<\/p>\n<p>Jag har alltid l\u00e4st Zelda med stor beh\u00e5llning. Det \u00e4r en feministisk, men \u00e4nd\u00e5 v\u00e4ldigt sj\u00e4lvironisk, serie som driver med allehanda klyschor f\u00f6rknippade med den moderna feminismen. Zelda r\u00e5kar g\u00e5ng efter annan i konflikt med sig sj\u00e4lv eller omgivningen i sina f\u00f6rs\u00f6k att till\u00e4mpa en renodlad radikalfeminstisk ideologi i sitt vardagsliv. En feministisk serie med lika delar budskap och sj\u00e4lvkritik och som i detta faktiskt har ett djupare budskap mitt i roligheten. Sj\u00e4lvkritik tycks annars inte vara den nutida feminismens starkaste gren&#8230;<\/p>\n<p>(Feminismen inneh\u00e5ller ju, som bekant, en hel del olika &#8221;skolor&#8221; och det g\u00e5r inte att tala om en entydig feminism, s\u00e5 mina personliga \u00e5sikter ang\u00e5ende feminismen beror helt p\u00e5 vilken riktning inom detta f\u00e4lt som diskuteras. Men det ska jag inte g\u00e5 in p\u00e5 h\u00e4r&#8230;)<\/p>\n<p><a href=\"http:\/\/linakanritafint.blogspot.com\/\">http:\/\/linakanritafint.blogspot.com\/<\/a><\/p>\n<p><a href=\"http:\/\/www.susannavaris.com\/blogg\/wp-content\/uploads\/2012\/02\/smisk.jpg\"><img loading=\"lazy\" decoding=\"async\" class=\"aligncenter size-full wp-image-4462\" title=\"smisk\" src=\"http:\/\/www.susannavaris.com\/blogg\/wp-content\/uploads\/2012\/02\/smisk.jpg\" alt=\"\" width=\"482\" height=\"591\" srcset=\"http:\/\/www.susannavaris.com\/blogg\/wp-content\/uploads\/2012\/02\/smisk.jpg 482w, http:\/\/www.susannavaris.com\/blogg\/wp-content\/uploads\/2012\/02\/smisk-244x300.jpg 244w\" sizes=\"auto, (max-width: 482px) 100vw, 482px\" \/><\/a>\u00a0<a href=\"http:\/\/www.susannavaris.com\/blogg\/wp-content\/uploads\/2012\/02\/midsommarhalsning_stripp.jpg\"><img loading=\"lazy\" decoding=\"async\" class=\"aligncenter size-full wp-image-4463\" title=\"midsommarhalsning_stripp\" src=\"http:\/\/www.susannavaris.com\/blogg\/wp-content\/uploads\/2012\/02\/midsommarhalsning_stripp.jpg\" alt=\"\" width=\"729\" height=\"861\" srcset=\"http:\/\/www.susannavaris.com\/blogg\/wp-content\/uploads\/2012\/02\/midsommarhalsning_stripp.jpg 729w, http:\/\/www.susannavaris.com\/blogg\/wp-content\/uploads\/2012\/02\/midsommarhalsning_stripp-254x300.jpg 254w\" sizes=\"auto, (max-width: 729px) 100vw, 729px\" \/><\/a>\u00a0<a href=\"http:\/\/www.susannavaris.com\/blogg\/wp-content\/uploads\/2012\/02\/752674_334_400.jpg\"><img loading=\"lazy\" decoding=\"async\" class=\"aligncenter size-full wp-image-4465\" title=\"752674_334_400\" src=\"http:\/\/www.susannavaris.com\/blogg\/wp-content\/uploads\/2012\/02\/752674_334_400.jpg\" alt=\"\" width=\"334\" height=\"400\" srcset=\"http:\/\/www.susannavaris.com\/blogg\/wp-content\/uploads\/2012\/02\/752674_334_400.jpg 334w, http:\/\/www.susannavaris.com\/blogg\/wp-content\/uploads\/2012\/02\/752674_334_400-250x300.jpg 250w\" sizes=\"auto, (max-width: 334px) 100vw, 334px\" \/><\/a>\u00a0<a href=\"http:\/\/www.susannavaris.com\/blogg\/wp-content\/uploads\/2012\/02\/living_the_dream.jpg\"><img loading=\"lazy\" decoding=\"async\" class=\"aligncenter size-full wp-image-4466\" title=\"living_the_dream\" src=\"http:\/\/www.susannavaris.com\/blogg\/wp-content\/uploads\/2012\/02\/living_the_dream.jpg\" alt=\"\" width=\"491\" height=\"605\" srcset=\"http:\/\/www.susannavaris.com\/blogg\/wp-content\/uploads\/2012\/02\/living_the_dream.jpg 491w, http:\/\/www.susannavaris.com\/blogg\/wp-content\/uploads\/2012\/02\/living_the_dream-243x300.jpg 243w\" sizes=\"auto, (max-width: 491px) 100vw, 491px\" \/><\/a>\u00a0<a href=\"http:\/\/www.susannavaris.com\/blogg\/wp-content\/uploads\/2012\/02\/realdoll.jpg\"><img loading=\"lazy\" decoding=\"async\" class=\"aligncenter size-full wp-image-4467\" title=\"realdoll\" src=\"http:\/\/www.susannavaris.com\/blogg\/wp-content\/uploads\/2012\/02\/realdoll.jpg\" alt=\"\" width=\"488\" height=\"606\" srcset=\"http:\/\/www.susannavaris.com\/blogg\/wp-content\/uploads\/2012\/02\/realdoll.jpg 488w, http:\/\/www.susannavaris.com\/blogg\/wp-content\/uploads\/2012\/02\/realdoll-241x300.jpg 241w\" sizes=\"auto, (max-width: 488px) 100vw, 488px\" \/><\/a><\/p>\n","protected":false},"excerpt":{"rendered":"<p>\u00a0Bilder: Lina Neidestam Ikv\u00e4ll \u00e4r jag bjuden p\u00e5 bokrelease med Lina Neidestam och Julia Thorell som ger ut var sitt nytt alster, Zelda II och Juni. Det ska bli kanonroligt!! Jag har alltid l\u00e4st Zelda med stor beh\u00e5llning. Det \u00e4r &hellip; <a href=\"http:\/\/www.susannavaris.com\/blogg\/2012\/02\/zelda\/\">Forts\u00e4tt l\u00e4sa <span class=\"meta-nav\">&rarr;<\/span><\/a><\/p>\n","protected":false},"author":1,"featured_media":0,"comment_status":"open","ping_status":"open","sticky":false,"template":"","format":"standard","meta":{"footnotes":""},"categories":[555,181,259,1321,3,1162,1],"tags":[4900,4899,4903,1392,1395,1391,1396,1397,1398,1399,1393,1394],"class_list":["post-4460","post","type-post","status-publish","format-standard","hentry","category-events","category-feminism","category-genusvetenskap","category-jamstalldhet","category-konst","category-kultur","category-okategoriserade","tag-feminism","tag-genus","tag-genusvetenskap","tag-julia-thorell","tag-juni","tag-lina-neidestam","tag-serie","tag-serier","tag-strip","tag-vanster","tag-zelda","tag-zelda-2"],"_links":{"self":[{"href":"http:\/\/www.susannavaris.com\/blogg\/wp-json\/wp\/v2\/posts\/4460","targetHints":{"allow":["GET"]}}],"collection":[{"href":"http:\/\/www.susannavaris.com\/blogg\/wp-json\/wp\/v2\/posts"}],"about":[{"href":"http:\/\/www.susannavaris.com\/blogg\/wp-json\/wp\/v2\/types\/post"}],"author":[{"embeddable":true,"href":"http:\/\/www.susannavaris.com\/blogg\/wp-json\/wp\/v2\/users\/1"}],"replies":[{"embeddable":true,"href":"http:\/\/www.susannavaris.com\/blogg\/wp-json\/wp\/v2\/comments?post=4460"}],"version-history":[{"count":4,"href":"http:\/\/www.susannavaris.com\/blogg\/wp-json\/wp\/v2\/posts\/4460\/revisions"}],"predecessor-version":[{"id":4470,"href":"http:\/\/www.susannavaris.com\/blogg\/wp-json\/wp\/v2\/posts\/4460\/revisions\/4470"}],"wp:attachment":[{"href":"http:\/\/www.susannavaris.com\/blogg\/wp-json\/wp\/v2\/media?parent=4460"}],"wp:term":[{"taxonomy":"category","embeddable":true,"href":"http:\/\/www.susannavaris.com\/blogg\/wp-json\/wp\/v2\/categories?post=4460"},{"taxonomy":"post_tag","embeddable":true,"href":"http:\/\/www.susannavaris.com\/blogg\/wp-json\/wp\/v2\/tags?post=4460"}],"curies":[{"name":"wp","href":"https:\/\/api.w.org\/{rel}","templated":true}]}}