{"id":4471,"date":"2012-02-24T17:08:15","date_gmt":"2012-02-24T16:08:15","guid":{"rendered":"http:\/\/www.susannavaris.com\/blogg\/?p=4471"},"modified":"2012-02-29T13:05:17","modified_gmt":"2012-02-29T12:05:17","slug":"lina-neidestam-pa-rival","status":"publish","type":"post","link":"http:\/\/www.susannavaris.com\/blogg\/2012\/02\/lina-neidestam-pa-rival\/","title":{"rendered":"Lina Neidestam p\u00e5 Rival"},"content":{"rendered":"<p><a href=\"http:\/\/www.susannavaris.com\/blogg\/wp-content\/uploads\/2012\/02\/417597_10150530587506835_725571834_9351277_1103688177_n.jpg\"><img loading=\"lazy\" decoding=\"async\" class=\"aligncenter size-full wp-image-4473\" title=\"417597_10150530587506835_725571834_9351277_1103688177_n\" src=\"http:\/\/www.susannavaris.com\/blogg\/wp-content\/uploads\/2012\/02\/417597_10150530587506835_725571834_9351277_1103688177_n.jpg\" alt=\"\" width=\"682\" height=\"960\" srcset=\"http:\/\/www.susannavaris.com\/blogg\/wp-content\/uploads\/2012\/02\/417597_10150530587506835_725571834_9351277_1103688177_n.jpg 682w, http:\/\/www.susannavaris.com\/blogg\/wp-content\/uploads\/2012\/02\/417597_10150530587506835_725571834_9351277_1103688177_n-213x300.jpg 213w\" sizes=\"auto, (max-width: 682px) 100vw, 682px\" \/><\/a><\/p>\n<p>Som bestraffning f\u00f6r mitt deltagande p\u00e5 releasepartyt f\u00f6r Lina Neidestams och Julia Thorells respektive b\u00f6cker p\u00e5 Rival ig\u00e5r, fick min redan k\u00e4nsliga mage ytterligare attack. Vi var i god tid, som \u00f6nskats&#8230;vilket ledde oss till en vip-behandling utan k\u00f6.<\/p>\n<p style=\"text-align: center;\"><a href=\"http:\/\/www.susannavaris.com\/blogg\/wp-content\/uploads\/2012\/02\/DSC_0823-50.jpg\"><img loading=\"lazy\" decoding=\"async\" class=\"aligncenter size-large wp-image-4472\" title=\"DSC_0823-50\" src=\"http:\/\/www.susannavaris.com\/blogg\/wp-content\/uploads\/2012\/02\/DSC_0823-50-682x1024.jpg\" alt=\"\" width=\"640\" height=\"960\" srcset=\"http:\/\/www.susannavaris.com\/blogg\/wp-content\/uploads\/2012\/02\/DSC_0823-50-682x1024.jpg 682w, http:\/\/www.susannavaris.com\/blogg\/wp-content\/uploads\/2012\/02\/DSC_0823-50-200x300.jpg 200w, http:\/\/www.susannavaris.com\/blogg\/wp-content\/uploads\/2012\/02\/DSC_0823-50.jpg 1536w\" sizes=\"auto, (max-width: 640px) 100vw, 640px\" \/><\/a>\u00a0<a href=\"http:\/\/www.susannavaris.com\/blogg\/wp-content\/uploads\/2012\/02\/DSC_0826-50.jpg\"><img loading=\"lazy\" decoding=\"async\" class=\"aligncenter size-large wp-image-4474\" title=\"DSC_0826-50\" src=\"http:\/\/www.susannavaris.com\/blogg\/wp-content\/uploads\/2012\/02\/DSC_0826-50-1024x682.jpg\" alt=\"\" width=\"640\" height=\"426\" srcset=\"http:\/\/www.susannavaris.com\/blogg\/wp-content\/uploads\/2012\/02\/DSC_0826-50-1024x682.jpg 1024w, http:\/\/www.susannavaris.com\/blogg\/wp-content\/uploads\/2012\/02\/DSC_0826-50-300x200.jpg 300w\" sizes=\"auto, (max-width: 640px) 100vw, 640px\" \/><\/a>\u00a0<em>Hotell Rival \u00e4r snygg. Jag har en kl\u00e4nning fr\u00e5n Versace\/HM-kollektionen.<\/em><\/p>\n<p style=\"text-align: center;\"><a href=\"http:\/\/www.susannavaris.com\/blogg\/wp-content\/uploads\/2012\/02\/DSC_0827-crop-50.jpg\"><img loading=\"lazy\" decoding=\"async\" class=\"aligncenter size-large wp-image-4475\" title=\"DSC_0827-crop-50\" src=\"http:\/\/www.susannavaris.com\/blogg\/wp-content\/uploads\/2012\/02\/DSC_0827-crop-50-1024x495.jpg\" alt=\"\" width=\"640\" height=\"309\" srcset=\"http:\/\/www.susannavaris.com\/blogg\/wp-content\/uploads\/2012\/02\/DSC_0827-crop-50-1024x495.jpg 1024w, http:\/\/www.susannavaris.com\/blogg\/wp-content\/uploads\/2012\/02\/DSC_0827-crop-50-300x145.jpg 300w\" sizes=\"auto, (max-width: 640px) 100vw, 640px\" \/><\/a><em>\u00a0M\u00e4nniskor b\u00f6rjar samlas, intresset var stort&#8230;<\/em><\/p>\n<p style=\"text-align: center;\"><a href=\"http:\/\/www.susannavaris.com\/blogg\/wp-content\/uploads\/2012\/02\/DSC_0830-50.jpg\"><img loading=\"lazy\" decoding=\"async\" class=\"aligncenter size-large wp-image-4476\" title=\"DSC_0830-50\" src=\"http:\/\/www.susannavaris.com\/blogg\/wp-content\/uploads\/2012\/02\/DSC_0830-50-1024x682.jpg\" alt=\"\" width=\"640\" height=\"426\" srcset=\"http:\/\/www.susannavaris.com\/blogg\/wp-content\/uploads\/2012\/02\/DSC_0830-50-1024x682.jpg 1024w, http:\/\/www.susannavaris.com\/blogg\/wp-content\/uploads\/2012\/02\/DSC_0830-50-300x200.jpg 300w\" sizes=\"auto, (max-width: 640px) 100vw, 640px\" \/><\/a>\u00a0<em>K\u00f6n utanf\u00f6r tjocknar&#8230;<\/em><\/p>\n<p style=\"text-align: center;\"><a href=\"http:\/\/www.susannavaris.com\/blogg\/wp-content\/uploads\/2012\/02\/DSC_0832-50.jpg\"><img loading=\"lazy\" decoding=\"async\" class=\"aligncenter size-large wp-image-4477\" title=\"DSC_0832-50\" src=\"http:\/\/www.susannavaris.com\/blogg\/wp-content\/uploads\/2012\/02\/DSC_0832-50-1024x682.jpg\" alt=\"\" width=\"640\" height=\"426\" srcset=\"http:\/\/www.susannavaris.com\/blogg\/wp-content\/uploads\/2012\/02\/DSC_0832-50-1024x682.jpg 1024w, http:\/\/www.susannavaris.com\/blogg\/wp-content\/uploads\/2012\/02\/DSC_0832-50-300x200.jpg 300w\" sizes=\"auto, (max-width: 640px) 100vw, 640px\" \/><\/a>\u00a0<em>Till slut blev det en veritabel tr\u00e4ngsel&#8230;<\/em><\/p>\n<p style=\"text-align: center;\"><a href=\"http:\/\/www.susannavaris.com\/blogg\/wp-content\/uploads\/2012\/02\/DSC_0833-50.jpg\"><img loading=\"lazy\" decoding=\"async\" class=\"aligncenter size-large wp-image-4478\" title=\"DSC_0833-50\" src=\"http:\/\/www.susannavaris.com\/blogg\/wp-content\/uploads\/2012\/02\/DSC_0833-50-1024x682.jpg\" alt=\"\" width=\"640\" height=\"426\" srcset=\"http:\/\/www.susannavaris.com\/blogg\/wp-content\/uploads\/2012\/02\/DSC_0833-50-1024x682.jpg 1024w, http:\/\/www.susannavaris.com\/blogg\/wp-content\/uploads\/2012\/02\/DSC_0833-50-300x200.jpg 300w\" sizes=\"auto, (max-width: 640px) 100vw, 640px\" \/><\/a>\u00a0<em>Moderskan\u00a0<\/em><\/p>\n<p style=\"text-align: center;\"><a href=\"http:\/\/www.susannavaris.com\/blogg\/wp-content\/uploads\/2012\/02\/DSC_0836-50.jpg\"><img loading=\"lazy\" decoding=\"async\" class=\"aligncenter size-large wp-image-4480\" title=\"DSC_0836-50\" src=\"http:\/\/www.susannavaris.com\/blogg\/wp-content\/uploads\/2012\/02\/DSC_0836-50-1024x682.jpg\" alt=\"\" width=\"640\" height=\"426\" srcset=\"http:\/\/www.susannavaris.com\/blogg\/wp-content\/uploads\/2012\/02\/DSC_0836-50-1024x682.jpg 1024w, http:\/\/www.susannavaris.com\/blogg\/wp-content\/uploads\/2012\/02\/DSC_0836-50-300x200.jpg 300w\" sizes=\"auto, (max-width: 640px) 100vw, 640px\" \/><\/a>\u00a0<em>Som sagt&#8230;fullproppat<\/em><\/p>\n<p style=\"text-align: center;\"><a href=\"http:\/\/www.susannavaris.com\/blogg\/wp-content\/uploads\/2012\/02\/DSC_0841-crop-50.jpg\"><img loading=\"lazy\" decoding=\"async\" class=\"aligncenter size-large wp-image-4481\" title=\"DSC_0841-crop-50\" src=\"http:\/\/www.susannavaris.com\/blogg\/wp-content\/uploads\/2012\/02\/DSC_0841-crop-50-1024x696.jpg\" alt=\"\" width=\"640\" height=\"435\" srcset=\"http:\/\/www.susannavaris.com\/blogg\/wp-content\/uploads\/2012\/02\/DSC_0841-crop-50-1024x696.jpg 1024w, http:\/\/www.susannavaris.com\/blogg\/wp-content\/uploads\/2012\/02\/DSC_0841-crop-50-300x204.jpg 300w, http:\/\/www.susannavaris.com\/blogg\/wp-content\/uploads\/2012\/02\/DSC_0841-crop-50.jpg 1868w\" sizes=\"auto, (max-width: 640px) 100vw, 640px\" \/><\/a>\u00a0<em>F\u00f6rlagschefen och de firade skribenterna..vad s\u00e4ger man, konstn\u00e4rerna?<\/em><\/p>\n<p style=\"text-align: center;\"><a href=\"http:\/\/www.susannavaris.com\/blogg\/wp-content\/uploads\/2012\/02\/DSC_0844-50.jpg\"><img loading=\"lazy\" decoding=\"async\" class=\"aligncenter size-large wp-image-4482\" title=\"DSC_0844-50\" src=\"http:\/\/www.susannavaris.com\/blogg\/wp-content\/uploads\/2012\/02\/DSC_0844-50-1024x682.jpg\" alt=\"\" width=\"640\" height=\"426\" srcset=\"http:\/\/www.susannavaris.com\/blogg\/wp-content\/uploads\/2012\/02\/DSC_0844-50-1024x682.jpg 1024w, http:\/\/www.susannavaris.com\/blogg\/wp-content\/uploads\/2012\/02\/DSC_0844-50-300x200.jpg 300w\" sizes=\"auto, (max-width: 640px) 100vw, 640px\" \/><\/a><em>\u00a0F\u00f6rlagschefen konstaterade n\u00f6jt att det numera fanns fler kvinnliga serietecknare \u00e4n manliga&#8230;<\/em><\/p>\n<p style=\"text-align: left;\"><a href=\"http:\/\/www.susannavaris.com\/blogg\/wp-content\/uploads\/2012\/02\/DSC_0845-50.jpg\"><img loading=\"lazy\" decoding=\"async\" class=\"aligncenter size-large wp-image-4485\" title=\"DSC_0845-50\" src=\"http:\/\/www.susannavaris.com\/blogg\/wp-content\/uploads\/2012\/02\/DSC_0845-50-1024x605.jpg\" alt=\"\" width=\"640\" height=\"378\" srcset=\"http:\/\/www.susannavaris.com\/blogg\/wp-content\/uploads\/2012\/02\/DSC_0845-50-1024x605.jpg 1024w, http:\/\/www.susannavaris.com\/blogg\/wp-content\/uploads\/2012\/02\/DSC_0845-50-300x177.jpg 300w, http:\/\/www.susannavaris.com\/blogg\/wp-content\/uploads\/2012\/02\/DSC_0845-50.jpg 2003w\" sizes=\"auto, (max-width: 640px) 100vw, 640px\" \/><\/a>\u00a0Sedan t\u00e4nde Nour El Refai ljus f\u00f6r att raljera \u00f6ver ett mail hon hade f\u00e5tt. Mannen i fr\u00e5ga beskrev sig som en bra pappa som hade f\u00f6rs\u00f6kt att g\u00f6ra sitt b\u00e4sta (h\u00e5nskratt) (klapp klapp). Han hade l\u00e4st eller h\u00f6rt Nour i n\u00e5gra sammanhang och undrade nu \u00f6ver manshatet han upplevde att hon uttryckte. Kvinnohat blev n\u00e4sta nyckelord. Sedan fortsatte stand-up-comedyn med att dissekera den h\u00e4r mannens mail (han undrade om Nour kanske hade en d\u00e5lig relation med sin egen far och tyckte att hon skulle i s\u00e5 fall addressera fadern, ist\u00e4llet f\u00f6r att bli bitter och g\u00e5 omkring och hata alla m\u00e4n), f\u00f6r att utmynna i utf\u00e4stelsen &#8221;du kanske lider av penisavund&#8221;. Mumma f\u00f6r den militanta feministr\u00f6relsen. Jag som deltagande antogs dela denna v\u00e4rldsbild utan fr\u00e5getecken. Jag klappade inte mina h\u00e4nder. Det gjorde inte killen i soffan berdvid heller. Den h\u00e4r mannens hela person blev f\u00f6rl\u00f6jligad och h\u00e5nad och allt detta p\u00e5 grundval av att han hade f\u00f6rs\u00f6kt att g\u00f6ra sitt b\u00e4sta som en far och gjort ett f\u00f6rs\u00f6k att begripa sig p\u00e5 hur kvinnor vill ha sina liv (jag vet, klent, enligt feminister. M\u00e4nnen ska \u00e4gna hela sin tillvaro till att tolka tecken fr\u00e5n kvinnorna). P\u00e5 slutet, om detta nu \u00e4r sant, tog han till en f\u00f6rklaringsmodell han k\u00e4nde igen. Jag klandrar honom inte. Under t\u00e4ckmanteln feminism har det under de senaste decennierna varit legitimt att uttrycka och ut\u00f6va renodlad manshat och \u00e4ven heterohat. Jag vill mycket g\u00e4rna f\u00f6rst\u00e5 vad den moderna feminismen g\u00e5r ut p\u00e5, f\u00f6rutom manshat eller utpl\u00e5nande av k\u00f6nen. Politiskt korrekt hat \u00e4r hat, ingenting annat.<\/p>\n<p style=\"text-align: center;\"><a href=\"http:\/\/www.susannavaris.com\/blogg\/wp-content\/uploads\/2012\/02\/DSC_0846-50.jpg\"><img loading=\"lazy\" decoding=\"async\" class=\"aligncenter size-large wp-image-4483 alignleft\" title=\"DSC_0846-50\" src=\"http:\/\/www.susannavaris.com\/blogg\/wp-content\/uploads\/2012\/02\/DSC_0846-50-1024x682.jpg\" alt=\"\" width=\"640\" height=\"426\" srcset=\"http:\/\/www.susannavaris.com\/blogg\/wp-content\/uploads\/2012\/02\/DSC_0846-50-1024x682.jpg 1024w, http:\/\/www.susannavaris.com\/blogg\/wp-content\/uploads\/2012\/02\/DSC_0846-50-300x200.jpg 300w\" sizes=\"auto, (max-width: 640px) 100vw, 640px\" \/><\/a>\u00a0<em>P\u00e5 v\u00e4gen ut passade jag p\u00e5 att h\u00e4lsa p\u00e5 Hanne Kj\u00f6ller&#8230;<\/em><\/p>\n<p style=\"text-align: center;\"><a href=\"http:\/\/www.susannavaris.com\/blogg\/wp-content\/uploads\/2012\/02\/DSC_0847-50.jpg\"><img loading=\"lazy\" decoding=\"async\" class=\"aligncenter size-large wp-image-4484\" title=\"DSC_0847-50\" src=\"http:\/\/www.susannavaris.com\/blogg\/wp-content\/uploads\/2012\/02\/DSC_0847-50-1024x682.jpg\" alt=\"\" width=\"640\" height=\"426\" srcset=\"http:\/\/www.susannavaris.com\/blogg\/wp-content\/uploads\/2012\/02\/DSC_0847-50-1024x682.jpg 1024w, http:\/\/www.susannavaris.com\/blogg\/wp-content\/uploads\/2012\/02\/DSC_0847-50-300x200.jpg 300w\" sizes=\"auto, (max-width: 640px) 100vw, 640px\" \/><\/a>\u00a0<em>&#8230;och sedan tog moderskan ett konstn\u00e4rligt kort p\u00e5 mig och Linda Skugge.<\/em><\/p>\n<p style=\"text-align: center;\"><a href=\"http:\/\/www.susannavaris.com\/blogg\/wp-content\/uploads\/2012\/02\/DSC_0851-50.jpg\"><img loading=\"lazy\" decoding=\"async\" class=\"aligncenter size-large wp-image-4487\" title=\"DSC_0851-50\" src=\"http:\/\/www.susannavaris.com\/blogg\/wp-content\/uploads\/2012\/02\/DSC_0851-50-682x1024.jpg\" alt=\"\" width=\"640\" height=\"960\" srcset=\"http:\/\/www.susannavaris.com\/blogg\/wp-content\/uploads\/2012\/02\/DSC_0851-50-682x1024.jpg 682w, http:\/\/www.susannavaris.com\/blogg\/wp-content\/uploads\/2012\/02\/DSC_0851-50-200x300.jpg 200w, http:\/\/www.susannavaris.com\/blogg\/wp-content\/uploads\/2012\/02\/DSC_0851-50.jpg 1536w\" sizes=\"auto, (max-width: 640px) 100vw, 640px\" \/><\/a>\u00a0P\u00e5 kv\u00e4llen hem kom denna tjusiga donna f\u00f6rbi oss. H\u00e4rmed: Dagens stass! Hittad p\u00e5 G\u00f6tgatan.<\/p>\n<p style=\"text-align: center;\">&#8211; : &#8211; : &#8211; : &#8211;<\/p>\n<p style=\"text-align: center;\">Evenemanget uppm\u00e4rksammades i Expressen:<\/p>\n<p style=\"text-align: center;\"><a href=\"http:\/\/www.susannavaris.com\/blogg\/wp-content\/uploads\/2012\/02\/64705_10150567918776835_725571834_9463624_435028841_n.jpg\"><img loading=\"lazy\" decoding=\"async\" class=\"aligncenter size-full wp-image-4583\" title=\"64705_10150567918776835_725571834_9463624_435028841_n\" src=\"http:\/\/www.susannavaris.com\/blogg\/wp-content\/uploads\/2012\/02\/64705_10150567918776835_725571834_9463624_435028841_n.jpg\" alt=\"\" width=\"960\" height=\"850\" srcset=\"http:\/\/www.susannavaris.com\/blogg\/wp-content\/uploads\/2012\/02\/64705_10150567918776835_725571834_9463624_435028841_n.jpg 960w, http:\/\/www.susannavaris.com\/blogg\/wp-content\/uploads\/2012\/02\/64705_10150567918776835_725571834_9463624_435028841_n-300x265.jpg 300w\" sizes=\"auto, (max-width: 960px) 100vw, 960px\" \/><\/a><\/p>\n","protected":false},"excerpt":{"rendered":"<p>Som bestraffning f\u00f6r mitt deltagande p\u00e5 releasepartyt f\u00f6r Lina Neidestams och Julia Thorells respektive b\u00f6cker p\u00e5 Rival ig\u00e5r, fick min redan k\u00e4nsliga mage ytterligare attack. Vi var i god tid, som \u00f6nskats&#8230;vilket ledde oss till en vip-behandling utan k\u00f6. \u00a0\u00a0Hotell &hellip; <a href=\"http:\/\/www.susannavaris.com\/blogg\/2012\/02\/lina-neidestam-pa-rival\/\">Forts\u00e4tt l\u00e4sa <span class=\"meta-nav\">&rarr;<\/span><\/a><\/p>\n","protected":false},"author":1,"featured_media":0,"comment_status":"open","ping_status":"open","sticky":false,"template":"","format":"standard","meta":{"footnotes":""},"categories":[178,5,181,259,1321,589,14,1],"tags":[4900,4899,4903,1391,1400,1401,1393],"class_list":["post-4471","post","type-post","status-publish","format-standard","hentry","category-blodtryckshojare","category-dagens-stass","category-feminism","category-genusvetenskap","category-jamstalldhet","category-medier","category-mode","category-okategoriserade","tag-feminism","tag-genus","tag-genusvetenskap","tag-lina-neidestam","tag-nour-el-refai","tag-rival","tag-zelda"],"_links":{"self":[{"href":"http:\/\/www.susannavaris.com\/blogg\/wp-json\/wp\/v2\/posts\/4471","targetHints":{"allow":["GET"]}}],"collection":[{"href":"http:\/\/www.susannavaris.com\/blogg\/wp-json\/wp\/v2\/posts"}],"about":[{"href":"http:\/\/www.susannavaris.com\/blogg\/wp-json\/wp\/v2\/types\/post"}],"author":[{"embeddable":true,"href":"http:\/\/www.susannavaris.com\/blogg\/wp-json\/wp\/v2\/users\/1"}],"replies":[{"embeddable":true,"href":"http:\/\/www.susannavaris.com\/blogg\/wp-json\/wp\/v2\/comments?post=4471"}],"version-history":[{"count":9,"href":"http:\/\/www.susannavaris.com\/blogg\/wp-json\/wp\/v2\/posts\/4471\/revisions"}],"predecessor-version":[{"id":4584,"href":"http:\/\/www.susannavaris.com\/blogg\/wp-json\/wp\/v2\/posts\/4471\/revisions\/4584"}],"wp:attachment":[{"href":"http:\/\/www.susannavaris.com\/blogg\/wp-json\/wp\/v2\/media?parent=4471"}],"wp:term":[{"taxonomy":"category","embeddable":true,"href":"http:\/\/www.susannavaris.com\/blogg\/wp-json\/wp\/v2\/categories?post=4471"},{"taxonomy":"post_tag","embeddable":true,"href":"http:\/\/www.susannavaris.com\/blogg\/wp-json\/wp\/v2\/tags?post=4471"}],"curies":[{"name":"wp","href":"https:\/\/api.w.org\/{rel}","templated":true}]}}