{"id":4492,"date":"2012-02-24T18:29:11","date_gmt":"2012-02-24T17:29:11","guid":{"rendered":"http:\/\/www.susannavaris.com\/blogg\/?p=4492"},"modified":"2012-02-26T10:32:22","modified_gmt":"2012-02-26T09:32:22","slug":"min-gava","status":"publish","type":"post","link":"http:\/\/www.susannavaris.com\/blogg\/2012\/02\/min-gava\/","title":{"rendered":"Min g\u00e5va"},"content":{"rendered":"<p>Hade n\u00e5gon f\u00f6r fyra \u00e5r sedan p\u00e5st\u00e5tt att jag om n\u00e5gra \u00e4r en god v\u00e4n med Mia M\u00e4kil\u00e4 och att jag dessutom \u00e4r en mycket god v\u00e4n med Hugh Warner (Brian Warners, aka, Marilyn Mansons far), hade jag bett vederb\u00f6rande att dra sina roliga sk\u00e4mt p\u00e5 bekostnad av n\u00e5gon annan. Men s\u00e5 har det blivit.<\/p>\n<p><a href=\"http:\/\/www.susannavaris.com\/blogg\/wp-content\/uploads\/2012\/02\/425524_10150708026409052_588909051_11551931_1751074189_n.jpg\"><img loading=\"lazy\" decoding=\"async\" class=\"aligncenter size-full wp-image-4493\" title=\"425524_10150708026409052_588909051_11551931_1751074189_n\" src=\"http:\/\/www.susannavaris.com\/blogg\/wp-content\/uploads\/2012\/02\/425524_10150708026409052_588909051_11551931_1751074189_n.jpg\" alt=\"\" width=\"213\" height=\"159\" \/><\/a><a href=\"http:\/\/www.susannavaris.com\/blogg\/wp-content\/uploads\/2012\/02\/424058_10150708024664052_588909051_11551926_14812632_n.jpg\"><img loading=\"lazy\" decoding=\"async\" class=\"aligncenter size-full wp-image-4494\" title=\"424058_10150708024664052_588909051_11551926_14812632_n\" src=\"http:\/\/www.susannavaris.com\/blogg\/wp-content\/uploads\/2012\/02\/424058_10150708024664052_588909051_11551926_14812632_n.jpg\" alt=\"\" width=\"213\" height=\"159\" \/><\/a><\/p>\n<p style=\"text-align: center;\"><em>Jag f\u00f6rm\u00e5r inte att beskriva det hela, men gissa om jag \u00e4r stolt? Min tavla h\u00e4nger numera p\u00e5 v\u00e4ggen hos Hugh!!<\/em><\/p>\n","protected":false},"excerpt":{"rendered":"<p>Hade n\u00e5gon f\u00f6r fyra \u00e5r sedan p\u00e5st\u00e5tt att jag om n\u00e5gra \u00e4r en god v\u00e4n med Mia M\u00e4kil\u00e4 och att jag dessutom \u00e4r en mycket god v\u00e4n med Hugh Warner (Brian Warners, aka, Marilyn Mansons far), hade jag bett vederb\u00f6rande &hellip; <a href=\"http:\/\/www.susannavaris.com\/blogg\/2012\/02\/min-gava\/\">Forts\u00e4tt l\u00e4sa <span class=\"meta-nav\">&rarr;<\/span><\/a><\/p>\n","protected":false},"author":1,"featured_media":0,"comment_status":"open","ping_status":"open","sticky":false,"template":"","format":"standard","meta":{"footnotes":""},"categories":[7,3,1162,12],"tags":[1402,1403,1212,16,236,1404],"class_list":["post-4492","post","type-post","status-publish","format-standard","hentry","category-egna-verk","category-konst","category-kultur","category-marilyn-manson","tag-brian-warner","tag-hugh-and-barb","tag-hugh-warner","tag-marilyn-manson-2","tag-mm","tag-wedding"],"_links":{"self":[{"href":"http:\/\/www.susannavaris.com\/blogg\/wp-json\/wp\/v2\/posts\/4492","targetHints":{"allow":["GET"]}}],"collection":[{"href":"http:\/\/www.susannavaris.com\/blogg\/wp-json\/wp\/v2\/posts"}],"about":[{"href":"http:\/\/www.susannavaris.com\/blogg\/wp-json\/wp\/v2\/types\/post"}],"author":[{"embeddable":true,"href":"http:\/\/www.susannavaris.com\/blogg\/wp-json\/wp\/v2\/users\/1"}],"replies":[{"embeddable":true,"href":"http:\/\/www.susannavaris.com\/blogg\/wp-json\/wp\/v2\/comments?post=4492"}],"version-history":[{"count":5,"href":"http:\/\/www.susannavaris.com\/blogg\/wp-json\/wp\/v2\/posts\/4492\/revisions"}],"predecessor-version":[{"id":4499,"href":"http:\/\/www.susannavaris.com\/blogg\/wp-json\/wp\/v2\/posts\/4492\/revisions\/4499"}],"wp:attachment":[{"href":"http:\/\/www.susannavaris.com\/blogg\/wp-json\/wp\/v2\/media?parent=4492"}],"wp:term":[{"taxonomy":"category","embeddable":true,"href":"http:\/\/www.susannavaris.com\/blogg\/wp-json\/wp\/v2\/categories?post=4492"},{"taxonomy":"post_tag","embeddable":true,"href":"http:\/\/www.susannavaris.com\/blogg\/wp-json\/wp\/v2\/tags?post=4492"}],"curies":[{"name":"wp","href":"https:\/\/api.w.org\/{rel}","templated":true}]}}