{"id":4610,"date":"2012-03-01T20:04:51","date_gmt":"2012-03-01T19:04:51","guid":{"rendered":"http:\/\/www.susannavaris.com\/blogg\/?p=4610"},"modified":"2012-03-01T20:04:51","modified_gmt":"2012-03-01T19:04:51","slug":"mina-och-ulfs-foton-pa-lizette-s-hemsida","status":"publish","type":"post","link":"http:\/\/www.susannavaris.com\/blogg\/2012\/03\/mina-och-ulfs-foton-pa-lizette-s-hemsida\/","title":{"rendered":"Mina (och Ulfs) foton p\u00e5 Lizette &#038;:s hemsida!"},"content":{"rendered":"<p style=\"text-align: center;\"><a href=\"http:\/\/www.susannavaris.com\/blogg\/wp-content\/uploads\/2012\/03\/lizettepage.jpg\"><img loading=\"lazy\" decoding=\"async\" class=\"aligncenter size-large wp-image-4611\" title=\"lizettepage\" src=\"http:\/\/www.susannavaris.com\/blogg\/wp-content\/uploads\/2012\/03\/lizettepage-1024x454.jpg\" alt=\"\" width=\"640\" height=\"283\" srcset=\"http:\/\/www.susannavaris.com\/blogg\/wp-content\/uploads\/2012\/03\/lizettepage-1024x454.jpg 1024w, http:\/\/www.susannavaris.com\/blogg\/wp-content\/uploads\/2012\/03\/lizettepage-300x133.jpg 300w, http:\/\/www.susannavaris.com\/blogg\/wp-content\/uploads\/2012\/03\/lizettepage.jpg 1168w\" sizes=\"auto, (max-width: 640px) 100vw, 640px\" \/><\/a>\u00a0<em>Hemsidan&#8230;\u00a0<\/em><\/p>\n<p style=\"text-align: left;\">Lizette von Panajott fr\u00e5n Lizette &amp; ville ha en del av mina bilder fr\u00e5n release-spelningen i m\u00e5ndags p\u00e5 Lizette &amp;:s hemsida och det fick hon ju s\u00e5 g\u00e4rna! Jag k\u00e4nner mig stolt som en tupp (?)&#8230;h\u00f6na (?)&#8230;hen, kanske?<\/p>\n<p style=\"text-align: left;\"><a href=\"http:\/\/lizetteand.net\/lizand2\/index.php\/pictures\">http:\/\/lizetteand.net\/lizand2\/index.php\/pictures<\/a><\/p>\n<p style=\"text-align: center;\">\n","protected":false},"excerpt":{"rendered":"<p>\u00a0Hemsidan&#8230;\u00a0 Lizette von Panajott fr\u00e5n Lizette &amp; ville ha en del av mina bilder fr\u00e5n release-spelningen i m\u00e5ndags p\u00e5 Lizette &amp;:s hemsida och det fick hon ju s\u00e5 g\u00e4rna! Jag k\u00e4nner mig stolt som en tupp (?)&#8230;h\u00f6na (?)&#8230;hen, kanske? http:\/\/lizetteand.net\/lizand2\/index.php\/pictures<\/p>\n","protected":false},"author":1,"featured_media":0,"comment_status":"open","ping_status":"open","sticky":false,"template":"","format":"standard","meta":{"footnotes":""},"categories":[555,110,1419,1162,994,1],"tags":[4897,1420,1443,1424,1444,1445,946,1442],"class_list":["post-4610","post","type-post","status-publish","format-standard","hentry","category-events","category-foto","category-konsert","category-kultur","category-musik","category-okategoriserade","tag-foto","tag-gota-kallare","tag-hemsida","tag-just-smile","tag-konsertbilder","tag-konsertfoto","tag-lizette","tag-releaseparty"],"_links":{"self":[{"href":"http:\/\/www.susannavaris.com\/blogg\/wp-json\/wp\/v2\/posts\/4610","targetHints":{"allow":["GET"]}}],"collection":[{"href":"http:\/\/www.susannavaris.com\/blogg\/wp-json\/wp\/v2\/posts"}],"about":[{"href":"http:\/\/www.susannavaris.com\/blogg\/wp-json\/wp\/v2\/types\/post"}],"author":[{"embeddable":true,"href":"http:\/\/www.susannavaris.com\/blogg\/wp-json\/wp\/v2\/users\/1"}],"replies":[{"embeddable":true,"href":"http:\/\/www.susannavaris.com\/blogg\/wp-json\/wp\/v2\/comments?post=4610"}],"version-history":[{"count":2,"href":"http:\/\/www.susannavaris.com\/blogg\/wp-json\/wp\/v2\/posts\/4610\/revisions"}],"predecessor-version":[{"id":4613,"href":"http:\/\/www.susannavaris.com\/blogg\/wp-json\/wp\/v2\/posts\/4610\/revisions\/4613"}],"wp:attachment":[{"href":"http:\/\/www.susannavaris.com\/blogg\/wp-json\/wp\/v2\/media?parent=4610"}],"wp:term":[{"taxonomy":"category","embeddable":true,"href":"http:\/\/www.susannavaris.com\/blogg\/wp-json\/wp\/v2\/categories?post=4610"},{"taxonomy":"post_tag","embeddable":true,"href":"http:\/\/www.susannavaris.com\/blogg\/wp-json\/wp\/v2\/tags?post=4610"}],"curies":[{"name":"wp","href":"https:\/\/api.w.org\/{rel}","templated":true}]}}