{"id":4616,"date":"2012-03-01T22:03:25","date_gmt":"2012-03-01T21:03:25","guid":{"rendered":"http:\/\/www.susannavaris.com\/blogg\/?p=4616"},"modified":"2012-03-01T22:52:27","modified_gmt":"2012-03-01T21:52:27","slug":"marni-och-hm","status":"publish","type":"post","link":"http:\/\/www.susannavaris.com\/blogg\/2012\/03\/marni-och-hm\/","title":{"rendered":"Marni och HM"},"content":{"rendered":"<p><a href=\"http:\/\/www.susannavaris.com\/blogg\/wp-content\/uploads\/2012\/03\/marni-bloggbloggen.jpg\"><img loading=\"lazy\" decoding=\"async\" class=\"aligncenter size-full wp-image-4617\" title=\"marni-bloggbloggen\" src=\"http:\/\/www.susannavaris.com\/blogg\/wp-content\/uploads\/2012\/03\/marni-bloggbloggen.jpg\" alt=\"\" width=\"600\" height=\"683\" srcset=\"http:\/\/www.susannavaris.com\/blogg\/wp-content\/uploads\/2012\/03\/marni-bloggbloggen.jpg 600w, http:\/\/www.susannavaris.com\/blogg\/wp-content\/uploads\/2012\/03\/marni-bloggbloggen-263x300.jpg 263w\" sizes=\"auto, (max-width: 600px) 100vw, 600px\" \/><\/a><\/p>\n<p>\u00c4ntligen!!!!<\/p>\n<p>&#8230;ett designersamarbete hos HM som jag slipper spendera en sp\u00e4nn p\u00e5!<\/p>\n<p>Marnis gravt 70-talsinspirerade retroplagg m\u00e5 se hippa ut p\u00e5 en 16-\u00e5ring, men skulle jag s\u00e4tta p\u00e5 mig ett plagg skulle jag utan vidare krusiduller f\u00f6rvandlas till min mormor. S\u00e5 d\u00e4r s\u00e5g vartenda familjemors st\u00e4dkl\u00e4nning ut p\u00e5 70-talet. Jag, som redan har upplevt 70-talets totalblinda \u00f6ga f\u00f6r sk\u00f6nhet en g\u00e5ng live, k\u00e4nner inte det minsta behov av att dra p\u00e5 mig gr\u00e4sligheterna igen&#8230;<\/p>\n<p style=\"text-align: center;\"><a href=\"http:\/\/www.susannavaris.com\/blogg\/wp-content\/uploads\/2012\/03\/sonja-och-ragnhild.jpg\"><img loading=\"lazy\" decoding=\"async\" class=\"aligncenter size-large wp-image-4618\" title=\"sonja-och-ragnhild\" src=\"http:\/\/www.susannavaris.com\/blogg\/wp-content\/uploads\/2012\/03\/sonja-och-ragnhild-986x1024.jpg\" alt=\"\" width=\"640\" height=\"664\" srcset=\"http:\/\/www.susannavaris.com\/blogg\/wp-content\/uploads\/2012\/03\/sonja-och-ragnhild-986x1024.jpg 986w, http:\/\/www.susannavaris.com\/blogg\/wp-content\/uploads\/2012\/03\/sonja-och-ragnhild-288x300.jpg 288w, http:\/\/www.susannavaris.com\/blogg\/wp-content\/uploads\/2012\/03\/sonja-och-ragnhild.jpg 1092w\" sizes=\"auto, (max-width: 640px) 100vw, 640px\" \/><\/a><em>\u00a0Obs! Bilden \u00e4r inte fr\u00e5n Marni\/HM&#8230;<\/em><\/p>\n<p style=\"text-align: center;\"><a href=\"http:\/\/www.susannavaris.com\/blogg\/wp-content\/uploads\/2012\/03\/marni01.jpg\"><img loading=\"lazy\" decoding=\"async\" class=\"aligncenter size-full wp-image-4619\" title=\"marni01\" src=\"http:\/\/www.susannavaris.com\/blogg\/wp-content\/uploads\/2012\/03\/marni01.jpg\" alt=\"\" width=\"900\" height=\"600\" srcset=\"http:\/\/www.susannavaris.com\/blogg\/wp-content\/uploads\/2012\/03\/marni01.jpg 900w, http:\/\/www.susannavaris.com\/blogg\/wp-content\/uploads\/2012\/03\/marni01-300x200.jpg 300w\" sizes=\"auto, (max-width: 900px) 100vw, 900px\" \/><\/a><\/p>\n<p style=\"text-align: center;\"><a href=\"http:\/\/www.susannavaris.com\/blogg\/wp-content\/uploads\/2012\/03\/marni-hm-spring-2012.jpg\"><img loading=\"lazy\" decoding=\"async\" class=\"aligncenter size-full wp-image-4620\" title=\"marni-hm-spring-2012\" src=\"http:\/\/www.susannavaris.com\/blogg\/wp-content\/uploads\/2012\/03\/marni-hm-spring-2012.jpg\" alt=\"\" width=\"378\" height=\"567\" srcset=\"http:\/\/www.susannavaris.com\/blogg\/wp-content\/uploads\/2012\/03\/marni-hm-spring-2012.jpg 378w, http:\/\/www.susannavaris.com\/blogg\/wp-content\/uploads\/2012\/03\/marni-hm-spring-2012-200x300.jpg 200w\" sizes=\"auto, (max-width: 378px) 100vw, 378px\" \/><\/a>\u00a0<a href=\"http:\/\/www.susannavaris.com\/blogg\/wp-content\/uploads\/2012\/03\/Marni-at-HM.jpg\"><img loading=\"lazy\" decoding=\"async\" class=\"aligncenter size-full wp-image-4621\" title=\"Marni-at-HM\" src=\"http:\/\/www.susannavaris.com\/blogg\/wp-content\/uploads\/2012\/03\/Marni-at-HM.jpg\" alt=\"\" width=\"700\" height=\"476\" srcset=\"http:\/\/www.susannavaris.com\/blogg\/wp-content\/uploads\/2012\/03\/Marni-at-HM.jpg 700w, http:\/\/www.susannavaris.com\/blogg\/wp-content\/uploads\/2012\/03\/Marni-at-HM-300x204.jpg 300w\" sizes=\"auto, (max-width: 700px) 100vw, 700px\" \/><\/a><\/p>\n<p style=\"text-align: center;\"><a href=\"http:\/\/www.market.se\/Brancher\/Mode\/Mel-Gibson-pa-HMs-party-Vilken-Marni-Jag-vet-inte-vad-du-pratar-om\/#!prettyPhoto\">http:\/\/www.market.se\/Brancher\/Mode\/Mel-Gibson-pa-HMs-party-Vilken-Marni-Jag-vet-inte-vad-du-pratar-om\/#!prettyPhoto<\/a><\/p>\n<p style=\"text-align: center;\"><a href=\"http:\/\/www.cisionwire.se\/h---m-hennes---mauritz-ab\/r\/kandisar-samlades-i-hollywood-for-att-fira-lanseringen-av-marni-at-h-m,c9222221\">http:\/\/www.cisionwire.se\/h&#8212;m-hennes&#8212;mauritz-ab\/r\/kandisar-samlades-i-hollywood-for-att-fira-lanseringen-av-marni-at-h-m,c9222221<\/a><\/p>\n","protected":false},"excerpt":{"rendered":"<p>\u00c4ntligen!!!! &#8230;ett designersamarbete hos HM som jag slipper spendera en sp\u00e4nn p\u00e5! Marnis gravt 70-talsinspirerade retroplagg m\u00e5 se hippa ut p\u00e5 en 16-\u00e5ring, men skulle jag s\u00e4tta p\u00e5 mig ett plagg skulle jag utan vidare krusiduller f\u00f6rvandlas till min mormor. &hellip; <a href=\"http:\/\/www.susannavaris.com\/blogg\/2012\/03\/marni-och-hm\/\">Forts\u00e4tt l\u00e4sa <span class=\"meta-nav\">&rarr;<\/span><\/a><\/p>\n","protected":false},"author":1,"featured_media":0,"comment_status":"open","ping_status":"open","sticky":false,"template":"","format":"standard","meta":{"footnotes":""},"categories":[1162,14],"tags":[1450,1449,808,1448,19,1451,1452],"class_list":["post-4616","post","type-post","status-publish","format-standard","hentry","category-kultur","category-mode","tag-70-tal","tag-designersamarbete","tag-hm","tag-marni","tag-mode-2","tag-stadrock","tag-tant"],"_links":{"self":[{"href":"http:\/\/www.susannavaris.com\/blogg\/wp-json\/wp\/v2\/posts\/4616","targetHints":{"allow":["GET"]}}],"collection":[{"href":"http:\/\/www.susannavaris.com\/blogg\/wp-json\/wp\/v2\/posts"}],"about":[{"href":"http:\/\/www.susannavaris.com\/blogg\/wp-json\/wp\/v2\/types\/post"}],"author":[{"embeddable":true,"href":"http:\/\/www.susannavaris.com\/blogg\/wp-json\/wp\/v2\/users\/1"}],"replies":[{"embeddable":true,"href":"http:\/\/www.susannavaris.com\/blogg\/wp-json\/wp\/v2\/comments?post=4616"}],"version-history":[{"count":4,"href":"http:\/\/www.susannavaris.com\/blogg\/wp-json\/wp\/v2\/posts\/4616\/revisions"}],"predecessor-version":[{"id":4624,"href":"http:\/\/www.susannavaris.com\/blogg\/wp-json\/wp\/v2\/posts\/4616\/revisions\/4624"}],"wp:attachment":[{"href":"http:\/\/www.susannavaris.com\/blogg\/wp-json\/wp\/v2\/media?parent=4616"}],"wp:term":[{"taxonomy":"category","embeddable":true,"href":"http:\/\/www.susannavaris.com\/blogg\/wp-json\/wp\/v2\/categories?post=4616"},{"taxonomy":"post_tag","embeddable":true,"href":"http:\/\/www.susannavaris.com\/blogg\/wp-json\/wp\/v2\/tags?post=4616"}],"curies":[{"name":"wp","href":"https:\/\/api.w.org\/{rel}","templated":true}]}}