{"id":4626,"date":"2012-03-02T23:18:03","date_gmt":"2012-03-02T22:18:03","guid":{"rendered":"http:\/\/www.susannavaris.com\/blogg\/?p=4626"},"modified":"2012-03-12T23:29:52","modified_gmt":"2012-03-12T22:29:52","slug":"hon-har-ju-ingen-pappa","status":"publish","type":"post","link":"http:\/\/www.susannavaris.com\/blogg\/2012\/03\/hon-har-ju-ingen-pappa\/","title":{"rendered":"Hon har ju ingen pappa"},"content":{"rendered":"<p style=\"text-align: center;\"><a href=\"http:\/\/www.susannavaris.com\/blogg\/wp-content\/uploads\/2012\/03\/eero01.jpg\"><img loading=\"lazy\" decoding=\"async\" class=\"aligncenter size-full wp-image-4627\" title=\"eero01\" src=\"http:\/\/www.susannavaris.com\/blogg\/wp-content\/uploads\/2012\/03\/eero01.jpg\" alt=\"\" width=\"213\" height=\"391\" srcset=\"http:\/\/www.susannavaris.com\/blogg\/wp-content\/uploads\/2012\/03\/eero01.jpg 213w, http:\/\/www.susannavaris.com\/blogg\/wp-content\/uploads\/2012\/03\/eero01-163x300.jpg 163w\" sizes=\"auto, (max-width: 213px) 100vw, 213px\" \/><\/a>\u00a0<em>Min far<\/em><\/p>\n<p>&#8230;menade kvinnan i veckans Debatt p\u00e5 SVT. Kvinnan i fr\u00e5ga hade l\u00e5tit sig insemineras i Danmark och f\u00f6tt en dotter, som nu allts\u00e5 &#8221;inte hade n\u00e5gon pappa&#8221;. Jag m\u00e5ste komma med en tr\u00e5kig nyhet h\u00e4r: Din dotter har visst en pappa, en far som st\u00e5r f\u00f6r h\u00e4lften av hennes genom och vars m\u00e5nga egenskaper hon kommer att b\u00e4ra p\u00e5. Sedan att inte du hade n\u00e5got samr\u00f6re med denna person g\u00f6r inte att han slutar att existera.<\/p>\n<p>I DN kvittrade en annan mamma i samma situation om att &#8221;hon k\u00e4nner ju inte till n\u00e5got annat, s\u00e5 hon saknar ingen far&#8221;. Dottern \u00e4r sex \u00e5r och i den \u00e5ldern sv\u00e4ljer man det som den allra n\u00e4rmaste (i det h\u00e4r fallet enda) personen s\u00e4ger till en. Jag undrar om dottern fortfarande om tio \u00e5r glatt accepterar att &#8221;inte k\u00e4nna till n\u00e5got annat&#8221;.<\/p>\n<p>Jag vill inte moralisera \u00f6ver m\u00e4nniskors livsval, men jag \u00e4r medveten om att jag nog g\u00f6r det \u00e4nd\u00e5.<\/p>\n<p>Alla s\u00e4ger sig utg\u00e5 ifr\u00e5n barnets perspektiv, men i praktiken verkar l\u00f6sningarna allt som oftast finnas till f\u00f6r att tillfredsst\u00e4lla den vuxnes behov. Jag vill ha min familj s\u00e5 h\u00e4r, allts\u00e5 ska regelverk och omv\u00e4rld (inklusive barnet\/barnen) anpassa sig till mina \u00f6nskem\u00e5l.<\/p>\n<p>Jag minns att jag har tr\u00e4ffat min far vid tre tillf\u00e4llen. Olyckliga omst\u00e4ndigheter gjorde att jag aldrig efter tv\u00e5 \u00e5rs \u00e5lder bodde under samma tak med honom. Vi bodde i olika st\u00e4der och han var en fr\u00e4mling som jag vid ett par tillf\u00e4llen kom att tr\u00e4ffa. Jag t\u00e4nkte alltid att jag, n\u00e4r jag blev vuxen, skulle se till att tr\u00e4ffa honom och st\u00e4lla alla de fr\u00e5gor jag hade och umg\u00e5s kanske lite. S\u00e5 blev det aldrig, n\u00e4r jag fyllde fjorton \u00e5r dog han. P\u00e5 eget initiativ.<\/p>\n<p>Jag vet inte om jag har f\u00f6rl\u00e5tit honom \u00e4n, men jag f\u00f6rst\u00e5r hur allt blev som det blev. Olyckliga saker intr\u00e4ffar och livet blir inte som man har planerat, s\u00e5dant g\u00e5r att f\u00f6rst\u00e5 om man f\u00f6rs\u00f6ker.<\/p>\n<p>Jag undrar om barn till f\u00f6r\u00e4ldrar, fr\u00e4mst m\u00f6drar, som planerar sitt f\u00f6r\u00e4ldraskap genom en uteslutning av fadern, kommer att f\u00f6rl\u00e5ta dem. Kanske. Kanske \u00e4r de bara j\u00e4tteglada och k\u00e4nner inget behov av n\u00e5gon far, eftersom de ju &#8221;inte har n\u00e5gon&#8221;.<\/p>\n<p>Jag r\u00e4knar med att \u00e4ven partnerl\u00f6sa m\u00e4n kommer att erbjudas m\u00f6jlighet till f\u00f6r\u00e4ldraskap genom surrogatm\u00f6drar eller annat exempelvis, eller kommer den h\u00e4r l\u00f6sningen \u00e5ter att i j\u00e4mst\u00e4lldhetens namn ber\u00f6ra enbart kvinnor? Dessutom \u00e4r det minst sagt f\u00f6rvirrande att f\u00f6rs\u00f6ka h\u00e4nga med i familjepolitiken numera (som \u00e4ven konstateras i ett par av artiklarna nedan); n\u00e4r det finns tv\u00e5 f\u00f6r\u00e4ldrar \u00e4r det ytterst viktigt att b\u00e5da \u00e4r delaktiga i f\u00f6r\u00e4ldraskapet, helst exakt lika mycket. Men finns det bara en f\u00f6r\u00e4lder \u00e4r det &#8221;en fantastisk m\u00f6jlighet&#8221;. Det blir sv\u00e5rt att argumentera f\u00f6r 50\/50-f\u00f6rdelningen om en f\u00f6r\u00e4lder utan problem kan undvaras fr\u00e5n b\u00f6rjan.<\/p>\n<p><a href=\"http:\/\/www.dn.se\/ledare\/signerat\/teknisk-mojlighet-ar-inte-lika-med-mansklig-rattighet\">http:\/\/www.dn.se\/ledare\/signerat\/teknisk-mojlighet-ar-inte-lika-med-mansklig-rattighet<\/a><\/p>\n<p><a href=\"http:\/\/www.svd.se\/nyheter\/inrikes\/viktigaste-ar-att-barn-har-vuxna-som-alskar-dem_6887763.svd\">http:\/\/www.svd.se\/nyheter\/inrikes\/viktigaste-ar-att-barn-har-vuxna-som-alskar-dem_6887763.svd<\/a><\/p>\n<p><a href=\"http:\/\/www.svd.se\/opinion\/ledarsidan\/visst-ska-familjer-kunna-se-olika-ut_6888471.svd\">http:\/\/www.svd.se\/opinion\/ledarsidan\/visst-ska-familjer-kunna-se-olika-ut_6888471.svd<\/a><\/p>\n<p><a href=\"http:\/\/www.svd.se\/nyheter\/idagsidan\/ovantad-traff-for-spermadonator_6917755.svd\">http:\/\/www.svd.se\/nyheter\/idagsidan\/ovantad-traff-for-spermadonator_6917755.svd<\/a><\/p>\n","protected":false},"excerpt":{"rendered":"<p>\u00a0Min far &#8230;menade kvinnan i veckans Debatt p\u00e5 SVT. Kvinnan i fr\u00e5ga hade l\u00e5tit sig insemineras i Danmark och f\u00f6tt en dotter, som nu allts\u00e5 &#8221;inte hade n\u00e5gon pappa&#8221;. Jag m\u00e5ste komma med en tr\u00e5kig nyhet h\u00e4r: Din dotter har &hellip; <a href=\"http:\/\/www.susannavaris.com\/blogg\/2012\/03\/hon-har-ju-ingen-pappa\/\">Forts\u00e4tt l\u00e4sa <span class=\"meta-nav\">&rarr;<\/span><\/a><\/p>\n","protected":false},"author":1,"featured_media":0,"comment_status":"open","ping_status":"open","sticky":false,"template":"","format":"standard","meta":{"footnotes":""},"categories":[178,181,259,1321,1,590],"tags":[1453,1454,1455,1456,4918],"class_list":["post-4626","post","type-post","status-publish","format-standard","hentry","category-blodtryckshojare","category-feminism","category-genusvetenskap","category-jamstalldhet","category-okategoriserade","category-politik","tag-assisterad-befruktning","tag-ensamstaende","tag-ensamstaende-foralder","tag-foraldraforsakring","tag-jamstalldhet"],"_links":{"self":[{"href":"http:\/\/www.susannavaris.com\/blogg\/wp-json\/wp\/v2\/posts\/4626","targetHints":{"allow":["GET"]}}],"collection":[{"href":"http:\/\/www.susannavaris.com\/blogg\/wp-json\/wp\/v2\/posts"}],"about":[{"href":"http:\/\/www.susannavaris.com\/blogg\/wp-json\/wp\/v2\/types\/post"}],"author":[{"embeddable":true,"href":"http:\/\/www.susannavaris.com\/blogg\/wp-json\/wp\/v2\/users\/1"}],"replies":[{"embeddable":true,"href":"http:\/\/www.susannavaris.com\/blogg\/wp-json\/wp\/v2\/comments?post=4626"}],"version-history":[{"count":6,"href":"http:\/\/www.susannavaris.com\/blogg\/wp-json\/wp\/v2\/posts\/4626\/revisions"}],"predecessor-version":[{"id":4725,"href":"http:\/\/www.susannavaris.com\/blogg\/wp-json\/wp\/v2\/posts\/4626\/revisions\/4725"}],"wp:attachment":[{"href":"http:\/\/www.susannavaris.com\/blogg\/wp-json\/wp\/v2\/media?parent=4626"}],"wp:term":[{"taxonomy":"category","embeddable":true,"href":"http:\/\/www.susannavaris.com\/blogg\/wp-json\/wp\/v2\/categories?post=4626"},{"taxonomy":"post_tag","embeddable":true,"href":"http:\/\/www.susannavaris.com\/blogg\/wp-json\/wp\/v2\/tags?post=4626"}],"curies":[{"name":"wp","href":"https:\/\/api.w.org\/{rel}","templated":true}]}}