{"id":4633,"date":"2012-03-03T22:34:56","date_gmt":"2012-03-03T21:34:56","guid":{"rendered":"http:\/\/www.susannavaris.com\/blogg\/?p=4633"},"modified":"2012-03-03T22:34:57","modified_gmt":"2012-03-03T21:34:57","slug":"lika-olika-pa-galleri-kocks","status":"publish","type":"post","link":"http:\/\/www.susannavaris.com\/blogg\/2012\/03\/lika-olika-pa-galleri-kocks\/","title":{"rendered":"Lika Olika p\u00e5 Galleri Kocks"},"content":{"rendered":"<p>Jag hade mycket g\u00e4rna velat stanna hemma hela helgen, det har blivit mycket fl\u00e4ngande p\u00e5 sistone&#8230;men i helgen st\u00e4ller ett g\u00e4ng konstn\u00e4rsv\u00e4nner ut p\u00e5 Galleri Kocks och det ville jag g\u00e4rna se. S\u00e5 det blev Stockholm och S\u00f6der igen. Str\u00e5lande v\u00e4der och konstn\u00e4rskollegan Ingemar Nystr\u00f6m fr\u00e5n S\u00f6dert\u00e4lje sammanstr\u00e5lade med oss redan p\u00e5 pendeln in.<\/p>\n<p>S\u00f6der \u00e4r sig likt; sj\u00e4lvmedvetet bohemiska m\u00e4nniskor som bara &#8221;r\u00e5kat&#8221; f\u00e5 p\u00e5 sig svindyra, men oj s\u00e5 bohemchica trasan och Hunters-st\u00f6vlarna n\u00e4r de tagit sig ut f\u00f6r att g\u00e5 en liten parad f\u00f6r att handla svindyra fair-trade, ekologiska, biodynamiska kaffet runt h\u00f6rnet. Titta p\u00e5 mej, jag \u00e4r s\u00e5 originell att jag typ g\u00e5r ut i papiljotterna och bryr mig inte aaalls om hur jag ser ut, men ni ser v\u00e4l att jag har den dyrare varianten av Hunters-st\u00f6vlarna? (Trots att det \u00e4r barmark alternativt is och str\u00e5lande solsken&#8230;)<\/p>\n<p style=\"text-align: center;\"><a href=\"http:\/\/www.susannavaris.com\/blogg\/wp-content\/uploads\/2012\/03\/DSC_0005-50.jpg\"><img loading=\"lazy\" decoding=\"async\" class=\"aligncenter size-large wp-image-4635\" title=\"DSC_0005-50\" src=\"http:\/\/www.susannavaris.com\/blogg\/wp-content\/uploads\/2012\/03\/DSC_0005-50-1024x682.jpg\" alt=\"\" width=\"640\" height=\"426\" srcset=\"http:\/\/www.susannavaris.com\/blogg\/wp-content\/uploads\/2012\/03\/DSC_0005-50-1024x682.jpg 1024w, http:\/\/www.susannavaris.com\/blogg\/wp-content\/uploads\/2012\/03\/DSC_0005-50-300x200.jpg 300w\" sizes=\"auto, (max-width: 640px) 100vw, 640px\" \/><\/a>\u00a0<em>Cia Lind\u00e9n, Ingemar Nystr\u00f6m och Ida Stridsberg<\/em><\/p>\n<p style=\"text-align: center;\"><a href=\"http:\/\/www.susannavaris.com\/blogg\/wp-content\/uploads\/2012\/03\/DSC_0007-50.jpg\"><img loading=\"lazy\" decoding=\"async\" class=\"aligncenter size-large wp-image-4636\" title=\"DSC_0007-50\" src=\"http:\/\/www.susannavaris.com\/blogg\/wp-content\/uploads\/2012\/03\/DSC_0007-50-1024x682.jpg\" alt=\"\" width=\"640\" height=\"426\" srcset=\"http:\/\/www.susannavaris.com\/blogg\/wp-content\/uploads\/2012\/03\/DSC_0007-50-1024x682.jpg 1024w, http:\/\/www.susannavaris.com\/blogg\/wp-content\/uploads\/2012\/03\/DSC_0007-50-300x200.jpg 300w\" sizes=\"auto, (max-width: 640px) 100vw, 640px\" \/><\/a>\u00a0<em>Cia framf\u00f6r ett par av sina tavlor&#8230;<\/em><\/p>\n<p style=\"text-align: center;\"><a href=\"http:\/\/www.susannavaris.com\/blogg\/wp-content\/uploads\/2012\/03\/DSC_0009-50.jpg\"><img loading=\"lazy\" decoding=\"async\" class=\"aligncenter size-large wp-image-4637\" title=\"DSC_0009-50\" src=\"http:\/\/www.susannavaris.com\/blogg\/wp-content\/uploads\/2012\/03\/DSC_0009-50-1024x682.jpg\" alt=\"\" width=\"640\" height=\"426\" srcset=\"http:\/\/www.susannavaris.com\/blogg\/wp-content\/uploads\/2012\/03\/DSC_0009-50-1024x682.jpg 1024w, http:\/\/www.susannavaris.com\/blogg\/wp-content\/uploads\/2012\/03\/DSC_0009-50-300x200.jpg 300w\" sizes=\"auto, (max-width: 640px) 100vw, 640px\" \/><\/a>\u00a0<em>Maria Misen Gustafsson, Ingemar Nystr\u00f6m, Cia Lind\u00e9n och Ida Strida Stridsberg<\/em><\/p>\n<p style=\"text-align: center;\"><a href=\"http:\/\/www.susannavaris.com\/blogg\/wp-content\/uploads\/2012\/03\/DSC_0012-50.jpg\"><img loading=\"lazy\" decoding=\"async\" class=\"aligncenter size-large wp-image-4638\" title=\"DSC_0012-50\" src=\"http:\/\/www.susannavaris.com\/blogg\/wp-content\/uploads\/2012\/03\/DSC_0012-50-1024x682.jpg\" alt=\"\" width=\"640\" height=\"426\" srcset=\"http:\/\/www.susannavaris.com\/blogg\/wp-content\/uploads\/2012\/03\/DSC_0012-50-1024x682.jpg 1024w, http:\/\/www.susannavaris.com\/blogg\/wp-content\/uploads\/2012\/03\/DSC_0012-50-300x200.jpg 300w\" sizes=\"auto, (max-width: 640px) 100vw, 640px\" \/><\/a>\u00a0<em>Ida Strida Stridsberg med en av sina tavlor. Lite Chagall-k\u00e4nsla \u00f6ver denna. Jag gillar f\u00e5gelmotiven och k\u00f6pte en liten v\u00e4ggfigurin.<\/em><\/p>\n<p style=\"text-align: center;\"><a href=\"http:\/\/www.susannavaris.com\/blogg\/wp-content\/uploads\/2012\/03\/DSC_0013-50-crop.jpg\"><img loading=\"lazy\" decoding=\"async\" class=\"aligncenter size-large wp-image-4639\" title=\"DSC_0013-50-crop\" src=\"http:\/\/www.susannavaris.com\/blogg\/wp-content\/uploads\/2012\/03\/DSC_0013-50-crop-988x1024.jpg\" alt=\"\" width=\"640\" height=\"663\" srcset=\"http:\/\/www.susannavaris.com\/blogg\/wp-content\/uploads\/2012\/03\/DSC_0013-50-crop-988x1024.jpg 988w, http:\/\/www.susannavaris.com\/blogg\/wp-content\/uploads\/2012\/03\/DSC_0013-50-crop-289x300.jpg 289w, http:\/\/www.susannavaris.com\/blogg\/wp-content\/uploads\/2012\/03\/DSC_0013-50-crop.jpg 1116w\" sizes=\"auto, (max-width: 640px) 100vw, 640px\" \/><\/a>\u00a0<em>Cia Lind\u00e9n, Maria Misen Gustafsson, jag och Ida Strida Stridsberg. Av de utst\u00e4llande konstn\u00e4rerna saknas Lena Maijanen.<\/em><\/p>\n<p style=\"text-align: center;\"><a href=\"http:\/\/www.susannavaris.com\/blogg\/wp-content\/uploads\/2012\/03\/DSC_0014-crop-50.jpg\"><img loading=\"lazy\" decoding=\"async\" class=\"aligncenter size-large wp-image-4640\" title=\"DSC_0014-crop-50\" src=\"http:\/\/www.susannavaris.com\/blogg\/wp-content\/uploads\/2012\/03\/DSC_0014-crop-50-749x1024.jpg\" alt=\"\" width=\"640\" height=\"874\" srcset=\"http:\/\/www.susannavaris.com\/blogg\/wp-content\/uploads\/2012\/03\/DSC_0014-crop-50-749x1024.jpg 749w, http:\/\/www.susannavaris.com\/blogg\/wp-content\/uploads\/2012\/03\/DSC_0014-crop-50-219x300.jpg 219w, http:\/\/www.susannavaris.com\/blogg\/wp-content\/uploads\/2012\/03\/DSC_0014-crop-50.jpg 976w\" sizes=\"auto, (max-width: 640px) 100vw, 640px\" \/><\/a>\u00a0<a href=\"http:\/\/www.susannavaris.com\/blogg\/wp-content\/uploads\/2012\/03\/DSC_0015-50.jpg\"><img loading=\"lazy\" decoding=\"async\" class=\"aligncenter size-large wp-image-4641\" title=\"DSC_0015-50\" src=\"http:\/\/www.susannavaris.com\/blogg\/wp-content\/uploads\/2012\/03\/DSC_0015-50-1024x682.jpg\" alt=\"\" width=\"640\" height=\"426\" srcset=\"http:\/\/www.susannavaris.com\/blogg\/wp-content\/uploads\/2012\/03\/DSC_0015-50-1024x682.jpg 1024w, http:\/\/www.susannavaris.com\/blogg\/wp-content\/uploads\/2012\/03\/DSC_0015-50-300x200.jpg 300w\" sizes=\"auto, (max-width: 640px) 100vw, 640px\" \/><\/a>\u00a0<em>Figurinen l\u00e4ngst ner till v\u00e4nster \u00e4r nu min&#8230;<\/em><\/p>\n<p style=\"text-align: center;\"><a href=\"http:\/\/www.susannavaris.com\/blogg\/wp-content\/uploads\/2012\/03\/DSC_0017-50.jpg\"><img loading=\"lazy\" decoding=\"async\" class=\"aligncenter size-large wp-image-4642\" title=\"DSC_0017-50\" src=\"http:\/\/www.susannavaris.com\/blogg\/wp-content\/uploads\/2012\/03\/DSC_0017-50-1024x682.jpg\" alt=\"\" width=\"640\" height=\"426\" srcset=\"http:\/\/www.susannavaris.com\/blogg\/wp-content\/uploads\/2012\/03\/DSC_0017-50-1024x682.jpg 1024w, http:\/\/www.susannavaris.com\/blogg\/wp-content\/uploads\/2012\/03\/DSC_0017-50-300x200.jpg 300w\" sizes=\"auto, (max-width: 640px) 100vw, 640px\" \/><\/a>\u00a0<em>Kocks k\u00e4nns s\u00e5 hemtrevligt nu, jag skulle g\u00e4rna st\u00e4lla ut d\u00e4r igen&#8230;<\/em><\/p>\n<p style=\"text-align: center;\"><a href=\"http:\/\/www.susannavaris.com\/blogg\/wp-content\/uploads\/2012\/03\/DSC_0019-50.jpg\"><img loading=\"lazy\" decoding=\"async\" class=\"aligncenter size-large wp-image-4643\" title=\"DSC_0019-50\" src=\"http:\/\/www.susannavaris.com\/blogg\/wp-content\/uploads\/2012\/03\/DSC_0019-50-1024x682.jpg\" alt=\"\" width=\"640\" height=\"426\" srcset=\"http:\/\/www.susannavaris.com\/blogg\/wp-content\/uploads\/2012\/03\/DSC_0019-50-1024x682.jpg 1024w, http:\/\/www.susannavaris.com\/blogg\/wp-content\/uploads\/2012\/03\/DSC_0019-50-300x200.jpg 300w\" sizes=\"auto, (max-width: 640px) 100vw, 640px\" \/><\/a>\u00a0<em>Cia med en av sina m\u00e5lningar i bakgrunden&#8230;<\/em><\/p>\n<p style=\"text-align: center;\"><a href=\"http:\/\/www.susannavaris.com\/blogg\/wp-content\/uploads\/2012\/03\/DSC_0022-50.jpg\"><img loading=\"lazy\" decoding=\"async\" class=\"aligncenter size-large wp-image-4644\" title=\"DSC_0022-50\" src=\"http:\/\/www.susannavaris.com\/blogg\/wp-content\/uploads\/2012\/03\/DSC_0022-50-1024x682.jpg\" alt=\"\" width=\"640\" height=\"426\" srcset=\"http:\/\/www.susannavaris.com\/blogg\/wp-content\/uploads\/2012\/03\/DSC_0022-50-1024x682.jpg 1024w, http:\/\/www.susannavaris.com\/blogg\/wp-content\/uploads\/2012\/03\/DSC_0022-50-300x200.jpg 300w\" sizes=\"auto, (max-width: 640px) 100vw, 640px\" \/><\/a><em>\u00a0Sedan blev det lunch p\u00e5 Samrat of India, ett gammalt, kultigt stamst\u00e4lle f\u00f6r mig, med den underbara Djingis Khan-muralen i bakgrunden och jo, lite indiska musikvideos blev det p\u00e5 tv:n ocks\u00e5.<\/em><\/p>\n<p style=\"text-align: center;\"><a href=\"http:\/\/www.susannavaris.com\/blogg\/wp-content\/uploads\/2012\/03\/DSC_0023-50.jpg\"><img loading=\"lazy\" decoding=\"async\" class=\"aligncenter size-large wp-image-4645\" title=\"DSC_0023-50\" src=\"http:\/\/www.susannavaris.com\/blogg\/wp-content\/uploads\/2012\/03\/DSC_0023-50-1024x682.jpg\" alt=\"\" width=\"640\" height=\"426\" srcset=\"http:\/\/www.susannavaris.com\/blogg\/wp-content\/uploads\/2012\/03\/DSC_0023-50-1024x682.jpg 1024w, http:\/\/www.susannavaris.com\/blogg\/wp-content\/uploads\/2012\/03\/DSC_0023-50-300x200.jpg 300w\" sizes=\"auto, (max-width: 640px) 100vw, 640px\" \/><\/a>\u00a0<em>Kulfi, en slags indisk glass&#8230;mycket gott!<\/em><\/p>\n<p style=\"text-align: center;\"><a href=\"http:\/\/www.susannavaris.com\/blogg\/wp-content\/uploads\/2012\/03\/DSC_0024-50.jpg\"><img loading=\"lazy\" decoding=\"async\" class=\"aligncenter size-large wp-image-4646\" title=\"DSC_0024-50\" src=\"http:\/\/www.susannavaris.com\/blogg\/wp-content\/uploads\/2012\/03\/DSC_0024-50-1024x682.jpg\" alt=\"\" width=\"640\" height=\"426\" srcset=\"http:\/\/www.susannavaris.com\/blogg\/wp-content\/uploads\/2012\/03\/DSC_0024-50-1024x682.jpg 1024w, http:\/\/www.susannavaris.com\/blogg\/wp-content\/uploads\/2012\/03\/DSC_0024-50-300x200.jpg 300w\" sizes=\"auto, (max-width: 640px) 100vw, 640px\" \/><\/a>\u00a0<em>Efter\u00e5t blev det en liten promenad i Hammarby Sj\u00f6stad&#8230;<\/em><\/p>\n<p style=\"text-align: center;\"><a href=\"http:\/\/www.susannavaris.com\/blogg\/wp-content\/uploads\/2012\/03\/DSC_0025-50.jpg\"><img loading=\"lazy\" decoding=\"async\" class=\"aligncenter size-large wp-image-4647\" title=\"DSC_0025-50\" src=\"http:\/\/www.susannavaris.com\/blogg\/wp-content\/uploads\/2012\/03\/DSC_0025-50-1024x682.jpg\" alt=\"\" width=\"640\" height=\"426\" srcset=\"http:\/\/www.susannavaris.com\/blogg\/wp-content\/uploads\/2012\/03\/DSC_0025-50-1024x682.jpg 1024w, http:\/\/www.susannavaris.com\/blogg\/wp-content\/uploads\/2012\/03\/DSC_0025-50-300x200.jpg 300w\" sizes=\"auto, (max-width: 640px) 100vw, 640px\" \/><\/a>\u00a0<em>Barnhusbryggan. En f\u00e4rja d\u00e4rifr\u00e5n till Lumabryggan&#8230;<\/em><\/p>\n<p style=\"text-align: center;\"><a href=\"http:\/\/www.susannavaris.com\/blogg\/wp-content\/uploads\/2012\/03\/DSC_0026-50.jpg\"><img loading=\"lazy\" decoding=\"async\" class=\"aligncenter size-large wp-image-4648\" title=\"DSC_0026-50\" src=\"http:\/\/www.susannavaris.com\/blogg\/wp-content\/uploads\/2012\/03\/DSC_0026-50-1024x682.jpg\" alt=\"\" width=\"640\" height=\"426\" srcset=\"http:\/\/www.susannavaris.com\/blogg\/wp-content\/uploads\/2012\/03\/DSC_0026-50-1024x682.jpg 1024w, http:\/\/www.susannavaris.com\/blogg\/wp-content\/uploads\/2012\/03\/DSC_0026-50-300x200.jpg 300w\" sizes=\"auto, (max-width: 640px) 100vw, 640px\" \/><\/a>\u00a0<a href=\"http:\/\/www.susannavaris.com\/blogg\/wp-content\/uploads\/2012\/03\/DSC_0027-50.jpg\"><img loading=\"lazy\" decoding=\"async\" class=\"aligncenter size-large wp-image-4649\" title=\"DSC_0027-50\" src=\"http:\/\/www.susannavaris.com\/blogg\/wp-content\/uploads\/2012\/03\/DSC_0027-50-682x1024.jpg\" alt=\"\" width=\"640\" height=\"960\" srcset=\"http:\/\/www.susannavaris.com\/blogg\/wp-content\/uploads\/2012\/03\/DSC_0027-50-682x1024.jpg 682w, http:\/\/www.susannavaris.com\/blogg\/wp-content\/uploads\/2012\/03\/DSC_0027-50-200x300.jpg 200w, http:\/\/www.susannavaris.com\/blogg\/wp-content\/uploads\/2012\/03\/DSC_0027-50.jpg 1536w\" sizes=\"auto, (max-width: 640px) 100vw, 640px\" \/><\/a><em>\u00a0S\u00f6dra sidan av Hammarby Sj\u00f6stad \u00e4r elegant planerad och ritad. Det nya sm\u00e4lter p\u00e5 ett naturligt s\u00e4tt ihop med det gamla Luma-fabriksomr\u00e5det och det \u00e4r fullt med fiffiga l\u00f6sningar f\u00f6r mesta och b\u00e4sta sj\u00f6utsikt. Breda boulevarder och riktig stadsk\u00e4nsla&#8230;<\/em><\/p>\n<p style=\"text-align: center;\"><a href=\"http:\/\/www.susannavaris.com\/blogg\/wp-content\/uploads\/2012\/03\/DSC_0029-50.jpg\"><img loading=\"lazy\" decoding=\"async\" class=\"aligncenter size-large wp-image-4650\" title=\"DSC_0029-50\" src=\"http:\/\/www.susannavaris.com\/blogg\/wp-content\/uploads\/2012\/03\/DSC_0029-50-1024x682.jpg\" alt=\"\" width=\"640\" height=\"426\" srcset=\"http:\/\/www.susannavaris.com\/blogg\/wp-content\/uploads\/2012\/03\/DSC_0029-50-1024x682.jpg 1024w, http:\/\/www.susannavaris.com\/blogg\/wp-content\/uploads\/2012\/03\/DSC_0029-50-300x200.jpg 300w\" sizes=\"auto, (max-width: 640px) 100vw, 640px\" \/><\/a>\u00a0<a href=\"http:\/\/www.susannavaris.com\/blogg\/wp-content\/uploads\/2012\/03\/DSC_0031-50.jpg\"><img loading=\"lazy\" decoding=\"async\" class=\"aligncenter size-large wp-image-4651\" title=\"DSC_0031-50\" src=\"http:\/\/www.susannavaris.com\/blogg\/wp-content\/uploads\/2012\/03\/DSC_0031-50-682x1024.jpg\" alt=\"\" width=\"640\" height=\"960\" srcset=\"http:\/\/www.susannavaris.com\/blogg\/wp-content\/uploads\/2012\/03\/DSC_0031-50-682x1024.jpg 682w, http:\/\/www.susannavaris.com\/blogg\/wp-content\/uploads\/2012\/03\/DSC_0031-50-200x300.jpg 200w, http:\/\/www.susannavaris.com\/blogg\/wp-content\/uploads\/2012\/03\/DSC_0031-50.jpg 1536w\" sizes=\"auto, (max-width: 640px) 100vw, 640px\" \/><\/a>\u00a0<em>Vi skulle g\u00e5 till \u00c5rstabergs pendelt\u00e5gsstation och hamnade under denna fascinerande spaghetti av betongbroar. Tunnelbana, tv\u00e4rbana och bilv\u00e4g.<\/em><\/p>\n<p style=\"text-align: center;\"><a href=\"http:\/\/www.susannavaris.com\/blogg\/wp-content\/uploads\/2012\/03\/DSC_0032-50.jpg\"><img loading=\"lazy\" decoding=\"async\" class=\"aligncenter size-large wp-image-4652\" title=\"DSC_0032-50\" src=\"http:\/\/www.susannavaris.com\/blogg\/wp-content\/uploads\/2012\/03\/DSC_0032-50-1024x682.jpg\" alt=\"\" width=\"640\" height=\"426\" srcset=\"http:\/\/www.susannavaris.com\/blogg\/wp-content\/uploads\/2012\/03\/DSC_0032-50-1024x682.jpg 1024w, http:\/\/www.susannavaris.com\/blogg\/wp-content\/uploads\/2012\/03\/DSC_0032-50-300x200.jpg 300w\" sizes=\"auto, (max-width: 640px) 100vw, 640px\" \/><\/a>\u00a0<a href=\"http:\/\/www.susannavaris.com\/blogg\/wp-content\/uploads\/2012\/03\/DSC_0034-adj-501.jpg\"><img loading=\"lazy\" decoding=\"async\" class=\"aligncenter size-large wp-image-4654\" title=\"DSC_0034-adj-50\" src=\"http:\/\/www.susannavaris.com\/blogg\/wp-content\/uploads\/2012\/03\/DSC_0034-adj-501-1024x682.jpg\" alt=\"\" width=\"640\" height=\"426\" srcset=\"http:\/\/www.susannavaris.com\/blogg\/wp-content\/uploads\/2012\/03\/DSC_0034-adj-501-1024x682.jpg 1024w, http:\/\/www.susannavaris.com\/blogg\/wp-content\/uploads\/2012\/03\/DSC_0034-adj-501-300x200.jpg 300w\" sizes=\"auto, (max-width: 640px) 100vw, 640px\" \/><\/a>\u00a0<em>Isbanan \u00f6verg\u00e5r i vatten&#8230;\u00c5rstaviken<\/em><\/p>\n","protected":false},"excerpt":{"rendered":"<p>Jag hade mycket g\u00e4rna velat stanna hemma hela helgen, det har blivit mycket fl\u00e4ngande p\u00e5 sistone&#8230;men i helgen st\u00e4ller ett g\u00e4ng konstn\u00e4rsv\u00e4nner ut p\u00e5 Galleri Kocks och det ville jag g\u00e4rna se. S\u00e5 det blev Stockholm och S\u00f6der igen. Str\u00e5lande &hellip; <a href=\"http:\/\/www.susannavaris.com\/blogg\/2012\/03\/lika-olika-pa-galleri-kocks\/\">Forts\u00e4tt l\u00e4sa <span class=\"meta-nav\">&rarr;<\/span><\/a><\/p>\n","protected":false},"author":1,"featured_media":0,"comment_status":"open","ping_status":"open","sticky":false,"template":"","format":"standard","meta":{"footnotes":""},"categories":[3,1162,1,1060,889,4],"tags":[80,796,778,23,1459,1458,920,924,1457,921,4916,1007],"class_list":["post-4633","post","type-post","status-publish","format-standard","hentry","category-konst","category-kultur","category-okategoriserade","category-samhallsplanering","category-teknik","category-utstallning","tag-arkitektur","tag-cia-linden","tag-galleri-kocks-2","tag-gummistovlar","tag-hammarby-sjostad","tag-hunters","tag-ida-strida-stridsberg","tag-lena-maijanen","tag-lika-olika","tag-maria-misen-gustafsson","tag-samhallsplanering","tag-soder"],"_links":{"self":[{"href":"http:\/\/www.susannavaris.com\/blogg\/wp-json\/wp\/v2\/posts\/4633","targetHints":{"allow":["GET"]}}],"collection":[{"href":"http:\/\/www.susannavaris.com\/blogg\/wp-json\/wp\/v2\/posts"}],"about":[{"href":"http:\/\/www.susannavaris.com\/blogg\/wp-json\/wp\/v2\/types\/post"}],"author":[{"embeddable":true,"href":"http:\/\/www.susannavaris.com\/blogg\/wp-json\/wp\/v2\/users\/1"}],"replies":[{"embeddable":true,"href":"http:\/\/www.susannavaris.com\/blogg\/wp-json\/wp\/v2\/comments?post=4633"}],"version-history":[{"count":2,"href":"http:\/\/www.susannavaris.com\/blogg\/wp-json\/wp\/v2\/posts\/4633\/revisions"}],"predecessor-version":[{"id":4656,"href":"http:\/\/www.susannavaris.com\/blogg\/wp-json\/wp\/v2\/posts\/4633\/revisions\/4656"}],"wp:attachment":[{"href":"http:\/\/www.susannavaris.com\/blogg\/wp-json\/wp\/v2\/media?parent=4633"}],"wp:term":[{"taxonomy":"category","embeddable":true,"href":"http:\/\/www.susannavaris.com\/blogg\/wp-json\/wp\/v2\/categories?post=4633"},{"taxonomy":"post_tag","embeddable":true,"href":"http:\/\/www.susannavaris.com\/blogg\/wp-json\/wp\/v2\/tags?post=4633"}],"curies":[{"name":"wp","href":"https:\/\/api.w.org\/{rel}","templated":true}]}}