{"id":464,"date":"2011-05-22T22:13:09","date_gmt":"2011-05-22T20:13:09","guid":{"rendered":"http:\/\/www.susannavaris.com\/blogg\/?p=464"},"modified":"2023-02-13T16:40:47","modified_gmt":"2023-02-13T15:40:47","slug":"blondinbella-och-unkenheten","status":"publish","type":"post","link":"http:\/\/www.susannavaris.com\/blogg\/2011\/05\/blondinbella-och-unkenheten\/","title":{"rendered":"Blondinbella och unkenheten"},"content":{"rendered":"<div class=\"wp-block-image\">\n<figure class=\"aligncenter size-full\"><img loading=\"lazy\" decoding=\"async\" width=\"530\" height=\"800\" src=\"http:\/\/www.susannavaris.com\/blogg\/wp-content\/uploads\/2023\/02\/000-Isabella_Lowengrip_Blondinbella_2012-09-28_001.jpg\" alt=\"\" class=\"wp-image-17672\" title=\"bblondinbella_103120960\" srcset=\"http:\/\/www.susannavaris.com\/blogg\/wp-content\/uploads\/2023\/02\/000-Isabella_Lowengrip_Blondinbella_2012-09-28_001.jpg 530w, http:\/\/www.susannavaris.com\/blogg\/wp-content\/uploads\/2023\/02\/000-Isabella_Lowengrip_Blondinbella_2012-09-28_001-199x300.jpg 199w\" sizes=\"auto, (max-width: 530px) 100vw, 530px\" \/><figcaption class=\"wp-element-caption\">http:\/\/www.mynewsdesk.com\/se\/nannynu\/images\/blondinbella-noejd-kund-paa-nannynu-389984 Wikipedia\/ <a rel=\"noreferrer noopener\" href=\"https:\/\/creativecommons.org\/licenses\/by\/3.0\" target=\"_blank\">CC BY 3.0<\/a><\/figcaption><\/figure>\n<\/div>\n\n\n<p class=\"has-text-align-center\">Jag har ganska l\u00e5gt blodtryck. F\u00f6r att pumpa upp den n\u00e5gra sn\u00e4pp brukar jag numera ibland l\u00e4sa Aftonbladets kultursida.<\/p>\n\n\n\n<p class=\"has-text-align-center\">Ig\u00e5r fungerade detta trick \u00e5terigen. Anna-Charlott Altstadt breder ut texten om den ytliga 80\/90-talistgenerationen i allm\u00e4nhet och Blondinbella i synnerhet. Mode \u00e4r fel, modebloggare \u00e4r \u00e4nnu mera fel, entrepren\u00f6rer \u00e4r v\u00e4rst av allt. Annat var det p\u00e5 den gamla goda tiden, d\u00e5 Ann-Charlott sj\u00e4lv var ung och minsann Engagerad.<\/p>\n\n\n\n<p class=\"has-text-align-center\"><a href=\"http:\/\/www.aftonbladet.se\/kultur\/article13058134.ab\">http:\/\/www.aftonbladet.se\/kultur\/article13058134.ab<\/a><\/p>\n\n\n<div class=\"wp-block-image\">\n<figure class=\"aligncenter size-large\"><img loading=\"lazy\" decoding=\"async\" width=\"1024\" height=\"1024\" src=\"http:\/\/www.susannavaris.com\/blogg\/wp-content\/uploads\/2023\/02\/Bild-borttagen-1024x1024.jpg\" alt=\"\" class=\"wp-image-17619\" title=\"Ann-charlotte-alstadt_142_186\" srcset=\"http:\/\/www.susannavaris.com\/blogg\/wp-content\/uploads\/2023\/02\/Bild-borttagen-1024x1024.jpg 1024w, http:\/\/www.susannavaris.com\/blogg\/wp-content\/uploads\/2023\/02\/Bild-borttagen-300x300.jpg 300w, http:\/\/www.susannavaris.com\/blogg\/wp-content\/uploads\/2023\/02\/Bild-borttagen-150x150.jpg 150w, http:\/\/www.susannavaris.com\/blogg\/wp-content\/uploads\/2023\/02\/Bild-borttagen-768x768.jpg 768w, http:\/\/www.susannavaris.com\/blogg\/wp-content\/uploads\/2023\/02\/Bild-borttagen-1536x1536.jpg 1536w, http:\/\/www.susannavaris.com\/blogg\/wp-content\/uploads\/2023\/02\/Bild-borttagen-2048x2048.jpg 2048w\" sizes=\"auto, (max-width: 1024px) 100vw, 1024px\" \/><\/figure>\n<\/div>\n\n\n<p class=\"has-text-align-center\"><em>Altstadt<\/em><\/p>\n\n\n\n<p class=\"has-text-align-center\"><\/p>\n\n\n\n<p class=\"has-text-align-center\">Jag tycker att det \u00e4r deprimerande att man ser unga kvinnors entrepren\u00f6rskap och ungdomars s\u00e4tt att kommunicera som problematiskt. S\u00e4rskilt som man sj\u00e4lv redan tillh\u00f6r en v\u00e4letablerad liten elit med direktlinje ut till publiken genom ett antal tidningar. P\u00e5 n\u00e5got s\u00e4tt \u00e4r det ocks\u00e5 typiskt att man ger sig p\u00e5 n\u00e5got som unga tjejer finner intressant (och som f.\u00f6. ocks\u00e5 \u00e4r en starkt v\u00e4xande branch), mode. I Ann-Charlotts v\u00e4rld \u00e4r det enbart problematiserande artiklar om mode som kan vara intressant och acceptabelt att skriva om.<\/p>\n\n\n\n<p class=\"has-text-align-center\">F\u00f6rklaringen kommer senare i artikeln, n\u00e4r jag uppt\u00e4cker hennes rent av hatiska inst\u00e4llning till entrepren\u00f6rskap i allm\u00e4nhet. Entrepren\u00f6rskap och egoboost \u00e4r fult. K\u00e4rlek och revolution (!) \u00e4r fint. Och s\u00e5 anklagar hon dagens ungdom att leva kvar i ett \u00f6verg\u00e5ende ton\u00e5rsfas&#8230;<\/p>\n\n\n\n<p class=\"has-text-align-center\">Hur ska Sverige \u00f6verleva i en global ekonomi om vi inte har entrepren\u00f6rer? Varifr\u00e5n ska pappa statens pengar komma? Dom som han ska skapa alla j\u00e4mlika jobben till alla oss j\u00e4mlikt &nbsp;fackf\u00f6renings-, partianslutna, statligt anst\u00e4llda medborgare? Vare sig vi vill det eller inte, s\u00e5 \u00e4r verkligheten som den \u00e4r. Goda r\u00e5d \u00e4r nu dyra. Vad ska vi g\u00f6ra i Sverige om 5, 10, 20, 50 \u00e5r? Starta G\u00e4rdetfestivaler, g\u00f6ra revolution och kramas?<\/p>\n\n\n\n<p class=\"has-text-align-center\">Jag h\u00e5ller med om att insiktsfull, mera djuplodande och beskrivande modebloggeri vore mycket trevligt, men jag anser att det visst finns plats f\u00f6r enbart yta ocks\u00e5. Enbart yta \u00e4r ocks\u00e5 ett uttryck f\u00f6r v\u00e5r tid.<\/p>\n\n\n\n<p class=\"has-text-align-center\">Men men, Blondinbella g\u00f6r alla t\u00e4nkbara fel i Ann-Charlotts progg-jantelagsv\u00e4rld. Dessutom det st\u00f6rsta felet av alla, hon blir sj\u00e4lvf\u00f6rs\u00f6rjande och skapar kanske ocks\u00e5 arbeten \u00e5t andra (entrepren\u00f6r). D\u00e5 har hon ju makten \u00f6ver sitt eget liv och \u00e4r inte beroende av Pappa staten p\u00e5 samma s\u00e4tt f\u00f6r att den ska &#8221;skapa&#8221; ett arbete \u00e5t henne eller ge henne bidrag. En till r\u00f6st p\u00e5 v\u00e4nstern f\u00f6rlorad. men jag \u00e4r ganska s\u00e4ker p\u00e5 att skattepengarna hon och hennes anst\u00e4llda betalar in duger \u00e4ven f\u00f6r Ann-Charlott Altstadt.<\/p>\n\n\n\n<p class=\"has-text-align-center\"><\/p>\n","protected":false},"excerpt":{"rendered":"<p>Jag har ganska l\u00e5gt blodtryck. F\u00f6r att pumpa upp den n\u00e5gra sn\u00e4pp brukar jag numera ibland l\u00e4sa Aftonbladets kultursida. Ig\u00e5r fungerade detta trick \u00e5terigen. Anna-Charlott Altstadt breder ut texten om den ytliga 80\/90-talistgenerationen i allm\u00e4nhet och Blondinbella i synnerhet. Mode &hellip; <a href=\"http:\/\/www.susannavaris.com\/blogg\/2011\/05\/blondinbella-och-unkenheten\/\">Forts\u00e4tt l\u00e4sa <span class=\"meta-nav\">&rarr;<\/span><\/a><\/p>\n","protected":false},"author":1,"featured_media":470,"comment_status":"open","ping_status":"open","sticky":false,"template":"","format":"standard","meta":{"footnotes":""},"categories":[178,259,589,14,1,590],"tags":[149,146,147,150,19,148],"class_list":["post-464","post","type-post","status-publish","format-standard","has-post-thumbnail","hentry","category-blodtryckshojare","category-genusvetenskap","category-medier","category-mode","category-okategoriserade","category-politik","tag-aftonbladet","tag-ann-charlott-altstadt","tag-blondinbella","tag-egoboost","tag-mode-2","tag-modebloggerska"],"_links":{"self":[{"href":"http:\/\/www.susannavaris.com\/blogg\/wp-json\/wp\/v2\/posts\/464","targetHints":{"allow":["GET"]}}],"collection":[{"href":"http:\/\/www.susannavaris.com\/blogg\/wp-json\/wp\/v2\/posts"}],"about":[{"href":"http:\/\/www.susannavaris.com\/blogg\/wp-json\/wp\/v2\/types\/post"}],"author":[{"embeddable":true,"href":"http:\/\/www.susannavaris.com\/blogg\/wp-json\/wp\/v2\/users\/1"}],"replies":[{"embeddable":true,"href":"http:\/\/www.susannavaris.com\/blogg\/wp-json\/wp\/v2\/comments?post=464"}],"version-history":[{"count":8,"href":"http:\/\/www.susannavaris.com\/blogg\/wp-json\/wp\/v2\/posts\/464\/revisions"}],"predecessor-version":[{"id":17675,"href":"http:\/\/www.susannavaris.com\/blogg\/wp-json\/wp\/v2\/posts\/464\/revisions\/17675"}],"wp:featuredmedia":[{"embeddable":true,"href":"http:\/\/www.susannavaris.com\/blogg\/wp-json\/wp\/v2\/media\/470"}],"wp:attachment":[{"href":"http:\/\/www.susannavaris.com\/blogg\/wp-json\/wp\/v2\/media?parent=464"}],"wp:term":[{"taxonomy":"category","embeddable":true,"href":"http:\/\/www.susannavaris.com\/blogg\/wp-json\/wp\/v2\/categories?post=464"},{"taxonomy":"post_tag","embeddable":true,"href":"http:\/\/www.susannavaris.com\/blogg\/wp-json\/wp\/v2\/tags?post=464"}],"curies":[{"name":"wp","href":"https:\/\/api.w.org\/{rel}","templated":true}]}}