{"id":4682,"date":"2012-03-09T18:59:04","date_gmt":"2012-03-09T17:59:04","guid":{"rendered":"http:\/\/www.susannavaris.com\/blogg\/?p=4682"},"modified":"2012-03-09T18:59:04","modified_gmt":"2012-03-09T17:59:04","slug":"9-mars-2012","status":"publish","type":"post","link":"http:\/\/www.susannavaris.com\/blogg\/2012\/03\/9-mars-2012\/","title":{"rendered":"9. mars 2012"},"content":{"rendered":"<p>Ledig dag fr\u00e5n l\u00f6nearbetet och h\u00f6g tid att m\u00e5la lager nr 1 p\u00e5 oljem\u00e5lningen\/collaget med &#8221;de \u00f6verlevande&#8221;, en tavla till Curse of the Crows. Jag h\u00f6ll p\u00e5 att stressa ihop vid anblicken av de n\u00e4rmaste veckorna i kalendern, men nu har jag fixat till situationen delvis. Jag lyckades byta till mig en ledighet p\u00e5 s\u00f6ndag. Dessutom fick jag tyv\u00e4rr st\u00e4lla in ett bes\u00f6k p\u00e5 Liljevalchs V\u00e5rsalong och \u00e4ven ett efterl\u00e4ngtat m\u00f6te med b\u00e4sta Mia, men stressen b\u00f6rjade krypa upp i halsen ig\u00e5r kv\u00e4ll. Numera begriper jag i alla fall oftast att dra i n\u00f6dbromsen.<\/p>\n<p>Dagen har allts\u00e5 g\u00e5tt i m\u00e5leriets tecken&#8230;<\/p>\n<p style=\"text-align: center;\"><a href=\"http:\/\/www.susannavaris.com\/blogg\/wp-content\/uploads\/2012\/03\/DSC_0036-50.jpg\"><img loading=\"lazy\" decoding=\"async\" class=\"aligncenter size-large wp-image-4683\" title=\"DSC_0036-50\" src=\"http:\/\/www.susannavaris.com\/blogg\/wp-content\/uploads\/2012\/03\/DSC_0036-50-1024x682.jpg\" alt=\"\" width=\"640\" height=\"426\" srcset=\"http:\/\/www.susannavaris.com\/blogg\/wp-content\/uploads\/2012\/03\/DSC_0036-50-1024x682.jpg 1024w, http:\/\/www.susannavaris.com\/blogg\/wp-content\/uploads\/2012\/03\/DSC_0036-50-300x200.jpg 300w\" sizes=\"auto, (max-width: 640px) 100vw, 640px\" \/><\/a>\u00a0<em>F\u00f6rsta lagret p\u00e5 v\u00e4g&#8230;<\/em><\/p>\n<p style=\"text-align: center;\">&#8230;men vi hann med en h\u00e4rlig promenad ocks\u00e5! Mycket bra medicin mot stress. (Mot en massa el\u00e4nde egentligen.)<\/p>\n<p style=\"text-align: center;\"><a href=\"http:\/\/www.susannavaris.com\/blogg\/wp-content\/uploads\/2012\/03\/030902-50-crop.jpg\"><img loading=\"lazy\" decoding=\"async\" class=\"aligncenter size-large wp-image-4684\" title=\"030902-50-crop\" src=\"http:\/\/www.susannavaris.com\/blogg\/wp-content\/uploads\/2012\/03\/030902-50-crop-678x1024.jpg\" alt=\"\" width=\"640\" height=\"966\" srcset=\"http:\/\/www.susannavaris.com\/blogg\/wp-content\/uploads\/2012\/03\/030902-50-crop-678x1024.jpg 678w, http:\/\/www.susannavaris.com\/blogg\/wp-content\/uploads\/2012\/03\/030902-50-crop-198x300.jpg 198w, http:\/\/www.susannavaris.com\/blogg\/wp-content\/uploads\/2012\/03\/030902-50-crop.jpg 1220w\" sizes=\"auto, (max-width: 640px) 100vw, 640px\" \/><\/a>\u00a0<em>Den h\u00e4r lilla isskulpturen har naturen skapat. \u00c4r det bara jag, eller har naturen ocks\u00e5 snuskig fantasi&#8230;?<\/em><\/p>\n<p style=\"text-align: center;\">Aprop\u00e5 motionens v\u00e4lg\u00f6rande effekter; jag kommer att b\u00f6rja tr\u00e4na p\u00e5 SATS Stureplan i n\u00e4sta vecka. Jag har en personlig tr\u00e4nare och vi kommer tillsammans att utarbeta ett bra program f\u00f6r mig. Det ska bli fantastiskt roligt! M\u00e5let f\u00f6r mig \u00e4r inte att bli tr\u00e5dsmal, jag vill ha en sund och stark kropp. Godis och god mat t\u00e4nker jag inte b\u00f6rja avst\u00e5 helt. Men ju mer man tr\u00e4nar, desto mer kan man unna sig hihi. Nu beh\u00f6ver jag bara hitta bra utrustning, fr\u00e4mst skor&#8230;<\/p>\n","protected":false},"excerpt":{"rendered":"<p>Ledig dag fr\u00e5n l\u00f6nearbetet och h\u00f6g tid att m\u00e5la lager nr 1 p\u00e5 oljem\u00e5lningen\/collaget med &#8221;de \u00f6verlevande&#8221;, en tavla till Curse of the Crows. Jag h\u00f6ll p\u00e5 att stressa ihop vid anblicken av de n\u00e4rmaste veckorna i kalendern, men nu &hellip; <a href=\"http:\/\/www.susannavaris.com\/blogg\/2012\/03\/9-mars-2012\/\">Forts\u00e4tt l\u00e4sa <span class=\"meta-nav\">&rarr;<\/span><\/a><\/p>\n","protected":false},"author":1,"featured_media":0,"comment_status":"open","ping_status":"open","sticky":false,"template":"","format":"standard","meta":{"footnotes":""},"categories":[7,3,1162,1,4],"tags":[313,1474,867,1471,1475,1473,1472,1024,1470,852],"class_list":["post-4682","post","type-post","status-publish","format-standard","hentry","category-egna-verk","category-konst","category-kultur","category-okategoriserade","category-utstallning","tag-curse-of-the-crows","tag-isskulptur","tag-maleri","tag-motion","tag-oljemaleri","tag-s-a-t-s","tag-sats","tag-stureplan","tag-the-survivors","tag-traning"],"_links":{"self":[{"href":"http:\/\/www.susannavaris.com\/blogg\/wp-json\/wp\/v2\/posts\/4682","targetHints":{"allow":["GET"]}}],"collection":[{"href":"http:\/\/www.susannavaris.com\/blogg\/wp-json\/wp\/v2\/posts"}],"about":[{"href":"http:\/\/www.susannavaris.com\/blogg\/wp-json\/wp\/v2\/types\/post"}],"author":[{"embeddable":true,"href":"http:\/\/www.susannavaris.com\/blogg\/wp-json\/wp\/v2\/users\/1"}],"replies":[{"embeddable":true,"href":"http:\/\/www.susannavaris.com\/blogg\/wp-json\/wp\/v2\/comments?post=4682"}],"version-history":[{"count":2,"href":"http:\/\/www.susannavaris.com\/blogg\/wp-json\/wp\/v2\/posts\/4682\/revisions"}],"predecessor-version":[{"id":4686,"href":"http:\/\/www.susannavaris.com\/blogg\/wp-json\/wp\/v2\/posts\/4682\/revisions\/4686"}],"wp:attachment":[{"href":"http:\/\/www.susannavaris.com\/blogg\/wp-json\/wp\/v2\/media?parent=4682"}],"wp:term":[{"taxonomy":"category","embeddable":true,"href":"http:\/\/www.susannavaris.com\/blogg\/wp-json\/wp\/v2\/categories?post=4682"},{"taxonomy":"post_tag","embeddable":true,"href":"http:\/\/www.susannavaris.com\/blogg\/wp-json\/wp\/v2\/tags?post=4682"}],"curies":[{"name":"wp","href":"https:\/\/api.w.org\/{rel}","templated":true}]}}