{"id":4687,"date":"2012-03-10T11:59:41","date_gmt":"2012-03-10T10:59:41","guid":{"rendered":"http:\/\/www.susannavaris.com\/blogg\/?p=4687"},"modified":"2012-03-10T12:57:48","modified_gmt":"2012-03-10T11:57:48","slug":"en-notering-i-kanten","status":"publish","type":"post","link":"http:\/\/www.susannavaris.com\/blogg\/2012\/03\/en-notering-i-kanten\/","title":{"rendered":"En notering i kanten&#8230;"},"content":{"rendered":"<p><a href=\"http:\/\/www.susannavaris.com\/blogg\/wp-content\/uploads\/2012\/03\/nojesguiden_02_kakanjulia-106123_1fredriketoall.jpg\"><img loading=\"lazy\" decoding=\"async\" class=\"aligncenter size-full wp-image-4688\" title=\"nojesguiden_02_kakanjulia-106123_1fredriketoall\" src=\"http:\/\/www.susannavaris.com\/blogg\/wp-content\/uploads\/2012\/03\/nojesguiden_02_kakanjulia-106123_1fredriketoall.jpg\" alt=\"\" width=\"395\" height=\"531\" srcset=\"http:\/\/www.susannavaris.com\/blogg\/wp-content\/uploads\/2012\/03\/nojesguiden_02_kakanjulia-106123_1fredriketoall.jpg 395w, http:\/\/www.susannavaris.com\/blogg\/wp-content\/uploads\/2012\/03\/nojesguiden_02_kakanjulia-106123_1fredriketoall-223x300.jpg 223w\" sizes=\"auto, (max-width: 395px) 100vw, 395px\" \/><\/a><\/p>\n<p style=\"text-align: center;\"><em>Kakan &amp; Julia. Foto: Fredrik Etoall<\/em><\/p>\n<p>&#8230;p\u00e5 temat mansf\u00f6rakt inom feminismen skulle man kanske kunna s\u00e4ga. M\u00e4n f\u00e5r ju numera, som vi vet, beskrivas hur som helst i media. Det \u00e4r till\u00e5tet och till och med p\u00e5bjudet i vissa kretsar, enligt n\u00e5gon form av antagen sl\u00e5-ur-underl\u00e4ge-princip att driva med, h\u00e5na, f\u00f6rl\u00f6jliga m\u00e4n i alla m\u00f6jliga sammanhang. Mansf\u00f6raktet \u00e4r aldrig l\u00e5ngt borta n\u00e4r moderna feminister uttalar sig.<\/p>\n<p>Jag bl\u00e4ddrade i f\u00f6rra veckans N\u00f6jesguiden (hen-numret) och snubblade \u00f6ver en intervju med humorparet Kakan &amp; Julia. Jag hade ingen aning om vad dessa damer sysslar med, men kunde upplysa mig sj\u00e4lv medelst n\u00e4tet om att s\u00e4song tv\u00e5 av deras humorserie Kaka p\u00e5 Kaka nu s\u00e4nds i SVT Play med premi\u00e4r p\u00e5 kvinnodagen. Jag har inte sett n\u00e5got av detta, det kanske \u00e4r bra, det kanske \u00e4r uselt, men feministisk och r\u00e5 humor finns med i beskrivningarna.<\/p>\n<p>I intervjun svarar Kakan p\u00e5 f\u00f6ljande s\u00e4tt p\u00e5 fr\u00e5gan &#8221;vilka \u00e4r era idoler?&#8221;:<\/p>\n<p><em>&#8221;\u00c5h nej, jag f\u00e5r ju inte uttala mig partipolitiskt. Men okej: Valerie Solanas, Andrea Dworkin och min morsa. Min mamma \u00e4r fattig arbetarklass fr\u00e5n Trollh\u00e4ttan. Hon \u00e4r undersk\u00f6terska, har jobbat natt och tagit hand om mig och min syster. Hon har en man ocks\u00e5 men m\u00e4n \u00e4r ju typ som utvecklingsst\u00f6rda barn, s\u00e5 bara det blir ju en kamp i sig. F\u00f6r mig \u00e4r det ett under att kvinnor \u00f6verlever och inte tar livet av sig i den h\u00e4r fula, fula v\u00e4rlden vi lever i.&#8221;<\/em><\/p>\n<p>Onekligen en tillspetsning av vardagsvokabul\u00e4ren med &#8221;gubbar&#8221; och &#8221;gubbslem&#8221; etc som frodas snart sagt \u00f6verallt. Anses s\u00e5dant h\u00e4r som fr\u00e4scht och modigt inom den moderna feminismen? Vilka underverk f\u00f6r j\u00e4mst\u00e4lldheten uppn\u00e5r man med attityder som dessa?<\/p>\n<p><a href=\"http:\/\/nojesguiden.se\/artiklar\/doskalle-masterligt-moter-kakan-julia\">http:\/\/nojesguiden.se\/artiklar\/doskalle-masterligt-moter-kakan-julia<\/a><\/p>\n","protected":false},"excerpt":{"rendered":"<p>Kakan &amp; Julia. Foto: Fredrik Etoall &#8230;p\u00e5 temat mansf\u00f6rakt inom feminismen skulle man kanske kunna s\u00e4ga. M\u00e4n f\u00e5r ju numera, som vi vet, beskrivas hur som helst i media. Det \u00e4r till\u00e5tet och till och med p\u00e5bjudet i vissa kretsar, &hellip; <a href=\"http:\/\/www.susannavaris.com\/blogg\/2012\/03\/en-notering-i-kanten\/\">Forts\u00e4tt l\u00e4sa <span class=\"meta-nav\">&rarr;<\/span><\/a><\/p>\n","protected":false},"author":1,"featured_media":0,"comment_status":"open","ping_status":"open","sticky":false,"template":"","format":"standard","meta":{"footnotes":""},"categories":[178,181,1321,1162,589,994,1,590,384],"tags":[4900,1332,1476,1461],"class_list":["post-4687","post","type-post","status-publish","format-standard","hentry","category-blodtryckshojare","category-feminism","category-jamstalldhet","category-kultur","category-medier","category-musik","category-okategoriserade","category-politik","category-tv","tag-feminism","tag-hen","tag-kakan-julia","tag-nojesguiden"],"_links":{"self":[{"href":"http:\/\/www.susannavaris.com\/blogg\/wp-json\/wp\/v2\/posts\/4687","targetHints":{"allow":["GET"]}}],"collection":[{"href":"http:\/\/www.susannavaris.com\/blogg\/wp-json\/wp\/v2\/posts"}],"about":[{"href":"http:\/\/www.susannavaris.com\/blogg\/wp-json\/wp\/v2\/types\/post"}],"author":[{"embeddable":true,"href":"http:\/\/www.susannavaris.com\/blogg\/wp-json\/wp\/v2\/users\/1"}],"replies":[{"embeddable":true,"href":"http:\/\/www.susannavaris.com\/blogg\/wp-json\/wp\/v2\/comments?post=4687"}],"version-history":[{"count":3,"href":"http:\/\/www.susannavaris.com\/blogg\/wp-json\/wp\/v2\/posts\/4687\/revisions"}],"predecessor-version":[{"id":4691,"href":"http:\/\/www.susannavaris.com\/blogg\/wp-json\/wp\/v2\/posts\/4687\/revisions\/4691"}],"wp:attachment":[{"href":"http:\/\/www.susannavaris.com\/blogg\/wp-json\/wp\/v2\/media?parent=4687"}],"wp:term":[{"taxonomy":"category","embeddable":true,"href":"http:\/\/www.susannavaris.com\/blogg\/wp-json\/wp\/v2\/categories?post=4687"},{"taxonomy":"post_tag","embeddable":true,"href":"http:\/\/www.susannavaris.com\/blogg\/wp-json\/wp\/v2\/tags?post=4687"}],"curies":[{"name":"wp","href":"https:\/\/api.w.org\/{rel}","templated":true}]}}