{"id":4696,"date":"2012-03-11T21:07:46","date_gmt":"2012-03-11T20:07:46","guid":{"rendered":"http:\/\/www.susannavaris.com\/blogg\/?p=4696"},"modified":"2012-03-13T22:11:56","modified_gmt":"2012-03-13T21:11:56","slug":"a-non-smoking-generation-pa-clarion-hotel-2012","status":"publish","type":"post","link":"http:\/\/www.susannavaris.com\/blogg\/2012\/03\/a-non-smoking-generation-pa-clarion-hotel-2012\/","title":{"rendered":"A Non Smoking Generation p\u00e5 Clarion Hotel 2012"},"content":{"rendered":"<p>S\u00e5 var det dags f\u00f6r \u00e5rets bloggsession med A Non Smoking Generation p\u00e5 Clarion Hotel, Ringv\u00e4gen i Stockholm. Det visade sig bli ett mycket roligt och intressant evenemang. Jag var ute i god tid och trodde till en b\u00f6rjan att jag hade tagit fel p\u00e5 datum, tid eller plats, eftersom n\u00e4stan inga m\u00e4nniskor syntes till&#8230;men det l\u00f6ste sig. R\u00e4tt plats, r\u00e4tt tid och till slut kom det riktigt m\u00e5nga till det h\u00e4r m\u00f6tet. S\u00e5 pass m\u00e5nga, att man var tvungen att h\u00e4mta extrastolar&#8230;vilket ju \u00e4r bra. R\u00f6kning \u00e4r fortsatt ett stort problem och v\u00e4xande framf\u00f6r allt i gruppen unga ton\u00e5rstjejer. Intressant nog visade sig r\u00f6kningen vara mest utbredd i de mera v\u00e4lbest\u00e4llda delarna av Stockholm (hos gymnasister)&#8230;<\/p>\n<p style=\"text-align: center;\"><a href=\"http:\/\/www.susannavaris.com\/blogg\/wp-content\/uploads\/2012\/03\/DSC_0038-50.jpg\"><img loading=\"lazy\" decoding=\"async\" class=\"aligncenter size-large wp-image-4697\" title=\"DSC_0038-50\" src=\"http:\/\/www.susannavaris.com\/blogg\/wp-content\/uploads\/2012\/03\/DSC_0038-50-1024x682.jpg\" alt=\"\" width=\"640\" height=\"426\" srcset=\"http:\/\/www.susannavaris.com\/blogg\/wp-content\/uploads\/2012\/03\/DSC_0038-50-1024x682.jpg 1024w, http:\/\/www.susannavaris.com\/blogg\/wp-content\/uploads\/2012\/03\/DSC_0038-50-300x200.jpg 300w\" sizes=\"auto, (max-width: 640px) 100vw, 640px\" \/><\/a>\u00a0<em>Clarions mumsiga kakbuffe&#8230;<\/em><\/p>\n<p style=\"text-align: center;\"><a href=\"http:\/\/www.susannavaris.com\/blogg\/wp-content\/uploads\/2012\/03\/DSC_0039-50.jpg\"><img loading=\"lazy\" decoding=\"async\" class=\"aligncenter size-large wp-image-4698\" title=\"DSC_0039-50\" src=\"http:\/\/www.susannavaris.com\/blogg\/wp-content\/uploads\/2012\/03\/DSC_0039-50-1024x682.jpg\" alt=\"\" width=\"640\" height=\"426\" srcset=\"http:\/\/www.susannavaris.com\/blogg\/wp-content\/uploads\/2012\/03\/DSC_0039-50-1024x682.jpg 1024w, http:\/\/www.susannavaris.com\/blogg\/wp-content\/uploads\/2012\/03\/DSC_0039-50-300x200.jpg 300w\" sizes=\"auto, (max-width: 640px) 100vw, 640px\" \/><\/a>\u00a0<em>Folk b\u00f6rjar samlas&#8230;<\/em><\/p>\n<p style=\"text-align: center;\"><a href=\"http:\/\/www.susannavaris.com\/blogg\/wp-content\/uploads\/2012\/03\/DSC_0040-50.jpg\"><img loading=\"lazy\" decoding=\"async\" class=\"aligncenter size-large wp-image-4699\" title=\"DSC_0040-50\" src=\"http:\/\/www.susannavaris.com\/blogg\/wp-content\/uploads\/2012\/03\/DSC_0040-50-1024x682.jpg\" alt=\"\" width=\"640\" height=\"426\" srcset=\"http:\/\/www.susannavaris.com\/blogg\/wp-content\/uploads\/2012\/03\/DSC_0040-50-1024x682.jpg 1024w, http:\/\/www.susannavaris.com\/blogg\/wp-content\/uploads\/2012\/03\/DSC_0040-50-300x200.jpg 300w\" sizes=\"auto, (max-width: 640px) 100vw, 640px\" \/><\/a>\u00a0<em>\u00c4ven personal fr\u00e5n den numera riksk\u00e4nda dagiset Egalia fanns med bland g\u00e4sterna&#8230;<\/em><\/p>\n<p style=\"text-align: center;\"><a href=\"http:\/\/www.susannavaris.com\/blogg\/wp-content\/uploads\/2012\/03\/DSC_0043-50.jpg\"><img loading=\"lazy\" decoding=\"async\" class=\"aligncenter size-large wp-image-4700\" title=\"DSC_0043-50\" src=\"http:\/\/www.susannavaris.com\/blogg\/wp-content\/uploads\/2012\/03\/DSC_0043-50-682x1024.jpg\" alt=\"\" width=\"640\" height=\"960\" srcset=\"http:\/\/www.susannavaris.com\/blogg\/wp-content\/uploads\/2012\/03\/DSC_0043-50-682x1024.jpg 682w, http:\/\/www.susannavaris.com\/blogg\/wp-content\/uploads\/2012\/03\/DSC_0043-50-200x300.jpg 200w, http:\/\/www.susannavaris.com\/blogg\/wp-content\/uploads\/2012\/03\/DSC_0043-50.jpg 1536w\" sizes=\"auto, (max-width: 640px) 100vw, 640px\" \/><\/a>\u00a0<em>Jag fick en mycket trevlig och intressant pratstund med bloggaren Simon Leisj\u00f6&#8230;<\/em><\/p>\n<p style=\"text-align: center;\"><a href=\"http:\/\/www.susannavaris.com\/blogg\/wp-content\/uploads\/2012\/03\/DSC_0045-50.jpg\"><img loading=\"lazy\" decoding=\"async\" class=\"aligncenter size-large wp-image-4701\" title=\"DSC_0045-50\" src=\"http:\/\/www.susannavaris.com\/blogg\/wp-content\/uploads\/2012\/03\/DSC_0045-50-682x1024.jpg\" alt=\"\" width=\"640\" height=\"960\" srcset=\"http:\/\/www.susannavaris.com\/blogg\/wp-content\/uploads\/2012\/03\/DSC_0045-50-682x1024.jpg 682w, http:\/\/www.susannavaris.com\/blogg\/wp-content\/uploads\/2012\/03\/DSC_0045-50-200x300.jpg 200w, http:\/\/www.susannavaris.com\/blogg\/wp-content\/uploads\/2012\/03\/DSC_0045-50.jpg 1536w\" sizes=\"auto, (max-width: 640px) 100vw, 640px\" \/><\/a><em>\u00a0&#8230;och \u00e4ven Camilla N\u00e4slund, som ber\u00e4ttade om initiativet Bra Annorlunda, d\u00e4r man uppm\u00e4rksammar annorlunda m\u00e4nniskor som p\u00e5 n\u00e5got s\u00e4tt bidrar med positiva saker f\u00f6r sina medm\u00e4nniskor (till exempel).<\/em><\/p>\n<p style=\"text-align: center;\"><a href=\"http:\/\/www.susannavaris.com\/blogg\/wp-content\/uploads\/2012\/03\/femifrykberg01.jpg\"><img loading=\"lazy\" decoding=\"async\" class=\"aligncenter size-full wp-image-4702\" title=\"femifrykberg01\" src=\"http:\/\/www.susannavaris.com\/blogg\/wp-content\/uploads\/2012\/03\/femifrykberg01.jpg\" alt=\"\" width=\"636\" height=\"960\" srcset=\"http:\/\/www.susannavaris.com\/blogg\/wp-content\/uploads\/2012\/03\/femifrykberg01.jpg 636w, http:\/\/www.susannavaris.com\/blogg\/wp-content\/uploads\/2012\/03\/femifrykberg01-198x300.jpg 198w\" sizes=\"auto, (max-width: 636px) 100vw, 636px\" \/><\/a>\u00a0<em>Med Simon Leisj\u00f6. Foto: Femi Frykberg\/Skugge &amp; Co<\/em><\/p>\n<p style=\"text-align: center;\"><a href=\"http:\/\/www.susannavaris.com\/blogg\/wp-content\/uploads\/2012\/03\/DSC_0046-50.jpg\"><img loading=\"lazy\" decoding=\"async\" class=\"aligncenter size-large wp-image-4703\" title=\"DSC_0046-50\" src=\"http:\/\/www.susannavaris.com\/blogg\/wp-content\/uploads\/2012\/03\/DSC_0046-50-1024x682.jpg\" alt=\"\" width=\"640\" height=\"426\" srcset=\"http:\/\/www.susannavaris.com\/blogg\/wp-content\/uploads\/2012\/03\/DSC_0046-50-1024x682.jpg 1024w, http:\/\/www.susannavaris.com\/blogg\/wp-content\/uploads\/2012\/03\/DSC_0046-50-300x200.jpg 300w\" sizes=\"auto, (max-width: 640px) 100vw, 640px\" \/><\/a><\/p>\n<p style=\"text-align: center;\"><em>Alla dessa roliga \u00e4mnen finns i cigarretter. Varje \u00e5r b\u00f6rjar 16 000 ungdomar r\u00f6ka, eller 45 per dag.<\/em><\/p>\n<p style=\"text-align: center;\"><a href=\"http:\/\/www.susannavaris.com\/blogg\/wp-content\/uploads\/2012\/03\/DSC_0047-50.jpg\"><img loading=\"lazy\" decoding=\"async\" class=\"aligncenter size-large wp-image-4704\" title=\"DSC_0047-50\" src=\"http:\/\/www.susannavaris.com\/blogg\/wp-content\/uploads\/2012\/03\/DSC_0047-50-682x1024.jpg\" alt=\"\" width=\"640\" height=\"960\" srcset=\"http:\/\/www.susannavaris.com\/blogg\/wp-content\/uploads\/2012\/03\/DSC_0047-50-682x1024.jpg 682w, http:\/\/www.susannavaris.com\/blogg\/wp-content\/uploads\/2012\/03\/DSC_0047-50-200x300.jpg 200w, http:\/\/www.susannavaris.com\/blogg\/wp-content\/uploads\/2012\/03\/DSC_0047-50.jpg 1536w\" sizes=\"auto, (max-width: 640px) 100vw, 640px\" \/><\/a>\u00a0<em>A Non Smoking Generation ber\u00e4ttar&#8230;om tobaksbolagens raffinerade metoder att n\u00e5 ut till ungdomar genom exempelvis k\u00e4ndisar, gratisprover, sublim reklam i filmer etc etc\u00a0<\/em><\/p>\n<p style=\"text-align: center;\">Jag skrev om Robert Pattisons, som \u00e4r en stor idol f\u00f6r unga tjejer, medverkan i reklam f\u00f6r ett tobaksbolag p\u00e5 facebook f\u00f6rra \u00e5ret. \u00c4ven Sarah Jessica Parkers rollfigur Carrie Bradshaw i Sex and the City r\u00f6ker (hon slutade dock i serien), men det senaste exemplen kan best\u00e5 av t ex Lady Gaga, som i sin utkl\u00e4dnad till kille kompletterade med en cigarrett i mungipan. Kate Moss r\u00f6kte p\u00e5 en modevisning i mars f\u00f6rra \u00e5ret, bild och text fr\u00e5n superstarmagazine.com:<\/p>\n<p style=\"text-align: center;\"><a href=\"http:\/\/www.susannavaris.com\/blogg\/wp-content\/uploads\/2012\/03\/Smoking-Haute-Kate-Moss-002-681x1024.jpg\"><img loading=\"lazy\" decoding=\"async\" class=\"aligncenter size-full wp-image-4705\" title=\"Smoking-Haute-Kate-Moss-002-681x1024\" src=\"http:\/\/www.susannavaris.com\/blogg\/wp-content\/uploads\/2012\/03\/Smoking-Haute-Kate-Moss-002-681x1024.jpg\" alt=\"\" width=\"681\" height=\"1024\" srcset=\"http:\/\/www.susannavaris.com\/blogg\/wp-content\/uploads\/2012\/03\/Smoking-Haute-Kate-Moss-002-681x1024.jpg 681w, http:\/\/www.susannavaris.com\/blogg\/wp-content\/uploads\/2012\/03\/Smoking-Haute-Kate-Moss-002-681x1024-199x300.jpg 199w\" sizes=\"auto, (max-width: 681px) 100vw, 681px\" \/><\/a>\u00a0&#8221;<em>Controversial Kate Moss celebrated her freedom by smoking on the \u2018No Smoking Day\u2019 at Paris Fashion Week during the Louis Vuitton Fashion Show. Kate Moss returned to the runway after a three year break and oozed nothing but a sex-appeal!&#8221;<\/em><\/p>\n<p style=\"text-align: left;\">Ja, vad s\u00e4ger man? Mot s\u00e5dana h\u00e4r krafter k\u00e4nns antir\u00f6kningskampanjerna r\u00e4tt hoppl\u00f6sa&#8230;Kate Moss \u00e4r redan skyldig till Hunters-st\u00f6velepidemin och nu detta. Nej, f\u00f6rl\u00e5t! \u00a0R\u00f6kning \u00e4r ett mycket allvarligt \u00e4mne och jag ska inte sk\u00e4mta bort det (kunde bara inte l\u00e5ta bli). K\u00e4ra unga tjejer (och killar), bara ni slutar eller inte ens b\u00f6rjar r\u00f6ka s\u00e5 lovar jag att aldrig mera gn\u00e4lla p\u00e5 Hunters-st\u00f6vlarna.<\/p>\n<p style=\"text-align: center;\"><a href=\"http:\/\/www.susannavaris.com\/blogg\/wp-content\/uploads\/2012\/03\/428028_10150588703156835_725571834_9534609_326603995_n.jpg\"><img loading=\"lazy\" decoding=\"async\" class=\"aligncenter size-full wp-image-4707\" title=\"428028_10150588703156835_725571834_9534609_326603995_n\" src=\"http:\/\/www.susannavaris.com\/blogg\/wp-content\/uploads\/2012\/03\/428028_10150588703156835_725571834_9534609_326603995_n.jpg\" alt=\"\" width=\"960\" height=\"636\" srcset=\"http:\/\/www.susannavaris.com\/blogg\/wp-content\/uploads\/2012\/03\/428028_10150588703156835_725571834_9534609_326603995_n.jpg 960w, http:\/\/www.susannavaris.com\/blogg\/wp-content\/uploads\/2012\/03\/428028_10150588703156835_725571834_9534609_326603995_n-300x198.jpg 300w\" sizes=\"auto, (max-width: 960px) 100vw, 960px\" \/><\/a>\u00a0<em>Min tofs l\u00e4ngst till h\u00f6ger&#8230; :) Foto: Femi Frykberg\/Skugge &amp; Co<\/em><\/p>\n<p style=\"text-align: center;\"><a href=\"http:\/\/www.susannavaris.com\/blogg\/wp-content\/uploads\/2012\/03\/DSC_0049-50-crop.jpg\"><img loading=\"lazy\" decoding=\"async\" class=\"aligncenter size-large wp-image-4706\" title=\"DSC_0049-50-crop\" src=\"http:\/\/www.susannavaris.com\/blogg\/wp-content\/uploads\/2012\/03\/DSC_0049-50-crop-1024x584.jpg\" alt=\"\" width=\"640\" height=\"365\" srcset=\"http:\/\/www.susannavaris.com\/blogg\/wp-content\/uploads\/2012\/03\/DSC_0049-50-crop-1024x584.jpg 1024w, http:\/\/www.susannavaris.com\/blogg\/wp-content\/uploads\/2012\/03\/DSC_0049-50-crop-300x171.jpg 300w\" sizes=\"auto, (max-width: 640px) 100vw, 640px\" \/><\/a>\u00a0<em>En liten attitydunders\u00f6kning&#8230;<\/em><\/p>\n<p style=\"text-align: center;\">Fr\u00e5gest\u00e4llningen var: Skulle du g\u00f6ra reklam f\u00f6r cigarretter p\u00e5 din blogg?<\/p>\n<p style=\"text-align: center;\">a) Ja \u00a0b) Nej \u00a0c) Det beror p\u00e5 betalningen \u00a0d) Eget alternativ<\/p>\n<p style=\"text-align: left;\">I v\u00e5r lilla h\u00f6rna med alternativet d) fanns jag, Simon, Paulina Starborn och en musikbloggare. Jag menade att jag skulle, om betalningen var mycket furstlig, ta pengarna och g\u00f6ra reklamen. Min blogg \u00e4r ganska liten i sammanhanget och med tobaksbolagspengarna skulle jag marknadsf\u00f6ra den till att bli st\u00f6rre. Sedan skulle jag avsl\u00f6ja tobaksbolaget f\u00f6r de r\u00e5ttor de \u00e4r och hur de har utnyttjat mig till sin propaganda. F\u00f6rmodligen skulle jag d\u00e5 bli st\u00e4md&#8230;men kanske inte \u00e4nd\u00e5. Det skulle leda till \u00e4nnu mera badwill f\u00f6r firman&#8230;<\/p>\n<p style=\"text-align: left;\">Som sagt, det blev en hel del intressanta diskussioner kring detta tema.<\/p>\n<p style=\"text-align: left;\">Visste du att 80 000 barn ber\u00e4knas arbeta p\u00e5 tobaksplantager i bara Malawi? Mera info hos:<\/p>\n<p style=\"text-align: left;\"><a href=\"http:\/\/www.nonsmoking.se\/\">http:\/\/www.nonsmoking.se\/<\/a><\/p>\n<p style=\"text-align: center;\">Det s\u00e4gs att ungdomarna \u00e4r tr\u00f6tta p\u00e5 skr\u00e4ckpropaganda, men eftersom det troligen just d\u00e4rf\u00f6r inte har anv\u00e4nts p\u00e5 ett tag s\u00e5 k\u00f6r jag en liten teaser f\u00f6r r\u00f6kning:<\/p>\n<p style=\"text-align: center;\"><a href=\"http:\/\/www.susannavaris.com\/blogg\/wp-content\/uploads\/2012\/03\/lungcancer.jpg\"><img loading=\"lazy\" decoding=\"async\" class=\"aligncenter size-full wp-image-4708\" title=\"lungcancer\" src=\"http:\/\/www.susannavaris.com\/blogg\/wp-content\/uploads\/2012\/03\/lungcancer.jpg\" alt=\"\" width=\"360\" height=\"235\" srcset=\"http:\/\/www.susannavaris.com\/blogg\/wp-content\/uploads\/2012\/03\/lungcancer.jpg 360w, http:\/\/www.susannavaris.com\/blogg\/wp-content\/uploads\/2012\/03\/lungcancer-300x195.jpg 300w\" sizes=\"auto, (max-width: 360px) 100vw, 360px\" \/><\/a>\u00a0<em>Lungcancer<\/em><\/p>\n<p style=\"text-align: center;\"><a href=\"http:\/\/www.susannavaris.com\/blogg\/wp-content\/uploads\/2012\/03\/lungcancers-img_lungs01-1.jpg\"><img loading=\"lazy\" decoding=\"async\" class=\"aligncenter size-full wp-image-4709\" title=\"lungcancers-img_lungs01-1\" src=\"http:\/\/www.susannavaris.com\/blogg\/wp-content\/uploads\/2012\/03\/lungcancers-img_lungs01-1.jpg\" alt=\"\" width=\"471\" height=\"531\" srcset=\"http:\/\/www.susannavaris.com\/blogg\/wp-content\/uploads\/2012\/03\/lungcancers-img_lungs01-1.jpg 471w, http:\/\/www.susannavaris.com\/blogg\/wp-content\/uploads\/2012\/03\/lungcancers-img_lungs01-1-266x300.jpg 266w\" sizes=\"auto, (max-width: 471px) 100vw, 471px\" \/><\/a>\u00a0<em>Lungcancer och frisk lunga<\/em><\/p>\n<p style=\"text-align: center;\"><a href=\"http:\/\/www.susannavaris.com\/blogg\/wp-content\/uploads\/2012\/03\/lungcancermouthcancer.jpg\"><img loading=\"lazy\" decoding=\"async\" class=\"aligncenter size-full wp-image-4710\" title=\"lungcancermouthcancer\" src=\"http:\/\/www.susannavaris.com\/blogg\/wp-content\/uploads\/2012\/03\/lungcancermouthcancer.jpg\" alt=\"\" width=\"1024\" height=\"576\" srcset=\"http:\/\/www.susannavaris.com\/blogg\/wp-content\/uploads\/2012\/03\/lungcancermouthcancer.jpg 1024w, http:\/\/www.susannavaris.com\/blogg\/wp-content\/uploads\/2012\/03\/lungcancermouthcancer-300x168.jpg 300w\" sizes=\"auto, (max-width: 1024px) 100vw, 1024px\" \/><\/a>\u00a0<em>Cancer i munnen<\/em><\/p>\n<p style=\"text-align: center;\"><a href=\"http:\/\/www.susannavaris.com\/blogg\/wp-content\/uploads\/2012\/03\/lungcancerSmoking-can-cause-several-diseases-3.jpg\"><img loading=\"lazy\" decoding=\"async\" class=\"aligncenter size-full wp-image-4711\" title=\"lungcancerSmoking-can-cause-several-diseases-3\" src=\"http:\/\/www.susannavaris.com\/blogg\/wp-content\/uploads\/2012\/03\/lungcancerSmoking-can-cause-several-diseases-3.jpg\" alt=\"\" width=\"416\" height=\"300\" srcset=\"http:\/\/www.susannavaris.com\/blogg\/wp-content\/uploads\/2012\/03\/lungcancerSmoking-can-cause-several-diseases-3.jpg 416w, http:\/\/www.susannavaris.com\/blogg\/wp-content\/uploads\/2012\/03\/lungcancerSmoking-can-cause-several-diseases-3-300x216.jpg 300w\" sizes=\"auto, (max-width: 416px) 100vw, 416px\" \/><\/a>\u00a0<em>Tum\u00f6r<\/em><\/p>\n<p style=\"text-align: center;\"><a href=\"http:\/\/www.susannavaris.com\/blogg\/wp-content\/uploads\/2012\/03\/lungcancer-lungcancer-lungor.jpg\"><img loading=\"lazy\" decoding=\"async\" class=\"aligncenter size-full wp-image-4712\" title=\"lungcancer-lungcancer-lungor\" src=\"http:\/\/www.susannavaris.com\/blogg\/wp-content\/uploads\/2012\/03\/lungcancer-lungcancer-lungor.jpg\" alt=\"\" width=\"497\" height=\"474\" srcset=\"http:\/\/www.susannavaris.com\/blogg\/wp-content\/uploads\/2012\/03\/lungcancer-lungcancer-lungor.jpg 497w, http:\/\/www.susannavaris.com\/blogg\/wp-content\/uploads\/2012\/03\/lungcancer-lungcancer-lungor-300x286.jpg 300w\" sizes=\"auto, (max-width: 497px) 100vw, 497px\" \/><\/a>\u00a0<em>R\u00f6kning kan leda till en framtid som denna&#8230;<\/em><\/p>\n<p style=\"text-align: center;\"><a href=\"http:\/\/www.susannavaris.com\/blogg\/wp-content\/uploads\/2012\/03\/lungcancer_3.jpg\"><img loading=\"lazy\" decoding=\"async\" class=\"aligncenter size-large wp-image-4713\" title=\"lungcancer_3\" src=\"http:\/\/www.susannavaris.com\/blogg\/wp-content\/uploads\/2012\/03\/lungcancer_3-1024x682.jpg\" alt=\"\" width=\"640\" height=\"426\" srcset=\"http:\/\/www.susannavaris.com\/blogg\/wp-content\/uploads\/2012\/03\/lungcancer_3-1024x682.jpg 1024w, http:\/\/www.susannavaris.com\/blogg\/wp-content\/uploads\/2012\/03\/lungcancer_3-300x200.jpg 300w, http:\/\/www.susannavaris.com\/blogg\/wp-content\/uploads\/2012\/03\/lungcancer_3.jpg 1258w\" sizes=\"auto, (max-width: 640px) 100vw, 640px\" \/><\/a>\u00a0<em>Aprop\u00e5 mode, Dior f\u00f6reg\u00e5r med gott exempel&#8230;<\/em><\/p>\n<p style=\"text-align: left;\">Jag r\u00f6kte som en borstbindare i ungef\u00e4r tio \u00e5r. R\u00f6kningen lugnade nerverna, t\u00e4nkte jag. Det \u00e4r precis tv\u00e4rtom. Titta bara p\u00e5 en r\u00f6kare utan cigarretter. R\u00f6kningen hj\u00e4lpte till att h\u00e5lla vikten. Det kanske det gjorde. Men efter att ha blivit n\u00e4stan sams med min kropp och sj\u00e4l s\u00e5 vill jag numera ge min kropp nyttigheter, tr\u00e4na den lagom och sk\u00e4mma bort sj\u00e4len med godsaker ibland. Jag bryr mig inte ett skvatt om n\u00e5gra hysteriska smalhetsideal l\u00e4ngre, huvudsaken \u00e4r att jag m\u00e5r bra och har energi f\u00f6r att fungera och skapa. Dessutom blev jag gruvligt tr\u00f6tt p\u00e5 slaveriet under cigarretterna, att alltid beh\u00f6va jaga efter dem och se till att de fanns i n\u00e4rheten. Att dessutom l\u00e4gga tiotusentals kronor per \u00e5r p\u00e5 att f\u00f6rd\u00e4rva sin h\u00e4lsa och m\u00e5 d\u00e5ligt&#8230;det k\u00e4ndes till slut som exakt en s\u00e5 korkad id\u00e9 som det \u00e4r.<\/p>\n<p style=\"text-align: center;\"><a href=\"http:\/\/www.susannavaris.com\/blogg\/wp-content\/uploads\/2012\/03\/DSC_0050-50.jpg\"><img loading=\"lazy\" decoding=\"async\" class=\"aligncenter size-large wp-image-4715\" title=\"DSC_0050-50\" src=\"http:\/\/www.susannavaris.com\/blogg\/wp-content\/uploads\/2012\/03\/DSC_0050-50-682x1024.jpg\" alt=\"\" width=\"640\" height=\"960\" srcset=\"http:\/\/www.susannavaris.com\/blogg\/wp-content\/uploads\/2012\/03\/DSC_0050-50-682x1024.jpg 682w, http:\/\/www.susannavaris.com\/blogg\/wp-content\/uploads\/2012\/03\/DSC_0050-50-200x300.jpg 200w, http:\/\/www.susannavaris.com\/blogg\/wp-content\/uploads\/2012\/03\/DSC_0050-50.jpg 1536w\" sizes=\"auto, (max-width: 640px) 100vw, 640px\" \/><\/a><em>\u00a0Paulina Starborn gillar rosa och vill st\u00e4rka unga tjejers sj\u00e4lvf\u00f6rtroende.Vi talade om f\u00e4rgen rosa och den starka laddning den har. Historiskt har rosa varit en f\u00e4rg f\u00f6r maktpersoner, men har i v\u00e5r tid en kraftig laddning. Den laddningen kan ha olika inneb\u00f6rd f\u00f6r olika individer, men \u00e4r oftast v\u00e4ldigt stark. \u00a0Foto: Susanna Varis<\/em><\/p>\n<p style=\"text-align: center;\"><a href=\"http:\/\/www.susannavaris.com\/blogg\/wp-content\/uploads\/2012\/03\/DSC_0052-50.jpg\"><img loading=\"lazy\" decoding=\"async\" class=\"aligncenter size-large wp-image-4716\" title=\"DSC_0052-50\" src=\"http:\/\/www.susannavaris.com\/blogg\/wp-content\/uploads\/2012\/03\/DSC_0052-50-1024x682.jpg\" alt=\"\" width=\"640\" height=\"426\" srcset=\"http:\/\/www.susannavaris.com\/blogg\/wp-content\/uploads\/2012\/03\/DSC_0052-50-1024x682.jpg 1024w, http:\/\/www.susannavaris.com\/blogg\/wp-content\/uploads\/2012\/03\/DSC_0052-50-300x200.jpg 300w\" sizes=\"auto, (max-width: 640px) 100vw, 640px\" \/><\/a>\u00a0<em>Och s\u00e5 ett tack till v\u00e5ra sponsorer!<\/em><\/p>\n<p style=\"text-align: center;\">L\u00e4nkar:<\/p>\n<p style=\"text-align: center;\"><a href=\"http:\/\/www.finest.se\/SimonLeisj%C3%B6\">http:\/\/www.finest.se\/SimonLeisj%C3%B6<\/a><\/p>\n<p style=\"text-align: center;\"><a href=\"http:\/\/www.finest.se\/userBlog\/?uid=38622&amp;catid=1506\">http:\/\/www.finest.se\/userBlog\/?uid=38622&amp;catid=1506<\/a><\/p>\n<p style=\"text-align: center;\"><a href=\"http:\/\/paulinastarborn.se\/blogg\/\">http:\/\/paulinastarborn.se\/blogg\/<\/a><\/p>\n<p style=\"text-align: center;\">Mera bilder fr\u00e5n Clarion Hotel hos Skugge &amp; Co:<\/p>\n<p style=\"text-align: center;\"><a href=\"http:\/\/www.skuggeco.se\/bloggsession-med-a-non-smoking-generation\/\">http:\/\/www.skuggeco.se\/bloggsession-med-a-non-smoking-generation\/<\/a><\/p>\n","protected":false},"excerpt":{"rendered":"<p>S\u00e5 var det dags f\u00f6r \u00e5rets bloggsession med A Non Smoking Generation p\u00e5 Clarion Hotel, Ringv\u00e4gen i Stockholm. Det visade sig bli ett mycket roligt och intressant evenemang. Jag var ute i god tid och trodde till en b\u00f6rjan att &hellip; <a href=\"http:\/\/www.susannavaris.com\/blogg\/2012\/03\/a-non-smoking-generation-pa-clarion-hotel-2012\/\">Forts\u00e4tt l\u00e4sa <span class=\"meta-nav\">&rarr;<\/span><\/a><\/p>\n","protected":false},"author":1,"featured_media":0,"comment_status":"open","ping_status":"open","sticky":false,"template":"","format":"standard","meta":{"footnotes":""},"categories":[555,1,590,117],"tags":[1481,1100,1479,1478,1483,1480,1487,23,1458,22,743,821,1484,1101,1482,749,1488,1489,1485,1486],"class_list":["post-4696","post","type-post","status-publish","format-standard","hentry","category-events","category-okategoriserade","category-politik","category-vetenskap","tag-1481","tag-a-non-smoking-generation","tag-bloggmote","tag-bloggsession","tag-camilla-naslund","tag-clarion-hotel","tag-dior","tag-gummistovlar","tag-hunters","tag-kate-moss","tag-louis-vuitton","tag-lv","tag-paulina-starborn","tag-rokning","tag-simon-leisjo","tag-skugge-co","tag-smoking","tag-tobacco","tag-tobak","tag-tobaksindustri"],"_links":{"self":[{"href":"http:\/\/www.susannavaris.com\/blogg\/wp-json\/wp\/v2\/posts\/4696","targetHints":{"allow":["GET"]}}],"collection":[{"href":"http:\/\/www.susannavaris.com\/blogg\/wp-json\/wp\/v2\/posts"}],"about":[{"href":"http:\/\/www.susannavaris.com\/blogg\/wp-json\/wp\/v2\/types\/post"}],"author":[{"embeddable":true,"href":"http:\/\/www.susannavaris.com\/blogg\/wp-json\/wp\/v2\/users\/1"}],"replies":[{"embeddable":true,"href":"http:\/\/www.susannavaris.com\/blogg\/wp-json\/wp\/v2\/comments?post=4696"}],"version-history":[{"count":6,"href":"http:\/\/www.susannavaris.com\/blogg\/wp-json\/wp\/v2\/posts\/4696\/revisions"}],"predecessor-version":[{"id":4720,"href":"http:\/\/www.susannavaris.com\/blogg\/wp-json\/wp\/v2\/posts\/4696\/revisions\/4720"}],"wp:attachment":[{"href":"http:\/\/www.susannavaris.com\/blogg\/wp-json\/wp\/v2\/media?parent=4696"}],"wp:term":[{"taxonomy":"category","embeddable":true,"href":"http:\/\/www.susannavaris.com\/blogg\/wp-json\/wp\/v2\/categories?post=4696"},{"taxonomy":"post_tag","embeddable":true,"href":"http:\/\/www.susannavaris.com\/blogg\/wp-json\/wp\/v2\/tags?post=4696"}],"curies":[{"name":"wp","href":"https:\/\/api.w.org\/{rel}","templated":true}]}}