{"id":4727,"date":"2012-03-14T19:43:51","date_gmt":"2012-03-14T18:43:51","guid":{"rendered":"http:\/\/www.susannavaris.com\/blogg\/?p=4727"},"modified":"2012-03-15T18:18:43","modified_gmt":"2012-03-15T17:18:43","slug":"14-mars-2012","status":"publish","type":"post","link":"http:\/\/www.susannavaris.com\/blogg\/2012\/03\/14-mars-2012\/","title":{"rendered":"14 mars 2012"},"content":{"rendered":"<p>Det har varit mycket nu. Som vanligt. N\u00e4stan 12 timmar l\u00e5ng arbetsplatstr\u00e4ff i m\u00e5ndags, inklusive middag efter, design av utst\u00e4llningsaffischen samt l\u00f6nearbete ig\u00e5r och l\u00f6nearbete idag. S\u00e5 h\u00e4r blev utst\u00e4llningsaffischen:<\/p>\n<p><a href=\"http:\/\/www.susannavaris.com\/blogg\/wp-content\/uploads\/2012\/03\/Diamonds-for-Breakfast-dl-2012-poster-big-korr-50.jpg\"><img loading=\"lazy\" decoding=\"async\" class=\"aligncenter size-large wp-image-4732\" title=\"Diamonds for Breakfast dl 2012-poster-big-korr-50\" src=\"http:\/\/www.susannavaris.com\/blogg\/wp-content\/uploads\/2012\/03\/Diamonds-for-Breakfast-dl-2012-poster-big-korr-50-784x1024.jpg\" alt=\"\" width=\"640\" height=\"835\" srcset=\"http:\/\/www.susannavaris.com\/blogg\/wp-content\/uploads\/2012\/03\/Diamonds-for-Breakfast-dl-2012-poster-big-korr-50-784x1024.jpg 784w, http:\/\/www.susannavaris.com\/blogg\/wp-content\/uploads\/2012\/03\/Diamonds-for-Breakfast-dl-2012-poster-big-korr-50-229x300.jpg 229w, http:\/\/www.susannavaris.com\/blogg\/wp-content\/uploads\/2012\/03\/Diamonds-for-Breakfast-dl-2012-poster-big-korr-50.jpg 1207w\" sizes=\"auto, (max-width: 640px) 100vw, 640px\" \/><\/a><\/p>\n<p>&nbsp;<\/p>\n<p style=\"text-align: center;\"><em>Jag beh\u00f6ver rekvisita till utst\u00e4llningen&#8230;hoppas att jag hinner hitta det jag har t\u00e4nkt mig. (M\u00e5ste nog b\u00f6rja skriva lista s\u00e5 att jag kan h\u00e5lla reda p\u00e5 allt.)<\/em><\/p>\n<p style=\"text-align: left;\">Det har varit rena v\u00e5rv\u00e4rmen i drygt en vecka nu, ska det verkligen bli v\u00e5r redan? Jag tror inte riktigt p\u00e5 det. Jag vill minnas att det ofta har h\u00e4nt att v\u00e5ren tagits ut i f\u00f6rskott och sedan brakar vintern loss med full kraft igen&#8230;<\/p>\n<p style=\"text-align: left;\">Idag var ocks\u00e5 mitt f\u00f6rsta pass med min PT p\u00e5 SATS Stureplan&#8230;<\/p>\n<p style=\"text-align: center;\"><a href=\"http:\/\/www.susannavaris.com\/blogg\/wp-content\/uploads\/2012\/03\/120314.jpg\"><img loading=\"lazy\" decoding=\"async\" class=\"aligncenter size-large wp-image-4729\" title=\"120314\" src=\"http:\/\/www.susannavaris.com\/blogg\/wp-content\/uploads\/2012\/03\/120314-1024x768.jpg\" alt=\"\" width=\"640\" height=\"480\" srcset=\"http:\/\/www.susannavaris.com\/blogg\/wp-content\/uploads\/2012\/03\/120314-1024x768.jpg 1024w, http:\/\/www.susannavaris.com\/blogg\/wp-content\/uploads\/2012\/03\/120314-300x225.jpg 300w, http:\/\/www.susannavaris.com\/blogg\/wp-content\/uploads\/2012\/03\/120314.jpg 1408w\" sizes=\"auto, (max-width: 640px) 100vw, 640px\" \/><\/a><em>\u00a0Det fanns en del flashiga tr\u00e4ningskl\u00e4der som jag kanske kommer att sl\u00e5 till p\u00e5&#8230;en tr\u00e4nings-bh vore inte s\u00e5 dum&#8230;och skor m\u00e5ste jag skaffa. Jag h\u00e5ller p\u00e5 att s\u00e4tta ihop ett litet tr\u00e4nings-sminkkit; sm\u00e5 f\u00f6rpackningar och det n\u00f6dv\u00e4ndigaste sminket ifall det beh\u00f6ver sminkas om efter\u00e5t. Mycket fix med det hela&#8230;<\/em><\/p>\n<p style=\"text-align: left;\">Jag fick mig en rundtur i lokalerna d\u00e4r m\u00e4ngder av maskiner och m\u00e4rkliga anordningar med selen och annat tr\u00e4ngdes. Vissa konstruktioner gav mig associationer till mera ljusskygga vuxenlekar, aktiviteter d\u00e4r orden sadism och masochism f\u00f6rekommer&#8230;<\/p>\n<p style=\"text-align: left;\">Med all s\u00e4kerhet finns inte s\u00e5dana \u00f6vningar inplanerade f\u00f6r mig, men en viss dos av mild sadism tyckte jag mig kunna sk\u00f6nja under denna inledande testdag. Mina arma ben! (Jag f\u00f6reslog mastern att man kunde t ex elektrifiera det lilla sn\u00f6re som offret klev \u00f6ver vid en av \u00f6vningarna f\u00f6r att g\u00f6ra det hela mera effektivt.) Men benen hade jag \u00e5tminstone n\u00e5gon styrka i, annat var det med armarna. Nada och noll. Jisses vad det har f\u00f6rsvunnit.<\/p>\n<p style=\"text-align: left;\">Vi identifierade ett antal omr\u00e5den att arbeta med, men en hel del var jag faktiskt redan hyfsat bra i. I testet tittade man t ex p\u00e5 styrka, balans och r\u00f6rlighet f\u00f6r att f\u00e5 underlag f\u00f6r ett bra program. Givetvis definierades m\u00e5ls\u00e4ttningar ocks\u00e5 och f\u00f6r mig \u00e4r det en hel del saker, bl a b\u00e4ttre kondition, \u00f6kad styrka, f\u00f6rhoppningsvis b\u00e4ttre immunf\u00f6rsvar och minskad stress. Jag kommer inte att gr\u00e5ta om jag g\u00e5r ner i vikt, men det \u00e4r inte huvudsyftet. Jag vill m\u00e5 bra, f\u00e5 b\u00e4ttre kondition och bli starkare. Just det, jag fick en hemuppgift ocks\u00e5, en andnings\u00f6vning.<\/p>\n<p style=\"text-align: left;\">Det var j\u00e4tteroligt och jag ser fram emot n\u00e4sta pass redan.<\/p>\n","protected":false},"excerpt":{"rendered":"<p>Det har varit mycket nu. Som vanligt. N\u00e4stan 12 timmar l\u00e5ng arbetsplatstr\u00e4ff i m\u00e5ndags, inklusive middag efter, design av utst\u00e4llningsaffischen samt l\u00f6nearbete ig\u00e5r och l\u00f6nearbete idag. S\u00e5 h\u00e4r blev utst\u00e4llningsaffischen: &nbsp; Jag beh\u00f6ver rekvisita till utst\u00e4llningen&#8230;hoppas att jag hinner hitta &hellip; <a href=\"http:\/\/www.susannavaris.com\/blogg\/2012\/03\/14-mars-2012\/\">Forts\u00e4tt l\u00e4sa <span class=\"meta-nav\">&rarr;<\/span><\/a><\/p>\n","protected":false},"author":1,"featured_media":0,"comment_status":"open","ping_status":"open","sticky":false,"template":"","format":"standard","meta":{"footnotes":""},"categories":[7,1293,3,1162,1,4],"tags":[1278,313,1492,1233,1491,1490,1472,852],"class_list":["post-4727","post","type-post","status-publish","format-standard","hentry","category-egna-verk","category-galleri-t-2","category-konst","category-kultur","category-okategoriserade","category-utstallning","tag-c-o-t-c","tag-curse-of-the-crows","tag-diamonds-for-breakfast","tag-galleri-t","tag-personlig-tranare","tag-pt","tag-sats","tag-traning"],"_links":{"self":[{"href":"http:\/\/www.susannavaris.com\/blogg\/wp-json\/wp\/v2\/posts\/4727","targetHints":{"allow":["GET"]}}],"collection":[{"href":"http:\/\/www.susannavaris.com\/blogg\/wp-json\/wp\/v2\/posts"}],"about":[{"href":"http:\/\/www.susannavaris.com\/blogg\/wp-json\/wp\/v2\/types\/post"}],"author":[{"embeddable":true,"href":"http:\/\/www.susannavaris.com\/blogg\/wp-json\/wp\/v2\/users\/1"}],"replies":[{"embeddable":true,"href":"http:\/\/www.susannavaris.com\/blogg\/wp-json\/wp\/v2\/comments?post=4727"}],"version-history":[{"count":5,"href":"http:\/\/www.susannavaris.com\/blogg\/wp-json\/wp\/v2\/posts\/4727\/revisions"}],"predecessor-version":[{"id":4735,"href":"http:\/\/www.susannavaris.com\/blogg\/wp-json\/wp\/v2\/posts\/4727\/revisions\/4735"}],"wp:attachment":[{"href":"http:\/\/www.susannavaris.com\/blogg\/wp-json\/wp\/v2\/media?parent=4727"}],"wp:term":[{"taxonomy":"category","embeddable":true,"href":"http:\/\/www.susannavaris.com\/blogg\/wp-json\/wp\/v2\/categories?post=4727"},{"taxonomy":"post_tag","embeddable":true,"href":"http:\/\/www.susannavaris.com\/blogg\/wp-json\/wp\/v2\/tags?post=4727"}],"curies":[{"name":"wp","href":"https:\/\/api.w.org\/{rel}","templated":true}]}}